{"id":3071,"date":"2010-09-26T06:03:47","date_gmt":"2010-09-26T06:03:47","guid":{"rendered":"https:\/\/archivioturi.lavocedelpaese.info\/index.php\/2010\/09\/26\/sguardo-alla-settimana-2026-settembre\/"},"modified":"2010-09-26T06:03:47","modified_gmt":"2010-09-26T06:03:47","slug":"sguardo-alla-settimana-2026-settembre","status":"publish","type":"post","link":"https:\/\/archivioturi.lavocedelpaese.info\/index.php\/2010\/09\/26\/sguardo-alla-settimana-2026-settembre\/","title":{"rendered":"SGUARDO ALLA SETTIMANA 20\/26 SETTEMBRE"},"content":{"rendered":"<p><img loading=\"lazy\" decoding=\"async\" class=\" size-full wp-image-1239\" alt=\"Postits\" height=\"150\" width=\"320\" src=\"https:\/\/archivioturi.lavocedelpaese.info\/wp-content\/uploads\/2010\/01\/Postits.jpg\" srcset=\"https:\/\/archivioturi.lavocedelpaese.info\/wp-content\/uploads\/2010\/01\/Postits.jpg 640w, https:\/\/archivioturi.lavocedelpaese.info\/wp-content\/uploads\/2010\/01\/Postits-300x141.jpg 300w\" sizes=\"auto, (max-width: 320px) 100vw, 320px\" \/><\/p>\n<p><span style=\"font-size: 10pt;\"><span style=\"font-family: verdana, geneva;\"><strong>Luned\u00ec 20:<\/strong><\/span><\/span><\/p>\n<p style=\"text-align: justify;\"><span style=\"font-size: 10pt;\"><span style=\"font-family: verdana, geneva;\"><a style=\"color: #980a00; text-decoration: underline;\" href=\"sport\/1877-acqua-amata-intervista-a-mister-moramarco-.html\" target=\"_blank\" rel=\"noopener\">ACQUA AMATA, INTERVISTA A MISTER MORAMARCO<\/a> E\u2019 tornata al lavoro l\u2019Acqua Amata Turi per la nuova stagione e la societ\u00e0 ha confermato la guida tecnica della squadra affidandola a Pasquale Moramarco. Per il terzo anno consecutivo il tecnico altamurano cercher\u00e0 di dare delle soddisfazioni all\u2019ambiente turese, potendo contare sul pieno appoggio della societ\u00e0.<\/span><\/span><\/p>\n<p style=\"text-align: justify;\"><span style=\"font-size: 10pt;\"><span style=\"font-family: verdana, geneva;\"><a style=\"color: #980a00; text-decoration: underline;\" href=\"attualita\/1879-in-strada-si-giocava-cosi-.html\" target=\"_blank\" rel=\"noopener\">IN STRADA \u2026. \u201cSI GIOCAVA COS\u00cc \u2026\u201d<\/a> <span style=\"font-size: 10pt;\"><span style=\"font-family: verdana, geneva;\">Un salto nel passato, ai vecchi giochi di un tempo. In piazza S. Pertini, nelle vicinanze della Villa comunale, ieri mattina, <\/span><\/span><span style=\"font-size: 10pt;\"><span style=\"font-family: verdana, geneva;\">\u201cSi giocava cos\u00ec\u2026\u201d<\/span><\/span><span style=\"font-size: 10pt;\"><span style=\"font-family: verdana, geneva;\">, un\u2019occasione di incontro e di gioco per molti bambini giunti per conoscere e divertirsi con i vecchi giochi di strada. Iniziatori dell\u2019evento, l\u2019<\/span><\/span><span style=\"font-size: 10pt;\"><span style=\"font-family: verdana, geneva;\">Associazione Genitori Turesi<\/span><\/span><span style=\"font-size: 10pt;\"><span style=\"font-family: verdana, geneva;\">, che hanno voluto offrire a tutti i bambini una memoria di quello che era la propria infanzia e il proprio divertimento.<\/span><\/span><\/span><\/span><\/p>\n<p style=\"text-align: justify;\"><span style=\"font-size: 10pt;\"><span style=\"font-family: verdana, geneva;\"><a style=\"color: #980a00; text-decoration: underline;\" href=\"cultura\/1882-24-settembre-concerto-sottosuono.html\" target=\"_blank\" rel=\"noopener\">24 SETTEMBRE: CONCERTO SOTTOSUONO<\/a> In occasione dei festeggiamenti in onore del SS. Crocifisso, di San Pio e dei santi Cosma e Damiano, nella serata del\u00a024 Settembre, dalle ore 20:30 circa, tutti i presenti potranno assistere al concerto dei\u00a0SottoSuono, un gruppo nato dal 2004 e divenuto famoso grazie alla partecipazione in diversi programmi musicali.<\/span><\/span><\/p>\n<p style=\"text-align: justify;\"><span style=\"font-size: 10pt;\"><span style=\"font-family: verdana, geneva;\"><a style=\"color: #980a00; text-decoration: underline;\" href=\"attualita\/1880-celebrazioni-religiose-di-fine-settembre.html\" target=\"_blank\" rel=\"noopener\">CELEBRAZIONI RELIGIOSE DI FINE SETTEMBRE<\/a> La parrocchia\u00a0Maria SS. Ausiliatrice invita la cittadinanza a partecipare ai festeggiamenti in onore del\u00a0SS. Crocifisso, di\u00a0San Pio e dei\u00a0Santi Cosma e Damiano.<\/span><\/span><\/p>\n<p style=\"text-align: justify;\"><span style=\"font-size: 10pt;\"><span style=\"font-family: verdana, geneva;\"><a style=\"color: #980a00; text-decoration: underline;\" href=\"rubriche\/la-voce-del-paese\/1878--a-marinuccio-gli-sfugge-di-mano-sant-oronzo-pronti-i-sostituti.html\" target=\"_blank\" rel=\"noopener\">A MARINUCCIO GLI SFUGGE DI MANO SANT\u2019ORONZO&#8230;<\/a> La satira della settimana.<\/span><\/span><\/p>\n<p style=\"text-align: justify;\"><span style=\"font-size: 10pt;\"><span style=\"font-family: verdana, geneva;\"><a style=\"color: #980a00; text-decoration: underline;\" href=\"cultura\/1883-liberarte-larte-e-trentaquattro.html\">LIBERARTE: L\u2019ARTE E \u201cTRENTAQUATTRO\u201d<\/a> <span style=\"font-size: 10pt;\"><span style=\"font-family: verdana, geneva;\">Via XX settembre ha ospitato nella serata di ieri l\u2019appuntamento \u201c<\/span><\/span><span style=\"font-size: 10pt;\"><span style=\"font-family: verdana, geneva;\">Liberarte<\/span><\/span><span style=\"font-size: 10pt;\"><span style=\"font-family: verdana, geneva;\">\u201d organizzato dall\u2019associazione <\/span><\/span><span style=\"font-size: 10pt;\"><span style=\"font-family: verdana, geneva;\">Sunflower<\/span><\/span><span style=\"font-size: 10pt;\"><span style=\"font-family: verdana, geneva;\">.<\/span><\/span><\/span><\/span><\/p>\n<p style=\"text-align: justify;\"><span style=\"font-size: 10pt;\"><a style=\"color: #980a00; text-decoration: underline;\" href=\"attualita\/1884-la-quiete-pubblica-e-sovrana-.html\" target=\"_blank\" rel=\"noopener\"><span style=\"font-family: verdana, geneva;\">LA QUIETE PUBBLICA REGNA SOVRANA?<\/span><\/a><span style=\"font-family: verdana, geneva;\"> Una delle problematiche visibili nel nostro paese si incentra sulla disponibilit\u00e0 dei locali commerciali di fungere da punti di ritrovo per i giovani e sulla difficolt\u00e0 di realizzare questo importante obiettivo.<\/span><\/span><\/p>\n<p style=\"text-align: justify;\">\u00a0<\/p>\n<p style=\"text-align: justify;\"><span style=\"font-size: small;\"><span style=\"font-size: 10pt;\"><span style=\"font-family: verdana, geneva;\"><strong>Marted\u00ec 21:<\/strong><\/span><\/span><\/span><\/p>\n<p style=\"text-align: justify;\"><span style=\"font-size: 10pt;\"><span style=\"font-family: verdana, geneva;\"><a style=\"color: #980a00; text-decoration: underline;\" href=\"rubriche\/la-voce-del-paese\/1885--soprannomi-turesi-sona-cambene.html\">SOPRANNOMI TURESI: SONA CAMB\u00c9NE\u2026<\/a> Tanti anni fa, ma a volte anche adesso, per capire meglio e individuare prima una persona di cui si stava parlando, bastava dire solamente il suo soprannome\u2026<\/span><\/span><\/p>\n<p style=\"text-align: justify;\"><span style=\"font-size: 10pt;\"><span style=\"font-family: verdana, geneva;\"><a style=\"color: #980a00; text-decoration: underline;\" href=\"politica\/1886-genghi-in-comizio-le-manda-a-dire-a-tutti.html\" target=\"_blank\" rel=\"noopener\">GENGHI IN COMIZIO LE MANDA A DIRE A TUTTI<\/a> Sabato scorso, alle 18.30 circa, si \u00e8 svolto in piazza Silvio Orlandi il comizio di Angelo Genghi sul tema \u201cL\u2019Amministrazione galleggia e Turi sprofonda \u2013 ci\u00f2 che non \u00e8 stato mai detto si dovr\u00e0 sapere\u201d.<\/span><\/span><\/p>\n<p style=\"text-align: justify;\"><span style=\"font-size: 10pt;\"><span style=\"font-family: verdana, geneva;\"><a style=\"color: #980a00; text-decoration: underline;\" href=\"cultura\/1888-incontro-tra-turesi-e-comunita-bangladese.html\" target=\"_blank\" rel=\"noopener\">INCONTRO TRA TURESI E COMUNIT\u00c0 BANGLADESE<\/a> <span style=\"font-size: 10pt;\"><span style=\"font-family: verdana, geneva;\">Un incontro casuale avvenuto lo scorso sabato 18 settembre ha offerto a due ragazzi di Turi l&#8217;occasione per uno scambio culturale tra due realt\u00e0 lontane geograficamente, ma accomunate da uno spirito di nazionalit\u00e0 molto forte. <\/span><\/span><\/span><\/span><\/p>\n<p style=\"text-align: justify;\"><span style=\"font-size: 10pt;\"><span style=\"font-family: verdana, geneva;\"><a style=\"color: #980a00; text-decoration: underline;\" href=\"cronaca\/1887-blitz-gdf-sequestrata-merce-contraffatta.html\" target=\"_blank\" rel=\"noopener\">MERCATO, GDF SEQUESTRA MERCE CONTRAFFATTA<\/a> <span style=\"font-size: 10pt;\"><span style=\"font-family: verdana, geneva;\">Venerd\u00ec scorso, 17 settembre, i militari della <\/span><\/span><span style=\"font-size: 10pt;\"><span style=\"font-family: verdana, geneva;\">Guardia di Finanza di Putignano<\/span><\/span><span style=\"font-size: 10pt;\"><span style=\"font-family: verdana, geneva;\"> hanno effettuato un blitz, durante il mercato settimanale di <\/span><\/span><span style=\"font-size: 10pt;\"><span style=\"font-family: verdana, geneva;\">Turi<\/span><\/span><span style=\"font-size: 10pt;\"><span style=\"font-family: verdana, geneva;\">, sequestrando <\/span><\/span><span style=\"font-size: 10pt;\"><span style=\"font-family: verdana, geneva;\">50 capi d\u2019abbigliamento e accessori moda contraffatti<\/span><\/span><span style=\"font-size: 10pt;\"><span style=\"font-family: verdana, geneva;\">.<\/span><\/span><\/span><\/span><\/p>\n<p style=\"text-align: justify;\"><span style=\"font-size: 10pt;\"><span style=\"font-family: verdana, geneva;\"><a style=\"color: #980a00; text-decoration: underline;\" href=\"attualita\/1889-kyra-kole-infiamma-la-movida-turese.html\" target=\"_blank\" rel=\"noopener\">KYRA KOLE INFIAMMA LA MOVIDA TURESE<\/a> Domenica sera, presso una nota caffetteria locale, \u00e8 stata accolta la sexy star Kyra Kole, ungherese, in occasione dell\u2019Heineken party. Alla serata hanno preso parte tantissime persone, donne e uomini, ma a farsi immortalare con la \u201cbella bionda\u201d ne hanno approfittato solo i ragazzi. Pi\u00f9 che prevedibile.<\/span><\/span><\/p>\n<p style=\"text-align: justify;\">\u00a0<\/p>\n<p style=\"text-align: justify;\"><span style=\"font-size: 10pt;\"><span style=\"font-family: verdana, geneva;\"><strong>Mercoled\u00ec 22:<\/strong><\/span><\/span><\/p>\n<p style=\"text-align: justify;\"><span style=\"font-size: 10pt;\"><span style=\"font-family: verdana, geneva;\"><a style=\"color: #980a00; text-decoration: underline;\" href=\"attualita\/1890-crisi-agricola-stefano-e-boccardi-a-conversano.html\" target=\"_blank\" rel=\"noopener\">CRISI AGRICOLA, STEF\u00c0NO E BOCCARDI A CONVERSANO<\/a> <span style=\"font-size: 10pt;\"><span style=\"font-family: verdana, geneva;\">Lo scorso luned\u00ec l\u2019azienda import-export dei fratelli Di Palma ha ospitato un incontro-dibattito tra l\u2019assessore regionale all\u2019agricoltura <\/span><\/span><span style=\"font-size: 10pt;\"><span style=\"font-family: verdana, geneva;\">Dario Stef\u00e0no<\/span><\/span><span style=\"font-size: 10pt;\"><span style=\"font-family: verdana, geneva;\">, il consigliere regionale <\/span><\/span><span style=\"font-size: 10pt;\"><span style=\"font-family: verdana, geneva;\">Michele Boccardi<\/span><\/span><span style=\"font-size: 10pt;\"><span style=\"font-family: verdana, geneva;\">,<\/span><\/span><span style=\"font-size: 10pt;\"><span style=\"font-family: verdana, geneva;\">Saverio Di Palma<\/span><\/span><span style=\"font-size: 10pt;\"><span style=\"font-family: verdana, geneva;\"> (coordinatore politiche agricole provinciali per l\u2019Udc) ed alcuni rappresentanti di categoria. Oggetto di discussione sono state le difficolt\u00e0 in cui versa l\u2019agricoltura pugliese.<\/span><\/span><\/span><\/span><\/p>\n<p style=\"text-align: justify;\"><a style=\"color: #980a00; text-decoration: underline;\" href=\"politica\/1892-consiglio-comunale-il-27-si-prevedono-scintille.html\" target=\"_blank\" rel=\"noopener\"><span style=\"font-size: 10pt;\"><span style=\"font-family: verdana, geneva;\">CONSIGLIO COMUNALE IL 27. SI PREVEDONO SCINTILLE<\/span><\/span><\/a><\/p>\n<p style=\"text-align: justify;\"><span style=\"font-size: 10pt;\"><span style=\"font-family: verdana, geneva;\"><a style=\"color: #980a00; text-decoration: underline;\" href=\"politica\/1891-gigantelli-ritenta-con-il-settimo-assessorato.html\" target=\"_blank\" rel=\"noopener\">GIGANTELLI RITENTA CON IL SETTIMO ASSESSORATO?<\/a> Che succede in Comune in questi giorni? Il sindaco Gigantelli non doveva, secondo gli esperti di politica nostrana, andare a casa con tutta la sua maggioranza? E Tundo non doveva puntare i piedi se non avesse avuto la carica di vice-sindaco? Niente di tutto ci\u00f2. Tutto fermo.<\/span><\/span><\/p>\n<p style=\"text-align: justify;\"><span style=\"font-size: 10pt;\"><span style=\"font-family: verdana, geneva;\"><a style=\"color: #980a00; text-decoration: underline;\" href=\"attualita\/1893-21-settembre-san-matteo-protettore-della-gdf.html\" target=\"_blank\" rel=\"noopener\">21 SETTEMBRE: SAN MATTEO, PROTETTORE DELLA GDF<\/a> <span style=\"font-size: 10pt;\"><span style=\"font-family: verdana, geneva;\">Come ogni anno il <\/span><\/span><span style=\"font-size: 10pt;\"><span style=\"font-family: verdana, geneva;\">21 Settembre<\/span><\/span><span style=\"font-size: 10pt;\"><span style=\"font-family: verdana, geneva;\"> ricorre la memoria di <\/span><\/span><span style=\"font-size: 10pt;\"><span style=\"font-family: verdana, geneva;\">San Matteo<\/span><\/span><span style=\"font-size: 10pt;\"><span style=\"font-family: verdana, geneva;\">, apostolo ed evangelista, protettore del corpo militare della <\/span><\/span><span style=\"font-size: 10pt;\"><span style=\"font-family: verdana, geneva;\">Guardia di Finanza<\/span><\/span><span style=\"font-size: 10pt;\"><span style=\"font-family: verdana, geneva;\">.<\/span><\/span><\/span><\/span><\/p>\n<p style=\"text-align: justify;\"><span style=\"font-size: 10pt;\"><span style=\"font-family: verdana, geneva;\"><a style=\"color: #980a00; text-decoration: underline;\" href=\"attualita\/1895-sostegno-della-cicerone-alle-iniziative-giovanili.html\" target=\"_blank\" rel=\"noopener\">SOSTEGNO DELLA CICERONE ALLE INIZIATIVE GIOVANILI<\/a> Diverse e continue sono le polemiche che stanno nascendo all\u2019interno del nostro forum e sulle bacheche dei pi\u00f9 comuni social network sulle diverse attivit\u00e0 che interessano i giovani del nostro paese, spesso uniti in associazioni che periodicamente animano la cittadina con attivit\u00e0 o manifestazioni varie.<\/span><\/span><\/p>\n<p style=\"text-align: justify;\"><span style=\"font-size: 10pt;\"><span style=\"font-family: verdana, geneva;\"><a style=\"color: #980a00; text-decoration: underline;\" href=\"cronaca\/1894-refurtiva-per-300-mila-euro-denunciata-una-persona.html\" target=\"_blank\" rel=\"noopener\">REFURTIVA AGRICOLA PER 300 MILA EURO. UNA DENUNCIA<\/a> Da tempo i Carabinieri della Stazione di Casamassima erano sulle tracce di un ricettatore di attrezzature agricole ed edilizie e ieri sono riusciti a individuarlo e a scovare il deposito.<\/span><\/span><\/p>\n<p style=\"text-align: justify;\"><span style=\"font-size: 10pt;\"><span style=\"font-family: verdana, geneva;\"><br \/><\/span><\/span><\/p>\n<p style=\"text-align: justify;\"><span style=\"font-size: 10pt;\"><span style=\"font-family: verdana, geneva;\"><strong>Gioved\u00ec 23:<\/strong><\/span><\/span><\/p>\n<p style=\"text-align: justify;\"><span style=\"font-size: 10pt;\"><span style=\"font-family: verdana, geneva;\"><a style=\"color: #980a00; text-decoration: underline;\" href=\"rubriche\/la-voce-del-paese\/1897-lettera-aperta-per-ringraziare.html\" target=\"_blank\" rel=\"noopener\">UNITALSI, LETTERA APERTA DI RINGRAZIAMENTO<\/a> Riceviamo e Pubblichiamo.<\/span><\/span><\/p>\n<p style=\"text-align: justify;\"><span style=\"font-size: 10pt;\"><span style=\"font-family: verdana, geneva;\"><a style=\"color: #980a00; text-decoration: underline;\" href=\"attualita\/1896-lunitalsi-di-turi-a-rutigliano.html\" target=\"_blank\" rel=\"noopener\">L\u2019UNITALSI DI TURI A RUTIGLIANO<\/a> <span style=\"font-size: 10pt;\"><span style=\"font-family: verdana, geneva;\">Si \u00e8 concluso domenica 19 settembre un appuntamento ormai entrato nella tradizione per Rutigliano e per i paesi limitrofi. Come apertura alla stagione Autunnale, la Sagra dell\u2019Uva richiama numerosi turisti e gli appassionati delle feste e delle sagre paesane. Tra gli stand organizzati ad accogliere i visitatori, nelle serate del 18 e del 19, c&#8217;era anche una piccola rappresentanza del gruppo <\/span><\/span><span style=\"font-size: 10pt;\"><span style=\"font-family: verdana, geneva;\">UNITALSI di Turi<\/span><\/span><span style=\"font-size: 10pt;\"><span style=\"font-family: verdana, geneva;\">.<\/span><\/span><\/span><\/span><\/p>\n<p style=\"text-align: justify;\"><span style=\"font-size: 10pt;\"><span style=\"font-family: verdana, geneva;\"><a target=\"_blank\" href=\"attualita\/1899-312-borse-di-studio-per-gli-studenti-di-turi.html\" style=\"color: #980a00; text-decoration: underline;\" rel=\"noopener\">312 BORSE DI STUDIO PER GLI STUDENTI DI TURI<\/a> Il<span style=\"font-size: 10pt;\"><span style=\"font-family: verdana, geneva;\"> comune di Turi ha ammesso <\/span><\/span><span style=\"font-size: 10pt;\"><span style=\"font-family: verdana, geneva;\">312<\/span><\/span><span style=\"font-size: 10pt;\"><span style=\"font-family: verdana, geneva;\"> \u201c<\/span><\/span><span style=\"font-size: 10pt;\"><span style=\"font-family: verdana, geneva;\">Borse di studio per l\u2019anno scolastico 2009\/2010<\/span><\/span><span style=\"font-size: 10pt;\"><span style=\"font-family: verdana, geneva;\">\u201d. Con la delibera di G.C. n. 107 ha approvato inoltre le due fasce di reddito per i soggetti beneficiari, in favore degli alunni della Scuola Primaria e delle Scuole Secondarie di 1\u00b0 e 2\u00b0 grado.<\/span><\/span><\/span><\/span><\/p>\n<p style=\"text-align: justify;\"><span style=\"font-size: 10pt;\"><span style=\"font-family: verdana, geneva;\"><a target=\"_blank\" href=\"attualita\/1900-a-scanzano-lapofruit-festeggia-turi-temporeggia.html\" style=\"color: #980a00; text-decoration: underline;\" rel=\"noopener\">A SCANZANO L\u2019APOFRUIT FESTEGGIA. TURI? TEMPOREGGIA<\/a> A Scanzano, sulla parte ionica della Basilicata, domenica 19 settembre si \u00e8 svolta la festa di compleanno dell\u2019Apofruit nel sud della penisola.<\/span><\/span><\/p>\n<p style=\"text-align: justify;\">\u00a0<\/p>\n<p style=\"text-align: justify;\"><span style=\"font-size: 10pt;\"><span style=\"font-family: verdana, geneva;\"><strong>Venerd\u00ec 24:<\/strong><\/span><\/span><\/p>\n<p style=\"text-align: justify;\"><span style=\"font-size: 10pt;\"><span style=\"font-family: verdana, geneva;\"><a target=\"_blank\" href=\"sport\/1902-graziano-coppi-possiamo-vincere-il-campionatoq.html\" style=\"color: #980a00; text-decoration: underline;\" rel=\"noopener\">GRAZIANO COPPI: \u201dPOSSIAMO VINCERE IL CAMPIONATO&#8221;<\/a> Dopo le note vicende di quest\u2019estate, la Villa Menelao si appresta ad iniziare la nuova stagione in serie C con alcune novit\u00e0 importanti. La guida tecnica \u00e8 stata affidata a Graziano Coppi, turese doc, che ha gi\u00e0 fatto una esperienza nel volley turese, allenando, per\u00f2, la femminile.<\/span><\/span><\/p>\n<p style=\"text-align: justify;\"><span style=\"font-size: 10pt;\"><span style=\"font-family: verdana, geneva;\"><a target=\"_blank\" href=\"cronaca\/1903-due-casi-di-emblematico-senso-civico.html\" style=\"color: #980a00; text-decoration: underline;\" rel=\"noopener\">DUE CASI DI EMBLEMATICO SENSO CIVICO<\/a> Come di consueto il venerd\u00ec mattina cerchiamo di darvi le notizie di cronaca che interessano il nostro paese. Questa settimana, invece, avendo gi\u00e0 dato ampio spazio a tristi episodi di furto e sequestri, vi rendiamo partecipi di due episodi che hanno visto protagonisti sei ragazzi minorenni.<\/span><\/span><\/p>\n<p style=\"text-align: justify;\"><span style=\"font-size: 10pt;\"><span style=\"font-family: verdana, geneva;\"><a target=\"_blank\" href=\"attualita\/1904-il-comune-si-oppone-al-reclamo-dei-residenti-via-noci.html\" style=\"color: #980a00; text-decoration: underline;\" rel=\"noopener\">COMUNE SI OPPONE AL RECLAMO RESIDENTI VIA NOCI<\/a> Continua la lunga battaglia delle famiglie residenti nelle traverse di via Noci.<\/span><\/span><\/p>\n<p style=\"text-align: justify;\"><span style=\"font-size: 10pt;\"><span style=\"font-family: verdana, geneva;\"><a target=\"_blank\" href=\"cultura\/1905-nuovo-incontro-con-lassociazione-genitori-turesi.html\" style=\"color: #980a00; text-decoration: none;\" rel=\"noopener\">NUOVO INCONTRO CON L\u2019ASS. GENITORI TURESI<\/a> Dopo il successo della manifestazione \u201cSi giocava cos\u00ec\u2026\u201d organizzata dall\u2019Associazione Genitori Turesi, in tanti, tra bambini ed adulti hanno richiedono un nuovo appuntamento all\u2019insegna del gioco e della riscoperta del legame familiare.<\/span><\/span><\/p>\n<p style=\"text-align: justify;\"><span style=\"font-size: 10pt;\"><span style=\"font-family: verdana, geneva;\"><a target=\"_blank\" href=\"sport\/1908-acqua-amata-arrivano-meccariello-scisci-e-lupo.html\" style=\"color: #980a00; text-decoration: underline;\" rel=\"noopener\">ACQUA AMATA, ARRIVANO MECCARIELLO, SCISCI E LUPO<\/a> Tre giovanissimi volti nuovi in casa Acqua Amata Turi per completare l\u2019organico a disposizoione di mister Pasquale Moramarco per il prossimo campionato di serie B2 femminile. Si tratta di Paola Meccariello, Francesca Scisci e Dalila Lupo.<\/span><\/span><\/p>\n<p style=\"text-align: justify;\"><span style=\"font-size: 10pt;\"><span style=\"font-family: verdana, geneva;\"><a target=\"_blank\" href=\"sport\/1909-quando-una-sconfitta-vale-quanto-una-vittoria.html\" style=\"color: #980a00; text-decoration: underline;\" rel=\"noopener\">QUANDO UNA SCONFITTA VALE QUANTO UNA VITTORIA<\/a> A volte una sconfitta pu\u00f2 essere positiva quanto una vittoria. E\u2019 il caso del risultato finale dell\u2019amichevole che l\u2019Acqua Amata Turi ha disputato gioved\u00ec sera sul campo dell\u2019Aspav Valenzano, formazione che il prossimo anno disputer\u00e0 il campionato di serie B1. <\/span><\/span><\/p>\n<p style=\"text-align: justify;\"><span style=\"font-size: 10pt;\"><span style=\"font-family: verdana, geneva;\"><a target=\"_blank\" href=\"attualita\/1906-tina-a-quomini-e-donneq-per-corteggiare-andrea.html\" style=\"color: #980a00; text-decoration: underline;\" rel=\"noopener\">TINA A &#8220;UOMINI E DONNE&#8221; PER CORTEGGIARE ANDREA<\/a> La notizia era stata tenuta all\u2019oscuro dall\u2019interessata e da noi della redazione di Turiweb, per rispetto della trasmissione televisiva \u201cUomini e donne\u201d di Canale 5.<\/span><\/span><\/p>\n<p style=\"text-align: justify;\"><span style=\"font-size: 10pt;\"><span style=\"font-family: verdana, geneva;\"><a target=\"_blank\" href=\"attualita\/1907-bambola-ramona-.html\" style=\"color: #980a00; text-decoration: underline;\" rel=\"noopener\">FANS IMPAZZITI PER L&#8217;ARRIVO DI BAMBOLA RAMONA<\/a> Ennesimo boom di presenze presso una nota caffetteria turese per l\u2019arrivo del quarto ospite VIP nel mese di settembre. Stavolta \u00e8 toccato a Bambola Ramona essere la reginetta della serata.<\/span><\/span><\/p>\n<p style=\"text-align: justify;\">\u00a0<\/p>\n<p style=\"text-align: justify;\"><span style=\"font-size: 10pt;\"><span style=\"font-family: verdana, geneva;\"><strong>Sabato 25:<\/strong><\/span><\/span><\/p>\n<p style=\"text-align: justify;\"><span style=\"font-size: 10pt;\"><span style=\"font-family: verdana, geneva;\"><a style=\"color: #980a00; text-decoration: underline;\" href=\"politica\/1910-totaro-voglio-far-collaborare-lopposizione.html\" target=\"_blank\" rel=\"noopener\">TOTARO: \u201cVOGLIO FAR COLLABORARE L\u2019OPPOSIZIONE\u201d<\/a> Abbiamo intervistato l\u2019assessore alle politiche abitative, occupazionali, formazione al lavoro, aree cimiteriali e al funzionamento degli organi consiliari: il sig. Vito Totaro.<\/span><\/span><\/p>\n<p style=\"text-align: justify;\"><span style=\"font-size: 10pt;\"><span style=\"font-family: verdana, geneva;\"><a style=\"color: #980a00; text-decoration: underline;\" href=\"cultura\/1911-100-bambini-per-la-festa-dei-lettori.html\" target=\"_blank\" rel=\"noopener\">150 BAMBINI PER LA FESTA DEI LETTORI<\/a> <span style=\"font-size: 10pt;\"><span style=\"font-family: verdana, geneva;\">Circa 150 bambini hanno accolto questa mattina, presso la Biblioteca Comunale di Turi, <\/span><\/span><span style=\"font-size: 10pt;\"><span style=\"font-family: verdana, geneva;\">Manlio Triggiani<\/span><\/span><span style=\"font-size: 10pt;\"><span style=\"font-family: verdana, geneva;\">, giunto per la <\/span><\/span><span style=\"font-size: 10pt;\"><span style=\"font-family: verdana, geneva;\">Festa dei Lettori<\/span><\/span><span style=\"font-size: 10pt;\"><span style=\"font-family: verdana, geneva;\">.<\/span><\/span><\/span><\/span><\/p>\n<h2 style=\"padding-bottom: 0px; margin-top: 0px; margin-right: -15px; margin-bottom: 10px; margin-left: -15px; font-weight: normal; line-height: 21px; font-size: 18px; color: #980a00; padding-top: 10px; padding-right: 15px; padding-left: 15px;\"><\/h2>\n","protected":false},"excerpt":{"rendered":"<p><img loading=\"lazy\" decoding=\"async\" class=\" size-full wp-image-1239\" alt=\"Postits\" height=\"150\" width=\"320\" src=\"https:\/\/archivioturi.lavocedelpaese.info\/wp-content\/uploads\/2010\/01\/Postits.jpg\" srcset=\"https:\/\/archivioturi.lavocedelpaese.info\/wp-content\/uploads\/2010\/01\/Postits.jpg 640w, https:\/\/archivioturi.lavocedelpaese.info\/wp-content\/uploads\/2010\/01\/Postits-300x141.jpg 300w\" sizes=\"auto, (max-width: 320px) 100vw, 320px\" \/><\/p>\n","protected":false},"author":1,"featured_media":1239,"comment_status":"open","ping_status":"closed","sticky":false,"template":"","format":"standard","meta":{"colormag_page_container_layout":"default_layout","colormag_page_sidebar_layout":"default_layout","footnotes":""},"categories":[9],"tags":[],"class_list":["post-3071","post","type-post","status-publish","format-standard","has-post-thumbnail","hentry","category-la-voce-del-paese"],"_links":{"self":[{"href":"https:\/\/archivioturi.lavocedelpaese.info\/index.php\/wp-json\/wp\/v2\/posts\/3071","targetHints":{"allow":["GET"]}}],"collection":[{"href":"https:\/\/archivioturi.lavocedelpaese.info\/index.php\/wp-json\/wp\/v2\/posts"}],"about":[{"href":"https:\/\/archivioturi.lavocedelpaese.info\/index.php\/wp-json\/wp\/v2\/types\/post"}],"author":[{"embeddable":true,"href":"https:\/\/archivioturi.lavocedelpaese.info\/index.php\/wp-json\/wp\/v2\/users\/1"}],"replies":[{"embeddable":true,"href":"https:\/\/archivioturi.lavocedelpaese.info\/index.php\/wp-json\/wp\/v2\/comments?post=3071"}],"version-history":[{"count":0,"href":"https:\/\/archivioturi.lavocedelpaese.info\/index.php\/wp-json\/wp\/v2\/posts\/3071\/revisions"}],"wp:featuredmedia":[{"embeddable":true,"href":"https:\/\/archivioturi.lavocedelpaese.info\/index.php\/wp-json\/wp\/v2\/media\/1239"}],"wp:attachment":[{"href":"https:\/\/archivioturi.lavocedelpaese.info\/index.php\/wp-json\/wp\/v2\/media?parent=3071"}],"wp:term":[{"taxonomy":"category","embeddable":true,"href":"https:\/\/archivioturi.lavocedelpaese.info\/index.php\/wp-json\/wp\/v2\/categories?post=3071"},{"taxonomy":"post_tag","embeddable":true,"href":"https:\/\/archivioturi.lavocedelpaese.info\/index.php\/wp-json\/wp\/v2\/tags?post=3071"}],"curies":[{"name":"wp","href":"https:\/\/api.w.org\/{rel}","templated":true}]}}