{"id":3057,"date":"2010-09-22T06:05:00","date_gmt":"2010-09-22T06:05:00","guid":{"rendered":"https:\/\/archivioturi.lavocedelpaese.info\/index.php\/2010\/09\/22\/gigantelli-ritenta-con-il-settimo-assessorato\/"},"modified":"2010-09-22T06:05:00","modified_gmt":"2010-09-22T06:05:00","slug":"gigantelli-ritenta-con-il-settimo-assessorato","status":"publish","type":"post","link":"https:\/\/archivioturi.lavocedelpaese.info\/index.php\/2010\/09\/22\/gigantelli-ritenta-con-il-settimo-assessorato\/","title":{"rendered":"GIGANTELLI  RITENTA CON IL SETTIMO ASSESSORATO?"},"content":{"rendered":"<p><img loading=\"lazy\" decoding=\"async\" class=\" size-full wp-image-721\" src=\"https:\/\/archivioturi.lavocedelpaese.info\/wp-content\/uploads\/2009\/11\/sindaco-gigantelli.jpg\" width=\"320\" height=\"150\" alt=\"sindaco-gigantelli\" \/> <\/p>\n<p style=\"text-align: justify;\"><span style=\"font-size: 10pt;\"><span style=\"font-family: verdana, geneva;\">Che succede in Comune in questi giorni? Il sindaco Gigantelli non doveva, secondo gli esperti di politica nostrana, andare a casa con tutta la sua maggioranza? E Tundo non doveva puntare i piedi se non avesse avuto la carica di vice-sindaco? Niente di tutto ci\u00f2. Tutto fermo. In stand-by. In attesa forse che Tundo, prima o poi, \u00a0si convinca che la carica di vice-sindaco non valga certo una caduta dell\u2019Amministrazione Gigantelli.<\/span><\/span><\/p>\n<p style=\"text-align: justify;\"><span style=\"font-size: 10pt;\"><span style=\"font-family: verdana, geneva;\">Il fatto \u00e8 che questo aspettare assomiglia ad un lento e triste stillicidio e, ahim\u00e8 ahinoi, questo ping pong farcito di noia, questo cosiddetto gioco delle deleghe fanno s\u00ec che ci si dimentichi che si sta in Comune anche (o soprattutto?) per amministrare.<\/span><\/span><\/p>\n<p style=\"text-align: justify;\"><span style=\"font-size: 10pt;\"><span style=\"font-family: verdana, geneva;\">E poi tanti, troppi errori commessi dal Sindaco. Con o senza fortuna, nella buona e nella cattiva sorte. Un esempio per tutti: Giacomo Valentini, gi\u00e0 privato dell\u2019assessorato all\u2019agricoltura, si \u00e8 visto negare anche la delega al \u2018verde pubblico\u2019, dopo aver potato e \u2018pulito\u2019 tutti gli spazi verdi. E intanto si va avanti \u2018a p\u00eccche e a ripicche\u2019 e a \u2018l\u00ecsce, rib\u00f9ss e liscebb\u00f9ss.\u2019 Fino a quando? Finch\u00e8 il sindaco abbia un\u2019idea. E sembra che (era ora!) l\u2019idea ce l\u2019abbia e si sia illuminato il volto di Gigantelli.<\/span><\/span><\/p>\n<p style=\"text-align: justify;\"><span style=\"font-size: 10pt;\"><span style=\"font-family: verdana, geneva;\">Pare che al sindaco stia venendo l\u2019dea di ributtare nella mischia \u00a0l\u2019assessore con la \u2018A\u2019 maiuscola, Antonio Tateo, se Tundo dovesse finire per mettersi, sua sponte, fuori dalla giunta. In quel caso potrebbe entrare anche un altro: il settimo assessore. E \u00a0avrebbe le sembianze di Modesto Cazzetta.<\/span><\/span><\/p>\n","protected":false},"excerpt":{"rendered":"<p><img loading=\"lazy\" decoding=\"async\" class=\" size-full wp-image-721\" src=\"https:\/\/archivioturi.lavocedelpaese.info\/wp-content\/uploads\/2009\/11\/sindaco-gigantelli.jpg\" width=\"320\" height=\"150\" alt=\"sindaco-gigantelli\" \/> <\/p>\n","protected":false},"author":1,"featured_media":721,"comment_status":"open","ping_status":"closed","sticky":false,"template":"","format":"standard","meta":{"colormag_page_container_layout":"default_layout","colormag_page_sidebar_layout":"default_layout","footnotes":""},"categories":[4],"tags":[],"class_list":["post-3057","post","type-post","status-publish","format-standard","has-post-thumbnail","hentry","category-politica"],"_links":{"self":[{"href":"https:\/\/archivioturi.lavocedelpaese.info\/index.php\/wp-json\/wp\/v2\/posts\/3057","targetHints":{"allow":["GET"]}}],"collection":[{"href":"https:\/\/archivioturi.lavocedelpaese.info\/index.php\/wp-json\/wp\/v2\/posts"}],"about":[{"href":"https:\/\/archivioturi.lavocedelpaese.info\/index.php\/wp-json\/wp\/v2\/types\/post"}],"author":[{"embeddable":true,"href":"https:\/\/archivioturi.lavocedelpaese.info\/index.php\/wp-json\/wp\/v2\/users\/1"}],"replies":[{"embeddable":true,"href":"https:\/\/archivioturi.lavocedelpaese.info\/index.php\/wp-json\/wp\/v2\/comments?post=3057"}],"version-history":[{"count":0,"href":"https:\/\/archivioturi.lavocedelpaese.info\/index.php\/wp-json\/wp\/v2\/posts\/3057\/revisions"}],"wp:featuredmedia":[{"embeddable":true,"href":"https:\/\/archivioturi.lavocedelpaese.info\/index.php\/wp-json\/wp\/v2\/media\/721"}],"wp:attachment":[{"href":"https:\/\/archivioturi.lavocedelpaese.info\/index.php\/wp-json\/wp\/v2\/media?parent=3057"}],"wp:term":[{"taxonomy":"category","embeddable":true,"href":"https:\/\/archivioturi.lavocedelpaese.info\/index.php\/wp-json\/wp\/v2\/categories?post=3057"},{"taxonomy":"post_tag","embeddable":true,"href":"https:\/\/archivioturi.lavocedelpaese.info\/index.php\/wp-json\/wp\/v2\/tags?post=3057"}],"curies":[{"name":"wp","href":"https:\/\/api.w.org\/{rel}","templated":true}]}}