{"id":3054,"date":"2010-09-21T11:42:57","date_gmt":"2010-09-21T11:42:57","guid":{"rendered":"https:\/\/archivioturi.lavocedelpaese.info\/index.php\/2010\/09\/21\/kyra-kole-infiamma-la-movida-turese\/"},"modified":"2010-09-21T11:42:57","modified_gmt":"2010-09-21T11:42:57","slug":"kyra-kole-infiamma-la-movida-turese","status":"publish","type":"post","link":"https:\/\/archivioturi.lavocedelpaese.info\/index.php\/2010\/09\/21\/kyra-kole-infiamma-la-movida-turese\/","title":{"rendered":"KYRA KOLE INFIAMMA LA MOVIDA TURESE"},"content":{"rendered":"<p><img loading=\"lazy\" decoding=\"async\" class=\" size-full wp-image-3053\" alt=\"100_7647\" height=\"150\" width=\"320\" src=\"https:\/\/archivioturi.lavocedelpaese.info\/wp-content\/uploads\/2010\/09\/100_7647.jpg\" srcset=\"https:\/\/archivioturi.lavocedelpaese.info\/wp-content\/uploads\/2010\/09\/100_7647.jpg 640w, https:\/\/archivioturi.lavocedelpaese.info\/wp-content\/uploads\/2010\/09\/100_7647-300x141.jpg 300w\" sizes=\"auto, (max-width: 320px) 100vw, 320px\" \/> <\/p>\n<p style=\"text-align: justify;\"><span style=\"font-size: 10pt;\">Domenica sera, presso una nota caffetteria locale, \u00e8 stata accolta la sexy star Kyra Kole, ungherese, in occasione dell\u2019Heineken party. Alla serata hanno preso parte tantissime persone, donne e uomini, ma a farsi immortalare con la \u201cbella bionda\u201d ne hanno approfittato solo i ragazzi. Pi\u00f9 che prevedibile. <\/span><\/p>\n<p><span style=\"font-size: 10pt;\"> <\/span><\/p>\n<p style=\"text-align: justify;\"><strong><span style=\"font-size: 10pt;\">Bella da mozzare il fiato e infinitamente sensuale, i suoi show infiammano i night italiani e spopolano nelle disco. Stesso risultato l\u2019ha ottenuto a Turi pur non aprendo bocca<\/span><\/strong><span style=\"font-size: 10pt;\">.<\/span><\/p>\n<p><span style=\"font-size: 10pt;\"> <\/span><\/p>\n<p style=\"text-align: justify;\"><span style=\"font-size: 10pt;\">La Kole si \u00e8 lasciata andare fin da subito quasi fosse su un set fotografico, ammiccando alle telecamere e rispondendo con piacere ai flash dei curiosi. \u00c8 anche salita sul bancone del bar, suscitanto tanti \u201cooooh\u201d ad ogni suo movimento, ed infine \u00e8 anche salita in piedi a m\u00f2 di cubista, accompagnata dalle simpaticissime dipendenti del locale.<\/span><\/p>\n<p><span style=\"font-size: 10pt;\"> <\/span><\/p>\n<p style=\"text-align: justify;\"><span style=\"font-size: 10pt;\">Prima di scrivere questo articolo avevamo intenzione di presentare l\u2019ospite che ha infiammato il weekend. Abbiamo cercato strenuamente di capire chi fosse, cosa avesse fatto nella vita eccetera, ma \u00e8 stato difficile trovare notizie a riguardo. Piuttosto, grazie ad una intervista pubblicata su Tekila.it, possiamo spendere qualche parola in pi\u00f9 sulla ballerina del programma \u201c<\/span><strong><span style=\"font-size: 10pt;\">Ciao Darwin<\/span><\/strong><span style=\"font-size: 10pt;\">\u201d. La riportiamo in basso.<\/span><\/p>\n<p><span style=\"font-size: 10pt;\"> <\/span><\/p>\n<p style=\"text-align: justify;\"><span style=\"font-size: 10pt;\">E\u2019 arrivata in Italia a soli 19 anni al seguito di un illusionista. \u201cHo iniziato a sfilare e posare per servizi fotografici, quindi le esibizioni nei locali &#8211; racconta &#8211; Ho preso casa a Roma, ma in realt\u00e0 ero sempre in giro per alberghi. Da sola\u2026\u00bb Gi\u00e0, da sola. \u00abPerch\u00e9 &#8211; spiega &#8211; non \u00e8 facile trovare la persona giusta, che non ti giudichi soltanto per l\u2019aspetto fisico o per il lavoro che fai. Per molti uomini sono soltanto una ragazza straniera che ha usato il suo corpo per fare soldi. Ma &#8211; precisa &#8211; non \u00e8 cos\u00ec. Se ho preso certe decisioni \u00e8 per aiutare la mia famiglia che vive ancora in Ungheria.\u201d <\/span><\/p>\n<p><span style=\"font-size: 13px;\">Aggressiva e provocante di notte. Dolce e sensibile di giorno. I due volti della magiara che si prepara a posare per un calendario che rappresenta la metafora della sua vita: una storia vera, Kyra Kole. Dodici mesi in cui la provocante ballerina racconta con disarmante sincerit\u00e0 il suo percorso carico di ambizioni e aspettative. Dodici scatti nella splendida location della Solfatara di Pozzuoli che immortalano passato, presente e futuro di una delle sexystar pi\u00f9 ambite del panorama nazionale. \u201cPotrei ancora sfruttare il mio corpo e la mia immagine per guadagnare facilmente, ma sono stufa di essere vista in un solo modo. C\u2019\u00e8 tanta, troppa ipocrisia in giro. Soprattutto nel mondo della notte &#8211; sottolinea &#8211; Gente sbagliata che bazzica i club. Persone insospettabili, come politici, professionisti, che di giorno mostrano tutt\u2019altra faccia. Magari hanno mogli e fidanzate a casa e poi si presentano, di sera, con mazzi di fiori, lettere sdolcinate e limousine. Solo per uno scopo\u2026\u201d<\/span><\/p>\n<div style=\"text-align: justify;\"><span style=\"font-size: 13px;\">Kyra Kole \u00e8 pronta a darci un taglio. \u201cChe cosa voglio davvero dalla vita? Felicit\u00e0. Pi\u00f9 d\u2019ogni altra cosa. Mi manca una persona che sappia rispettarmi.\u201d L\u2019uomo ideale? \u201cCon gli attributi, maturo e che si assuma le proprie responsabilit\u00e0, perch\u00e9 ho un carattere forte, deciso, dovuto al fatto che ho sempre vissuto da sola.\u201d La sensuale ungherese prova a ridisegnare la propria immagine. E lo fa attraverso un calendario in cui esprime i suoi desideri che sar\u00e0 lanciato a febbraio con la rivista Vip Mese.<\/span><\/div>\n<div style=\"text-align: justify;\"><span style=\"font-size: 10pt;\"><br \/><\/span><\/div>\n<div style=\"text-align: justify;\"><span style=\"font-size: small;\"><span style=\"font-size: 10pt;\">Ecco la <\/span><strong><span style=\"font-size: 10pt;\">fotogallery<\/span><\/strong><span style=\"font-size: 10pt;\"> della serata.<\/span><\/span><\/div>\n<p>\u00a0<\/p>\n<p><object data=\"http:\/\/picasaweb.google.it\/s\/c\/bin\/slideshow.swf\" type=\"application\/x-shockwave-flash\" height=\"400\" width=\"600\"><param name=\"flashvars\" value=\"host=picasaweb.google.it&amp;hl=it&amp;feat=flashalbum&amp;RGB=0x000000&amp;feed=http%3A%2F%2Fpicasaweb.google.it%2Fdata%2Ffeed%2Fapi%2Fuser%2Fredazioneturiweb%2Falbumid%2F5519331168008108145%3Falt%3Drss%26kind%3Dphoto%26hl%3Dit\" \/><param name=\"src\" value=\"http:\/\/picasaweb.google.it\/s\/c\/bin\/slideshow.swf\" \/><\/object><\/p>\n","protected":false},"excerpt":{"rendered":"<p><img loading=\"lazy\" decoding=\"async\" class=\" size-full wp-image-3053\" alt=\"100_7647\" height=\"150\" width=\"320\" src=\"https:\/\/archivioturi.lavocedelpaese.info\/wp-content\/uploads\/2010\/09\/100_7647.jpg\" srcset=\"https:\/\/archivioturi.lavocedelpaese.info\/wp-content\/uploads\/2010\/09\/100_7647.jpg 640w, https:\/\/archivioturi.lavocedelpaese.info\/wp-content\/uploads\/2010\/09\/100_7647-300x141.jpg 300w\" sizes=\"auto, (max-width: 320px) 100vw, 320px\" \/> <\/p>\n","protected":false},"author":1,"featured_media":3053,"comment_status":"open","ping_status":"closed","sticky":false,"template":"","format":"standard","meta":{"colormag_page_container_layout":"default_layout","colormag_page_sidebar_layout":"default_layout","footnotes":""},"categories":[7],"tags":[],"class_list":["post-3054","post","type-post","status-publish","format-standard","has-post-thumbnail","hentry","category-attualita"],"_links":{"self":[{"href":"https:\/\/archivioturi.lavocedelpaese.info\/index.php\/wp-json\/wp\/v2\/posts\/3054","targetHints":{"allow":["GET"]}}],"collection":[{"href":"https:\/\/archivioturi.lavocedelpaese.info\/index.php\/wp-json\/wp\/v2\/posts"}],"about":[{"href":"https:\/\/archivioturi.lavocedelpaese.info\/index.php\/wp-json\/wp\/v2\/types\/post"}],"author":[{"embeddable":true,"href":"https:\/\/archivioturi.lavocedelpaese.info\/index.php\/wp-json\/wp\/v2\/users\/1"}],"replies":[{"embeddable":true,"href":"https:\/\/archivioturi.lavocedelpaese.info\/index.php\/wp-json\/wp\/v2\/comments?post=3054"}],"version-history":[{"count":0,"href":"https:\/\/archivioturi.lavocedelpaese.info\/index.php\/wp-json\/wp\/v2\/posts\/3054\/revisions"}],"wp:featuredmedia":[{"embeddable":true,"href":"https:\/\/archivioturi.lavocedelpaese.info\/index.php\/wp-json\/wp\/v2\/media\/3053"}],"wp:attachment":[{"href":"https:\/\/archivioturi.lavocedelpaese.info\/index.php\/wp-json\/wp\/v2\/media?parent=3054"}],"wp:term":[{"taxonomy":"category","embeddable":true,"href":"https:\/\/archivioturi.lavocedelpaese.info\/index.php\/wp-json\/wp\/v2\/categories?post=3054"},{"taxonomy":"post_tag","embeddable":true,"href":"https:\/\/archivioturi.lavocedelpaese.info\/index.php\/wp-json\/wp\/v2\/tags?post=3054"}],"curies":[{"name":"wp","href":"https:\/\/api.w.org\/{rel}","templated":true}]}}