{"id":3047,"date":"2010-09-21T07:44:43","date_gmt":"2010-09-21T07:44:43","guid":{"rendered":"https:\/\/archivioturi.lavocedelpaese.info\/index.php\/2010\/09\/21\/genghi-in-comizio-le-manda-a-dire-a-tutti\/"},"modified":"2010-09-21T07:44:43","modified_gmt":"2010-09-21T07:44:43","slug":"genghi-in-comizio-le-manda-a-dire-a-tutti","status":"publish","type":"post","link":"https:\/\/archivioturi.lavocedelpaese.info\/index.php\/2010\/09\/21\/genghi-in-comizio-le-manda-a-dire-a-tutti\/","title":{"rendered":"GENGHI IN COMIZIO LE MANDA A DIRE A TUTTI"},"content":{"rendered":"<p><img loading=\"lazy\" decoding=\"async\" class=\" alignleft size-full wp-image-3046\" height=\"150\" width=\"320\" src=\"https:\/\/archivioturi.lavocedelpaese.info\/wp-content\/uploads\/2010\/09\/GENGHI_COMIZIO.jpg\" alt=\"GENGHI_COMIZIO\" style=\"margin: 2px; float: left;\" srcset=\"https:\/\/archivioturi.lavocedelpaese.info\/wp-content\/uploads\/2010\/09\/GENGHI_COMIZIO.jpg 640w, https:\/\/archivioturi.lavocedelpaese.info\/wp-content\/uploads\/2010\/09\/GENGHI_COMIZIO-300x141.jpg 300w\" sizes=\"auto, (max-width: 320px) 100vw, 320px\" \/> <\/p>\n<p style=\"text-align: justify;\"><span style=\"font-size: 10pt;\">Sabato scorso, alle 18.30 circa, si \u00e8 svolto in piazza Silvio Orlandi il comizio di Angelo Genghi sul tema \u201cL\u2019Amministrazione galleggia e Turi sprofonda \u2013 ci\u00f2 che non \u00e8 stato mai detto si dovr\u00e0 sapere\u201d.<\/span><\/p>\n<p><span style=\"font-size: 10pt;\"> <\/span><\/p>\n<p style=\"text-align: justify;\"><span style=\"font-size: 10pt;\">Ad assistere un centinaio di persone che per circa un\u2019ora e trenta hanno ascoltato quello che il rappresentante de La Destra locale aveva da dire.<\/span><\/p>\n<p><span style=\"font-size: 10pt;\"> <\/span><\/p>\n<p style=\"text-align: justify;\"><span style=\"font-size: 10pt;\">Genghi ha fatto un lungo excursus sulle questioni di politica nazionale, rivolgendo l\u2019attenzione alle alleanze del centro destra e alla posizione del Presidente della Camera, Gianfranco Fini, la questione meridionale e la scomparsa della vera destra in Italia, ormai rappresentata solo dal partito di Storace di cui lui \u00e8 fieramente sostenitore.<\/span><\/p>\n<p><span style=\"font-size: 10pt;\"> <\/span><\/p>\n<p style=\"text-align: justify;\"><span style=\"font-size: 10pt;\">Ma tornando alla politica locale, quella che interessa al nostro sito, Genghi ha affrontato diversi argomenti.<\/span><\/p>\n<p><span style=\"font-size: 10pt;\"> <\/span><\/p>\n<p style=\"text-align: justify;\"><span style=\"font-size: 10pt;\">Innanzitutto ha spiegato i motivi per cui ad ogni tornata elettorale <\/span><strong><span style=\"font-size: 10pt;\">le amministrazioni che si sono avvicendate \u201cnon sono mai state rivotate, ma rivoltate\u201d<\/span><\/strong><span style=\"font-size: 10pt;\">. Ha analizzato alcune parti del programma della lista \u201cTuri del cuore\u201d capeggiata dall\u2019attuale Sindaco, e le \u201cbugie\u201d con cui essa ha convinto gli elettori\u00a0 ad essere votata.<\/span><\/p>\n<p><span style=\"font-size: 10pt;\"> <\/span><\/p>\n<p style=\"text-align: justify;\"><span style=\"font-size: 10pt;\">Inoltre ha contestato \u201cla <\/span><strong><span style=\"font-size: 10pt;\">perseveranza del Sindaco a dare fiducia ad una maggioranza che nell\u2019atto delle dimissioni aveva descritto come irresponsabile<\/span><\/strong><span style=\"font-size: 10pt;\">\u201d.<\/span><\/p>\n<p><span style=\"font-size: 10pt;\"> <\/span><\/p>\n<p style=\"text-align: justify;\"><span style=\"font-size: 10pt;\">Ha parlato del\u2019incapacit\u00e0 dell\u2019attuale classe politica di dirigere sapientemente gli uffici comunali, che fanno il bello e il cattivo tempo \u201csu al Comune\u201d.<\/span><\/p>\n<p><span style=\"font-size: 10pt;\"> <\/span><\/p>\n<p style=\"text-align: justify;\"><span style=\"font-size: 10pt;\">Ha fatto un esempio di <\/span><strong><span style=\"font-size: 10pt;\">spreco di denaro pubblico<\/span><\/strong><span style=\"font-size: 10pt;\">: \u201c40mila euro destinati alla manutenzione della pubblica illuminazione, che purtroppo lascia ancora irrisolta la questione di molti lampioni situati in via XX Settembre non funzionanti da almeno due mesi\u201d. Ha contestato la spesa di 15mila euro annui per il ruolo della Segretaria Comunale, a suo modo di vedere, \u00a0\u201cinutile\u201d.<\/span><\/p>\n<p><span style=\"font-size: 10pt;\"> <\/span><\/p>\n<p style=\"text-align: justify;\"><span style=\"font-size: 10pt;\">Poi \u00e8 passato alla questione dei <\/span><strong><span style=\"font-size: 10pt;\">BOC <\/span><\/strong><span style=\"font-size: 10pt;\">(Buoni Obbligazionali Comunali). Di fatto solo Angelo Genghi e Natalino Ventrella, consigliere comunale di opposizione, hanno da ridire su questa operazione di prestito comunale, e contestano la scelta che ha\u00a0 visto un risparmio \u201cfortunoso\u201d grazie alla situazione finanziaria mondiale. Ha rimarcato l\u2019irresponsabilit\u00e0 dell\u2019ex Sindaco De Grisantis di aver guidato questa operazione, costata 700mila euro di surplus rispetto ai precedenti mutui, cifra utile ad estinguerli e a trasformarli negli attuali BOC.<\/span><\/p>\n<p><span style=\"font-size: 10pt;\"> <\/span><\/p>\n<p style=\"text-align: justify;\"><span style=\"font-size: 10pt;\">Ha poi riportato l\u2019attenzione su <\/span><strong><span style=\"font-size: 10pt;\">temi di attualit\u00e0<\/span><\/strong><span style=\"font-size: 10pt;\"> quale la disastrosa situazione delle strade, quello della villa comunale, ove parecchi alberi rischiano di seccare, il brutto stato di manutenzione del Carro di Sant\u2019Oronzo, il cui ultimo restauro risale al 1977, l\u2019urbanizzazione selvaggia cominciata con De Grisantis e tutt\u2019ora in pieno svolgimento. Riferendosi proprio agli oneri di urbanizzazione rivenenti dalle concessioni edilizie, Genghi ha chiesto pubblicamente come siano stato spesi\u00a0 i circa 3,5 milioni di euro non utilizzati per pareggiare i bilanci degli anni scorsi.<\/span><\/p>\n<p><span style=\"font-size: 10pt;\"> <\/span><\/p>\n<p style=\"text-align: justify;\"><span style=\"font-size: 10pt;\">Ha trattato anche il tema scottante dei <\/span><strong><span style=\"font-size: 10pt;\">beni immobili<\/span><\/strong><span style=\"font-size: 10pt;\"> in disuso della nostra comunit\u00e0. Ha parlato di un accordo tra l\u2019ex sindaco De Grisantis e il Senatore Coppi, il quale si sarebbe impegnato a ristrutturare l\u2019area dell\u2019ex macello e l\u2019area circostante di Lama GIotta, in cambio della cessione del rudere dell\u2019ospedale di via Conversano. Tuttavia, pare che questi sia poi venuto meno a tale patto in quanto presso l\u2019ospedale sono stati riscontrati vincoli idrogeologici dall\u2019Autorit\u00e0 di Bacino. Quindi ha avanzato delle titubanze sulla regolarit\u00e0 e trasparenza dell\u2019operazione, \u201ctenuta all\u2019oscuro dagli ultimi due Sindaci\u201d.<\/span><\/p>\n<p><span style=\"font-size: 10pt;\"> <\/span><\/p>\n<p style=\"text-align: justify;\"><span style=\"font-size: 10pt;\">Per concludere, <\/span><strong><span style=\"font-size: 10pt;\">ha invitato il Sindaco a dimettersi<\/span><\/strong><span style=\"font-size: 10pt;\"> e ha fatto dei chiari riferimenti alla prossima campagna elettorale, esortando vivamente i cittadini a non rivotare coloro che secondo lui sono stati incapaci di amministrare la cosa pubblica negli ultimi vent\u2019anni.<\/span><\/p>\n","protected":false},"excerpt":{"rendered":"<p><img loading=\"lazy\" decoding=\"async\" class=\" alignleft size-full wp-image-3046\" height=\"150\" width=\"320\" src=\"https:\/\/archivioturi.lavocedelpaese.info\/wp-content\/uploads\/2010\/09\/GENGHI_COMIZIO.jpg\" alt=\"GENGHI_COMIZIO\" style=\"margin: 2px; float: left;\" srcset=\"https:\/\/archivioturi.lavocedelpaese.info\/wp-content\/uploads\/2010\/09\/GENGHI_COMIZIO.jpg 640w, https:\/\/archivioturi.lavocedelpaese.info\/wp-content\/uploads\/2010\/09\/GENGHI_COMIZIO-300x141.jpg 300w\" sizes=\"auto, (max-width: 320px) 100vw, 320px\" \/> <\/p>\n","protected":false},"author":1,"featured_media":3046,"comment_status":"open","ping_status":"closed","sticky":false,"template":"","format":"standard","meta":{"colormag_page_container_layout":"default_layout","colormag_page_sidebar_layout":"default_layout","footnotes":""},"categories":[4],"tags":[],"class_list":["post-3047","post","type-post","status-publish","format-standard","has-post-thumbnail","hentry","category-politica"],"_links":{"self":[{"href":"https:\/\/archivioturi.lavocedelpaese.info\/index.php\/wp-json\/wp\/v2\/posts\/3047","targetHints":{"allow":["GET"]}}],"collection":[{"href":"https:\/\/archivioturi.lavocedelpaese.info\/index.php\/wp-json\/wp\/v2\/posts"}],"about":[{"href":"https:\/\/archivioturi.lavocedelpaese.info\/index.php\/wp-json\/wp\/v2\/types\/post"}],"author":[{"embeddable":true,"href":"https:\/\/archivioturi.lavocedelpaese.info\/index.php\/wp-json\/wp\/v2\/users\/1"}],"replies":[{"embeddable":true,"href":"https:\/\/archivioturi.lavocedelpaese.info\/index.php\/wp-json\/wp\/v2\/comments?post=3047"}],"version-history":[{"count":0,"href":"https:\/\/archivioturi.lavocedelpaese.info\/index.php\/wp-json\/wp\/v2\/posts\/3047\/revisions"}],"wp:featuredmedia":[{"embeddable":true,"href":"https:\/\/archivioturi.lavocedelpaese.info\/index.php\/wp-json\/wp\/v2\/media\/3046"}],"wp:attachment":[{"href":"https:\/\/archivioturi.lavocedelpaese.info\/index.php\/wp-json\/wp\/v2\/media?parent=3047"}],"wp:term":[{"taxonomy":"category","embeddable":true,"href":"https:\/\/archivioturi.lavocedelpaese.info\/index.php\/wp-json\/wp\/v2\/categories?post=3047"},{"taxonomy":"post_tag","embeddable":true,"href":"https:\/\/archivioturi.lavocedelpaese.info\/index.php\/wp-json\/wp\/v2\/tags?post=3047"}],"curies":[{"name":"wp","href":"https:\/\/api.w.org\/{rel}","templated":true}]}}