{"id":303,"date":"2009-08-30T14:11:44","date_gmt":"2009-08-30T14:11:44","guid":{"rendered":"https:\/\/archivioturi.lavocedelpaese.info\/index.php\/2009\/08\/30\/scatti-e-parole-di-chi-non-ha-voce\/"},"modified":"2009-08-30T14:11:44","modified_gmt":"2009-08-30T14:11:44","slug":"scatti-e-parole-di-chi-non-ha-voce","status":"publish","type":"post","link":"https:\/\/archivioturi.lavocedelpaese.info\/index.php\/2009\/08\/30\/scatti-e-parole-di-chi-non-ha-voce\/","title":{"rendered":"SCATTI E PAROLE DI CHI NON HA VOCE"},"content":{"rendered":"<p><img loading=\"lazy\" decoding=\"async\" class=\" size-full wp-image-301\" alt=\"sportellimariaaf\" src=\"https:\/\/archivioturi.lavocedelpaese.info\/wp-content\/uploads\/2009\/08\/sportellimariaaf.jpg\" height=\"156\" width=\"320\" srcset=\"https:\/\/archivioturi.lavocedelpaese.info\/wp-content\/uploads\/2009\/08\/sportellimariaaf.jpg 410w, https:\/\/archivioturi.lavocedelpaese.info\/wp-content\/uploads\/2009\/08\/sportellimariaaf-300x146.jpg 300w\" sizes=\"auto, (max-width: 320px) 100vw, 320px\" \/> <\/p>\n<p><\/p>\n<p style=\"text-align: justify;\"><img loading=\"lazy\" decoding=\"async\" class=\" alignleft size-full wp-image-302\" style=\"float: left;\" alt=\"mostrasportelli1\" src=\"https:\/\/archivioturi.lavocedelpaese.info\/wp-content\/uploads\/2009\/08\/mostrasportelli1.jpg\" height=\"600\" width=\"450\" srcset=\"https:\/\/archivioturi.lavocedelpaese.info\/wp-content\/uploads\/2009\/08\/mostrasportelli1.jpg 450w, https:\/\/archivioturi.lavocedelpaese.info\/wp-content\/uploads\/2009\/08\/mostrasportelli1-225x300.jpg 225w\" sizes=\"auto, (max-width: 450px) 100vw, 450px\" \/>Si chiude domenica 30 agosto la terza tappa della prima edizione della mostra fotografica itinerante \u201c<strong>L\u2019altra faccia dell\u2019Afghanistan<\/strong>\u201d.<\/p>\n<div style=\"text-align: justify;\"><\/div>\n<div style=\"text-align: justify;\"><\/div>\n<p style=\"text-align: justify;\">Dopo i comuni di Castellana Grotte e Conversano, la manifestazione \u00e8 giunta nel nostro comune presso la Piazza SS. Annunziata. Nella serata del 29, si \u00e8 svolto il convegno \u201c<strong>I diritti negati a Sud del Mondo e le Libert\u00e0 d\u2019Informazione<\/strong>\u201d.<\/p>\n<div style=\"text-align: justify;\"><\/div>\n<div style=\"text-align: justify;\"><\/div>\n<p style=\"text-align: justify;\">All\u2019incontro hanno partecipato l\u2019Ass. alla Cultura e Comunicazione A. Tateo, il Sindaco E. Gigantelli e la giornalista <strong>Maria Sportelli<\/strong>, responsabile della comunicazione della Cooperativa Edizionimedia. L\u2019evento \u00e8 patrocinato\u00a0 dalla Regione Puglia, Assessorato al Mediterraneo; dalla Provincia di Bari, Assessorato al Turismo e Cultura; dal Comando Scuole A.M.\/3a R.A.; nonch\u00e9 dai Comuni di Castellana Grotte, Conversano, Turi, Polignano a Mare, Alberobello, Monopoli, Modugno e Bitetto.<\/p>\n<div style=\"text-align: justify;\"><\/div>\n<div style=\"text-align: justify;\"><\/div>\n<p style=\"text-align: justify;\">Un piccolo imprevisto ha impedito di partecipare all\u2019evento Amira Abu Amra, presidente della Comunit\u00e0 dei palestinesi di Puglia e Basilicata, e Gino Locaputo, giornalista e scrittore che ha raccolto in prima persona momenti e situazioni nel territorio Palestinese.<\/p>\n<div style=\"text-align: justify;\"><\/div>\n<div style=\"text-align: justify;\"><\/div>\n<p style=\"text-align: justify;\">La mostra, spiega l\u2019organizzatrice M. Sportelli, nasce dall\u2019incontro col Colonnello dell\u2019Aereonautica Francesco Crocitto, il quale ha portato a casa l\u2019esperienza di una missione di pace nella terra dove i diritti delle donne sono calpestati.<\/p>\n<div style=\"text-align: justify;\"><\/div>\n<div style=\"text-align: justify;\"><\/div>\n<p style=\"text-align: justify;\">Gli scatti che hanno \u201cabbellito\u201d la nostra piazza, compiuti proprio dai militari italiani, mostrano solo in parte il degrado e le condizioni alle quali sono soggette le donne. Le loro immagini, coperte e nascoste da un burka, le violenze che sono costrette a subire se non vestono secondo le regole Talebane, le frustate in pubblico alle quali sono soggette se non hanno le caviglie coperte e i tanti divieti che le umiliano e le obbligano a non avere identit\u00e0 e diritti sono mostrati in queste foto.<\/p>\n<div style=\"text-align: justify;\"><\/div>\n<p style=\"text-align: justify;\">Il fine della mostra per\u00f2, sottolinea la giornalista, non \u00e8 solo quello di mostrare una condizione che affligge l\u2019Afghanistan, piuttosto \u00e8 di raccontare una storia che noi non conosciamo, ma che possiamo apprendere e iniziare a scoprire e che \u00e8 la realt\u00e0 vista dagli occhi dei militari italiani. La loro presenza che non si esaurisce nell\u2019attivit\u00e0 prettamente militare, bens\u00ec che diventa fondamentale per impedire che la violenza e i maltrattamenti continuino a verificarsi.<\/p>\n<div style=\"text-align: justify;\"><\/div>\n<p style=\"text-align: justify;\">La speranza, come ha esposto anche il sindaco, \u00e8 che un giorno anche loro possano scoprire i loro occhi, offrire al mondo la propria voce e raccontare a tutti la loro esperienza non pi\u00f9 nascoste e taciute, ma da esseri umani, da donne.<\/p>\n","protected":false},"excerpt":{"rendered":"<p><img loading=\"lazy\" decoding=\"async\" class=\" size-full wp-image-301\" alt=\"sportellimariaaf\" src=\"https:\/\/archivioturi.lavocedelpaese.info\/wp-content\/uploads\/2009\/08\/sportellimariaaf.jpg\" height=\"156\" width=\"320\" srcset=\"https:\/\/archivioturi.lavocedelpaese.info\/wp-content\/uploads\/2009\/08\/sportellimariaaf.jpg 410w, https:\/\/archivioturi.lavocedelpaese.info\/wp-content\/uploads\/2009\/08\/sportellimariaaf-300x146.jpg 300w\" sizes=\"auto, (max-width: 320px) 100vw, 320px\" \/> <\/p>\n","protected":false},"author":1,"featured_media":301,"comment_status":"open","ping_status":"closed","sticky":false,"template":"","format":"standard","meta":{"colormag_page_container_layout":"default_layout","colormag_page_sidebar_layout":"default_layout","footnotes":""},"categories":[7],"tags":[],"class_list":["post-303","post","type-post","status-publish","format-standard","has-post-thumbnail","hentry","category-attualita"],"_links":{"self":[{"href":"https:\/\/archivioturi.lavocedelpaese.info\/index.php\/wp-json\/wp\/v2\/posts\/303","targetHints":{"allow":["GET"]}}],"collection":[{"href":"https:\/\/archivioturi.lavocedelpaese.info\/index.php\/wp-json\/wp\/v2\/posts"}],"about":[{"href":"https:\/\/archivioturi.lavocedelpaese.info\/index.php\/wp-json\/wp\/v2\/types\/post"}],"author":[{"embeddable":true,"href":"https:\/\/archivioturi.lavocedelpaese.info\/index.php\/wp-json\/wp\/v2\/users\/1"}],"replies":[{"embeddable":true,"href":"https:\/\/archivioturi.lavocedelpaese.info\/index.php\/wp-json\/wp\/v2\/comments?post=303"}],"version-history":[{"count":0,"href":"https:\/\/archivioturi.lavocedelpaese.info\/index.php\/wp-json\/wp\/v2\/posts\/303\/revisions"}],"wp:featuredmedia":[{"embeddable":true,"href":"https:\/\/archivioturi.lavocedelpaese.info\/index.php\/wp-json\/wp\/v2\/media\/301"}],"wp:attachment":[{"href":"https:\/\/archivioturi.lavocedelpaese.info\/index.php\/wp-json\/wp\/v2\/media?parent=303"}],"wp:term":[{"taxonomy":"category","embeddable":true,"href":"https:\/\/archivioturi.lavocedelpaese.info\/index.php\/wp-json\/wp\/v2\/categories?post=303"},{"taxonomy":"post_tag","embeddable":true,"href":"https:\/\/archivioturi.lavocedelpaese.info\/index.php\/wp-json\/wp\/v2\/tags?post=303"}],"curies":[{"name":"wp","href":"https:\/\/api.w.org\/{rel}","templated":true}]}}