{"id":2981,"date":"2010-09-15T06:03:32","date_gmt":"2010-09-15T06:03:32","guid":{"rendered":"https:\/\/archivioturi.lavocedelpaese.info\/index.php\/2010\/09\/15\/e-tina-loiotila-la-coordinatrice-turese-di-io-sud\/"},"modified":"2010-09-15T06:03:32","modified_gmt":"2010-09-15T06:03:32","slug":"e-tina-loiotila-la-coordinatrice-turese-di-io-sud","status":"publish","type":"post","link":"https:\/\/archivioturi.lavocedelpaese.info\/index.php\/2010\/09\/15\/e-tina-loiotila-la-coordinatrice-turese-di-io-sud\/","title":{"rendered":"TINA LOIOTILA COORDINATRICE TURESE DI \u2018IO SUD\u2019"},"content":{"rendered":"<p><img loading=\"lazy\" decoding=\"async\" class=\" size-full wp-image-2980\" alt=\"loiotila\" height=\"150\" width=\"160\" src=\"https:\/\/archivioturi.lavocedelpaese.info\/wp-content\/uploads\/2010\/09\/loiotila.jpg\" \/><\/p>\n<p style=\"text-align: justify;\"><span style=\"font-size: 10pt;\"> <\/span><\/p>\n<p style=\"text-align: justify;\"><span style=\"font-size: 13px; font-family: verdana, geneva;\">Tina Loiotila, nata a Turi il 28 settembre del 1968 e laureata in Scienze religiose, \u00e8 la coordinatrice cittadina del partito \u201cIO SUD\u201d che fa capo all\u2019ex sindaco di Lecce, Adriana Poli Bortone. E\u2019 sposata con Antonio Dell\u2019Aera e ha due figlie di 19 e 17 anni. Collabora nell\u2019azienda vivaistica del marito, occupandosi dell\u2019area amministrativa.<\/span><\/p>\n<p style=\"text-align: justify;\"><span style=\"font-size: 10pt;\"><span style=\"font-family: verdana, geneva;\">Ricordiamo che la Loiotila si \u00e8 presentata alle ultime elezioni regionali ricevendo 294 preferenze.<\/span><\/span><\/p>\n<p style=\"text-align: justify;\"><span style=\"font-size: 10pt;\"><span style=\"font-family: verdana, geneva;\">\u201cIn questo momento politico \u2013 ci ha dichiarato \u00a0&#8211; sia a livello nazionale che locale c&#8217;\u00e8 una grande confusione; il mio partito sta crescendo piano piano a livello territoriale, ed \u00e8 e sar\u00e0 sempre a difesa del Sud.<\/span><\/span><\/p>\n<p style=\"text-align: justify;\"><span style=\"font-size: 13px; font-family: verdana, geneva;\">Vorrei invitare \u2013 conclude &#8211; tutti coloro che sono interessati a tale crescita, a tesserarsi entro il 30 settembre 2010.\u201d<\/span><\/p>\n<p><span style=\"font-size: 13px; font-family: verdana, geneva;\">Con l\u2019altro componente di spicco del partito, il dottor De Novellis, \u00e8 alla ricerca di un locale da adibire a sede di \u2018IO SUD\u2019. \u201cMi metto a disposizione di tutti coloro che vorranno aderire al mio partito e anticipatamente ringrazio.\u201d<\/span><\/p>\n<div style=\"text-align: justify;\"><\/div>\n","protected":false},"excerpt":{"rendered":"<p><img loading=\"lazy\" decoding=\"async\" class=\" size-full wp-image-2980\" alt=\"loiotila\" height=\"150\" width=\"160\" src=\"https:\/\/archivioturi.lavocedelpaese.info\/wp-content\/uploads\/2010\/09\/loiotila.jpg\" \/><\/p>\n<p style=\"text-align: justify;\"><span style=\"font-size: 10pt;\"> <\/span><\/p>\n","protected":false},"author":1,"featured_media":2980,"comment_status":"open","ping_status":"closed","sticky":false,"template":"","format":"standard","meta":{"colormag_page_container_layout":"default_layout","colormag_page_sidebar_layout":"default_layout","footnotes":""},"categories":[4],"tags":[],"class_list":["post-2981","post","type-post","status-publish","format-standard","has-post-thumbnail","hentry","category-politica"],"_links":{"self":[{"href":"https:\/\/archivioturi.lavocedelpaese.info\/index.php\/wp-json\/wp\/v2\/posts\/2981","targetHints":{"allow":["GET"]}}],"collection":[{"href":"https:\/\/archivioturi.lavocedelpaese.info\/index.php\/wp-json\/wp\/v2\/posts"}],"about":[{"href":"https:\/\/archivioturi.lavocedelpaese.info\/index.php\/wp-json\/wp\/v2\/types\/post"}],"author":[{"embeddable":true,"href":"https:\/\/archivioturi.lavocedelpaese.info\/index.php\/wp-json\/wp\/v2\/users\/1"}],"replies":[{"embeddable":true,"href":"https:\/\/archivioturi.lavocedelpaese.info\/index.php\/wp-json\/wp\/v2\/comments?post=2981"}],"version-history":[{"count":0,"href":"https:\/\/archivioturi.lavocedelpaese.info\/index.php\/wp-json\/wp\/v2\/posts\/2981\/revisions"}],"wp:featuredmedia":[{"embeddable":true,"href":"https:\/\/archivioturi.lavocedelpaese.info\/index.php\/wp-json\/wp\/v2\/media\/2980"}],"wp:attachment":[{"href":"https:\/\/archivioturi.lavocedelpaese.info\/index.php\/wp-json\/wp\/v2\/media?parent=2981"}],"wp:term":[{"taxonomy":"category","embeddable":true,"href":"https:\/\/archivioturi.lavocedelpaese.info\/index.php\/wp-json\/wp\/v2\/categories?post=2981"},{"taxonomy":"post_tag","embeddable":true,"href":"https:\/\/archivioturi.lavocedelpaese.info\/index.php\/wp-json\/wp\/v2\/tags?post=2981"}],"curies":[{"name":"wp","href":"https:\/\/api.w.org\/{rel}","templated":true}]}}