{"id":2947,"date":"2010-09-11T13:00:29","date_gmt":"2010-09-11T13:00:29","guid":{"rendered":"https:\/\/archivioturi.lavocedelpaese.info\/index.php\/2010\/09\/11\/e-biagio-elefante-le-suono-a-tutti-su-turiweb\/"},"modified":"2010-09-11T13:00:29","modified_gmt":"2010-09-11T13:00:29","slug":"e-biagio-elefante-le-suono-a-tutti-su-turiweb","status":"publish","type":"post","link":"https:\/\/archivioturi.lavocedelpaese.info\/index.php\/2010\/09\/11\/e-biagio-elefante-le-suono-a-tutti-su-turiweb\/","title":{"rendered":"E BIAGIO ELEFANTE LE \u2018SUON\u00d2&#8217; A TUTTI SU TURIWEB"},"content":{"rendered":"<p><img loading=\"lazy\" decoding=\"async\" class=\" size-full wp-image-2946\" src=\"https:\/\/archivioturi.lavocedelpaese.info\/wp-content\/uploads\/2010\/09\/biagio_elefante.jpg\" width=\"320\" height=\"150\" alt=\"biagio_elefante\" srcset=\"https:\/\/archivioturi.lavocedelpaese.info\/wp-content\/uploads\/2010\/09\/biagio_elefante.jpg 640w, https:\/\/archivioturi.lavocedelpaese.info\/wp-content\/uploads\/2010\/09\/biagio_elefante-300x141.jpg 300w\" sizes=\"auto, (max-width: 320px) 100vw, 320px\" \/> <\/p>\n<p style=\"text-align: justify;\"><span style=\"font-size: 10pt;\"><span style=\"font-family: verdana, geneva;\">Intervistare Elefante non \u00e8 semplice. Appena intuisce la domanda, parte con un fiume di parole e si ferma solo se gli tappi la bocca a mani aperte. I concetti scorrono veloci e, per rendere leggibile il tutto, si devono usare le forbici in maniera drastica. Partiamo dalle domande sull\u2019agricoltura. Ci conosciamo da sempre, il \u2018tu\u2019 \u00e8 d\u2019obbligo.<\/span><\/span><\/p>\n<p style=\"text-align: justify;\"><strong><span style=\"font-size: 10pt;\"><span style=\"font-family: verdana, geneva;\">Dalla Comunit\u00e0 europea 21 milioni di euro per la filiera cerasicola di Bisceglie. Mentre a Turi neanche un marchio. Siamo figli di un \u2018dio minore\u2019?<\/span><\/span><\/strong><\/p>\n<p style=\"text-align: justify;\"><span style=\"font-size: 10pt;\"><span style=\"font-family: verdana, geneva;\">\u201cHo letto la notizia sulla Gazzetta e parlo in generale senza sapere le vere finalit\u00e0 dell\u2019arrivo di questa somma. Intanto penso che abbiano avuto questi soldi, in quanto stanno in mezzo dei politicanti burocrati sindacali. Questi soldi non sono solo per l\u2019attivit\u00e0 cerasicola ma anche per l\u2019ortofrutticola e credo che i cerasicoltori non avranno niente. La cosa importante \u00e8 che la ciliegia di Turi \u00e8 migliore e viene pagata di pi\u00f9. Con questo non voglio sminuire il fatto che hanno avuto questi soldi che per\u00f2 servono soltanto ad ingrassare una burocrazia parassitaria.\u201d<\/span><\/span><\/p>\n<p style=\"text-align: justify;\"><strong><span style=\"font-size: 10pt;\"><span style=\"font-family: verdana, geneva;\">Percoche attaccate dalla \u2018tignola\u2019. Ciliegie spaccate e senza marchio. Momentaccio per i nostri prodotti agricoli.<\/span><\/span><\/strong><\/p>\n<p style=\"text-align: justify;\"><span style=\"font-size: 10pt;\"><span style=\"font-family: verdana, geneva;\">\u201cQuesta delle percoche \u00e8 una sciagura. Con l\u2019aggravante che le calamit\u00e0 non vengono pi\u00f9 riconosciute. Mentre la calamit\u00e0 continua ad esistere in alcuni paesi del Piemonte, Veneto \u00a0e Liguria. E questo per la presenza di Zaia al ministero.\u201d<\/span><\/span><\/p>\n<p style=\"text-align: justify;\"><strong><span style=\"font-size: 10pt;\"><span style=\"font-family: verdana, geneva;\">Ti sembra giusto non avere un assessore all\u2019agricoltura?<\/span><\/span><\/strong><\/p>\n<p style=\"text-align: justify;\"><span style=\"font-size: 10pt;\"><span style=\"font-family: verdana, geneva;\">\u201cIninfluente la sua presenza in caso di calamit\u00e0. Ininfluente anche il\u00a0 Comune di Turi, determinanti invece la Regione e il Ministero.\u201d<\/span><\/span><\/p>\n<p style=\"text-align: justify;\"><strong><span style=\"font-size: 10pt;\"><span style=\"font-family: verdana, geneva;\">Un altro argomento. Terminate le feste dedicate a sant\u2019Oronzo. Volevo sapere il tuo parere sui fuochi d\u2019artificio che tanti danni apportano senza portare del bene al paese di Turi.<\/span><\/span><\/strong><\/p>\n<p style=\"text-align: justify;\"><span style=\"font-size: 10pt;\"><span style=\"font-family: verdana, geneva;\">\u201cLa gente va a farsi una scampagnata ma se la potrebbe fare a prescindere dai fuochi. Una cosa \u00e8 la bellezza del disegno che pu\u00f2 essere apprezzato anche dai bambini, una cosa \u00e8 il rumore esagerato che \u00e8 da bandire. Poi i fuochi fanno danni ai fondi confinanti sporcandoli. I fuochi poi non apportano nessun valore aggiunto a Turi dal punto di vista economico. Pericolosissimo poi \u00e8 il pallone aerostatico: un vero e proprio attentato alla sicurezza pubblica, perch\u00e9 non si sa mai dove potrebbe cadere\u2026\u201d<\/span><\/span><\/p>\n<p style=\"text-align: justify;\"><strong><span style=\"font-size: 10pt;\"><span style=\"font-family: verdana, geneva;\">Secondo te qual \u00e8 stata la peggiore Giunta dell\u2019ultimo ventennio?<\/span><\/span><\/strong><\/p>\n<p style=\"text-align: justify;\"><span style=\"font-size: 10pt;\"><span style=\"font-family: verdana, geneva;\">\u201cQuella di De Grisantis \u00a0ha fatto pi\u00f9 danni delle altre con migliaia di \u00a0appartamenti che hanno determinato la distruzione della circonferenza di Turi a causa di un caos viario senza precedenti: un vero e proprio labirinto. Tutti quanti sono responsabili dal <\/span><\/span><strong><span style=\"font-size: 10pt;\"><span style=\"font-family: verdana, geneva;\">\u201993<\/span><\/span><\/strong><span style=\"font-size: 10pt;\"><span style=\"font-family: verdana, geneva;\"> in poi per non aver realizzato un Piano regolatore.\u201d<\/span><\/span><\/p>\n<p style=\"text-align: justify;\"><strong><span style=\"font-size: 10pt;\"><span style=\"font-family: verdana, geneva;\">Ci sar\u00e0 l\u2019abbattimento dell\u2019 ospedale-rudere di Turi. E ora chi glielo dice a Vito Donato Valentini?<\/span><\/span><\/strong><\/p>\n<p style=\"text-align: justify;\"><span style=\"font-size: 10pt;\"><span style=\"font-family: verdana, geneva;\">\u201cDopo tutto quello che hanno speso per piazzare il pronto soccorso, che fanno, lo abbattono? E con quale obiettivo\u2026? Per fare degli alloggi di edilizia sovvenzionata. Significa che non pagano gli alti costi di costruzione al Comune e poi vendono gli appartamenti a prezzo normale, e non a prezzi bassi.\u201d<\/span><\/span><\/p>\n<p style=\"text-align: justify;\"><strong><span style=\"font-size: 10pt;\"><span style=\"font-family: verdana, geneva;\">Se la maggioranza \u00e8 spaccata, l\u2019opposizione \u00e8 a fette. A proposito di quest\u2019ultima, cosa dire di un\u2019opposizione che non si oppone?<\/span><\/span><\/strong><\/p>\n<p style=\"text-align: justify;\"><span style=\"font-size: 10pt;\"><span style=\"font-family: verdana, geneva;\">\u201cE quando mai a Turi le opposizioni si oppongono? L\u2019unico che ha fatto qualcosa \u00e8 stato Franco Petrera che, non a caso, \u00e8 stato fatto fuori insieme alla dottoressa Dina Spada che si oppose al provvedimento di abolizione dello scuola-bus.\u201d<\/span><\/span><\/p>\n<p style=\"text-align: justify;\"><strong><span style=\"font-size: 10pt;\"><span style=\"font-family: verdana, geneva;\">Chi salveresti degli attuali consiglieri comunali?<\/span><\/span><\/strong><\/p>\n<p style=\"text-align: justify;\"><span style=\"font-size: 10pt;\"><span style=\"font-family: verdana, geneva;\">\u201cSe ne devono andare a casa, tutti quanti come stanno&#8230; La minoranza? Stava dentro a partiti che hanno distrutto Turi. E non mi risulta che abbia fatto una denuncia contro De Grisantis. Devono essere sostituiti da gente completamente nuova.\u201d<\/span><\/span><\/p>\n<p style=\"text-align: justify;\"><strong><span style=\"font-size: 10pt;\"><span style=\"font-family: verdana, geneva;\">Questa Giunta finisce il mandato nei tempi giusti o c\u2019\u00e8 la possibilit\u00e0 che cada prima?<\/span><\/span><\/strong><\/p>\n<p style=\"text-align: justify;\"><span style=\"font-size: 10pt;\"><span style=\"font-family: verdana, geneva;\">\u201cQuesti sono personaggi politici che \u00e8 difficile che cadano prima del tempo. Gigantelli comunque per me \u00e8 una delusione. Da oppositore si era comportato sempre bene. Adesso che invece ha sentito odore di potere\u2026\u201d<\/span><\/span><\/p>\n","protected":false},"excerpt":{"rendered":"<p><img loading=\"lazy\" decoding=\"async\" class=\" size-full wp-image-2946\" src=\"https:\/\/archivioturi.lavocedelpaese.info\/wp-content\/uploads\/2010\/09\/biagio_elefante.jpg\" width=\"320\" height=\"150\" alt=\"biagio_elefante\" srcset=\"https:\/\/archivioturi.lavocedelpaese.info\/wp-content\/uploads\/2010\/09\/biagio_elefante.jpg 640w, https:\/\/archivioturi.lavocedelpaese.info\/wp-content\/uploads\/2010\/09\/biagio_elefante-300x141.jpg 300w\" sizes=\"auto, (max-width: 320px) 100vw, 320px\" \/> <\/p>\n","protected":false},"author":1,"featured_media":2946,"comment_status":"open","ping_status":"closed","sticky":false,"template":"","format":"standard","meta":{"colormag_page_container_layout":"default_layout","colormag_page_sidebar_layout":"default_layout","footnotes":""},"categories":[4],"tags":[],"class_list":["post-2947","post","type-post","status-publish","format-standard","has-post-thumbnail","hentry","category-politica"],"_links":{"self":[{"href":"https:\/\/archivioturi.lavocedelpaese.info\/index.php\/wp-json\/wp\/v2\/posts\/2947","targetHints":{"allow":["GET"]}}],"collection":[{"href":"https:\/\/archivioturi.lavocedelpaese.info\/index.php\/wp-json\/wp\/v2\/posts"}],"about":[{"href":"https:\/\/archivioturi.lavocedelpaese.info\/index.php\/wp-json\/wp\/v2\/types\/post"}],"author":[{"embeddable":true,"href":"https:\/\/archivioturi.lavocedelpaese.info\/index.php\/wp-json\/wp\/v2\/users\/1"}],"replies":[{"embeddable":true,"href":"https:\/\/archivioturi.lavocedelpaese.info\/index.php\/wp-json\/wp\/v2\/comments?post=2947"}],"version-history":[{"count":0,"href":"https:\/\/archivioturi.lavocedelpaese.info\/index.php\/wp-json\/wp\/v2\/posts\/2947\/revisions"}],"wp:featuredmedia":[{"embeddable":true,"href":"https:\/\/archivioturi.lavocedelpaese.info\/index.php\/wp-json\/wp\/v2\/media\/2946"}],"wp:attachment":[{"href":"https:\/\/archivioturi.lavocedelpaese.info\/index.php\/wp-json\/wp\/v2\/media?parent=2947"}],"wp:term":[{"taxonomy":"category","embeddable":true,"href":"https:\/\/archivioturi.lavocedelpaese.info\/index.php\/wp-json\/wp\/v2\/categories?post=2947"},{"taxonomy":"post_tag","embeddable":true,"href":"https:\/\/archivioturi.lavocedelpaese.info\/index.php\/wp-json\/wp\/v2\/tags?post=2947"}],"curies":[{"name":"wp","href":"https:\/\/api.w.org\/{rel}","templated":true}]}}