{"id":2940,"date":"2010-09-11T07:19:19","date_gmt":"2010-09-11T07:19:19","guid":{"rendered":"https:\/\/archivioturi.lavocedelpaese.info\/index.php\/2010\/09\/11\/edilizia-coppi-thuriae-ecco-i-nomi-dei-giocatori\/"},"modified":"2010-09-11T07:19:19","modified_gmt":"2010-09-11T07:19:19","slug":"edilizia-coppi-thuriae-ecco-i-nomi-dei-giocatori","status":"publish","type":"post","link":"https:\/\/archivioturi.lavocedelpaese.info\/index.php\/2010\/09\/11\/edilizia-coppi-thuriae-ecco-i-nomi-dei-giocatori\/","title":{"rendered":"EDILIZIA COPPI THURIAE, ECCO I NOMI DEI GIOCATORI"},"content":{"rendered":"<p><img loading=\"lazy\" decoding=\"async\" class=\" size-full wp-image-2939\" alt=\"thuriae_stemma\" height=\"150\" width=\"320\" src=\"https:\/\/archivioturi.lavocedelpaese.info\/wp-content\/uploads\/2010\/09\/thuriae_stemma.jpg\" srcset=\"https:\/\/archivioturi.lavocedelpaese.info\/wp-content\/uploads\/2010\/09\/thuriae_stemma.jpg 640w, https:\/\/archivioturi.lavocedelpaese.info\/wp-content\/uploads\/2010\/09\/thuriae_stemma-300x141.jpg 300w\" sizes=\"auto, (max-width: 320px) 100vw, 320px\" \/><\/p>\n<p><span style=\"font-size: 10pt;\"> <\/span><\/p>\n<p><span style=\"font-size: 13px;\">L&#8217;ASD \u00a0Thuriae comunica la rosa ufficiale degli atleti che parteciperanno al prossimo Campionato Regionane di Calcio a cinque, serie C2 girone B.<\/span><\/p>\n<table border=\"0\" cellspacing=\"0\" cellpadding=\"0\" style=\"text-align: justify; width: 614px;\">\n<tbody>\n<tr>\n<td valign=\"top\">\n<p><span style=\"font-size: 10pt;\"><br \/>Toni Maggiolini<br \/> Giuseppe Romita<br \/> Gianvito Colucci<br \/> Filippo Dell&#8217;Aera<br \/> Michele De Tomaso<br \/> Alessandro Malena<br \/> Vito Amoruso<br \/> Gianni Giannuzzi<br \/> Francesco Cosola<br \/> Vito Ciavarella<br \/> Gianni Palazzo<\/span><\/p>\n<p><span style=\"font-size: 10pt;\">Lo staff tecnico \u00e8 cos\u00ec composto:\u00a0Pasquale Lavarra (Allenatore),\u00a0Francesco Grazioso,\u00a0Nicola Pasciolla e\u00a0Franco spada.<\/span><\/p>\n<p><span style=\"font-size: 10pt;\">La societ\u00e0 comunica che il responsabile dell&#8217;Aera Medica sar\u00e0 il dott. Oronzo De Carolis, che rinnova la sua disponibilit\u00e0 dopo l&#8217;esperienza con la Virtus Thuriae.<\/span><\/p>\n<p><span style=\"font-size: 10pt;\">Alla prima squadra sono stati aggregati dal primo giorno di preparazione alcuni promettenti elementi della squadra juniores che prenderanno parte al campionato di categoria: Dino Cipriani, Gianfranco mallardi, Gianpaolo Massarelli e Vittorio Nuzzo.<\/span><\/p>\n<p><span style=\"font-size: 10pt;\">Purtroppo \u00e8 da registrare il primo forfait per infortunio da parte del giovane Saverio Minoia, al quale auguriamo di rimettersi presto.<\/span><\/p>\n<p><span style=\"font-family: verdana, geneva;\"><br \/><\/span><\/p>\n<\/td>\n<\/tr>\n<\/tbody>\n<\/table>\n","protected":false},"excerpt":{"rendered":"<p><img loading=\"lazy\" decoding=\"async\" class=\" size-full wp-image-2939\" alt=\"thuriae_stemma\" height=\"150\" width=\"320\" src=\"https:\/\/archivioturi.lavocedelpaese.info\/wp-content\/uploads\/2010\/09\/thuriae_stemma.jpg\" srcset=\"https:\/\/archivioturi.lavocedelpaese.info\/wp-content\/uploads\/2010\/09\/thuriae_stemma.jpg 640w, https:\/\/archivioturi.lavocedelpaese.info\/wp-content\/uploads\/2010\/09\/thuriae_stemma-300x141.jpg 300w\" sizes=\"auto, (max-width: 320px) 100vw, 320px\" \/><\/p>\n<p><span style=\"font-size: 10pt;\"> <\/span><\/p>\n","protected":false},"author":1,"featured_media":2939,"comment_status":"open","ping_status":"closed","sticky":false,"template":"","format":"standard","meta":{"colormag_page_container_layout":"default_layout","colormag_page_sidebar_layout":"default_layout","footnotes":""},"categories":[5],"tags":[],"class_list":["post-2940","post","type-post","status-publish","format-standard","has-post-thumbnail","hentry","category-sport"],"_links":{"self":[{"href":"https:\/\/archivioturi.lavocedelpaese.info\/index.php\/wp-json\/wp\/v2\/posts\/2940","targetHints":{"allow":["GET"]}}],"collection":[{"href":"https:\/\/archivioturi.lavocedelpaese.info\/index.php\/wp-json\/wp\/v2\/posts"}],"about":[{"href":"https:\/\/archivioturi.lavocedelpaese.info\/index.php\/wp-json\/wp\/v2\/types\/post"}],"author":[{"embeddable":true,"href":"https:\/\/archivioturi.lavocedelpaese.info\/index.php\/wp-json\/wp\/v2\/users\/1"}],"replies":[{"embeddable":true,"href":"https:\/\/archivioturi.lavocedelpaese.info\/index.php\/wp-json\/wp\/v2\/comments?post=2940"}],"version-history":[{"count":0,"href":"https:\/\/archivioturi.lavocedelpaese.info\/index.php\/wp-json\/wp\/v2\/posts\/2940\/revisions"}],"wp:featuredmedia":[{"embeddable":true,"href":"https:\/\/archivioturi.lavocedelpaese.info\/index.php\/wp-json\/wp\/v2\/media\/2939"}],"wp:attachment":[{"href":"https:\/\/archivioturi.lavocedelpaese.info\/index.php\/wp-json\/wp\/v2\/media?parent=2940"}],"wp:term":[{"taxonomy":"category","embeddable":true,"href":"https:\/\/archivioturi.lavocedelpaese.info\/index.php\/wp-json\/wp\/v2\/categories?post=2940"},{"taxonomy":"post_tag","embeddable":true,"href":"https:\/\/archivioturi.lavocedelpaese.info\/index.php\/wp-json\/wp\/v2\/tags?post=2940"}],"curies":[{"name":"wp","href":"https:\/\/api.w.org\/{rel}","templated":true}]}}