{"id":2905,"date":"2010-09-06T16:18:12","date_gmt":"2010-09-06T16:18:12","guid":{"rendered":"https:\/\/archivioturi.lavocedelpaese.info\/index.php\/2010\/09\/06\/gepi-pugliese-incanta-anche-varese\/"},"modified":"2010-09-06T16:18:12","modified_gmt":"2010-09-06T16:18:12","slug":"gepi-pugliese-incanta-anche-varese","status":"publish","type":"post","link":"https:\/\/archivioturi.lavocedelpaese.info\/index.php\/2010\/09\/06\/gepi-pugliese-incanta-anche-varese\/","title":{"rendered":"GEPI PUGLIESE INCANTA ANCHE VARESE"},"content":{"rendered":"<p><img loading=\"lazy\" decoding=\"async\" class=\" size-full wp-image-2904\" alt=\"gepi_varese\" height=\"150\" width=\"320\" src=\"https:\/\/archivioturi.lavocedelpaese.info\/wp-content\/uploads\/2010\/09\/gepi_varese.jpg\" srcset=\"https:\/\/archivioturi.lavocedelpaese.info\/wp-content\/uploads\/2010\/09\/gepi_varese.jpg 640w, https:\/\/archivioturi.lavocedelpaese.info\/wp-content\/uploads\/2010\/09\/gepi_varese-300x141.jpg 300w\" sizes=\"auto, (max-width: 320px) 100vw, 320px\" \/> <\/p>\n<p style=\"text-align: justify;\"><span style=\"font-size: 10pt;\">Comincia oggi la nuova avventura per Turiweb, che seguir\u00e0 da vicino le imprese sportive del nostro concittadino Giuseppe Pugliese, terzino titolare del Varese Calcio. Ogni settimana racconteremo la giornata calcistica appena trascorsa del Varese e della serie B ed in particolare ci occuperemo del talento di Turi, con interviste, foto, video e pagelle.<\/span><\/p>\n<p><span style=\"font-size: 10pt;\"> <\/span><\/p>\n<p style=\"text-align: justify;\"><span style=\"font-size: 10pt;\">Con la partita di domenica scorsa il Varese \u00e8 ancora imbattuto nel campionato con cinque punti in classifica, frutto di una vittoria, all\u2019esordio all\u2019Olimpico di Torino contro i granata, e due pareggi interni, contro Atalanta ed Empoli, entrambe a reti inviolate. Il \u201cnostro\u201d Gepi si \u00e8 comportato molto bene finora, dimostrando di essersi inserito ottimamente nella squadra lombarda neo promossa. Seguendo il pi\u00f9 noto giornale sportivo italiano, \u2018La Gazzetta dello Sport\u2019, il terzino numero 33 ha una media superiore al sei. Non male per un giocatore alla prima esperienza in serie B. Anche i commenti delle pagelle sono molto positivi, come \u201cdominatore della fascia sinistra\u201d.<\/span><\/p>\n<p><span style=\"font-size: 10pt;\"> <\/span><\/p>\n<p style=\"text-align: justify;\"><span style=\"font-size: 10pt;\">Nella partita di ieri contro l\u2019Empoli, il Varese ha ancora una volta dimostrato di essere una squadra in forma smagliante, capace nel pre-campionato di battere il Milan di Ronaldinho. Praticamente \u00e8 mancato solo il gol per i biancorossi che si sono trovati davanti ad un ottimo Pelagotti, portiere di riserva dell\u2019Empoli, davvero in giornata di grazia. Gepi ha giocato tutta la partita, esibendosi in qualche discesa interessante, che ha messo in difficolt\u00e0 la difesa ospite. In difesa non ha commesso alcun errore mostrando grande tranquillit\u00e0 nei disimpegni. La 0-0-partita \u00e8 finita 0-0.<\/span><\/p>\n<p><span style=\"font-size: 10pt;\"> <\/span><\/p>\n<p style=\"text-align: justify;\"><span style=\"font-size: 10pt;\">Riportiamo le parole di Gepi in sala stampa: \u201cC\u2019\u00e8 un po\u2019 di rammarico, volevamo assolutamente vincere per\u00f2 alla fine \u00e8 andata cos\u00ec. Ci abbiamo provato parecchio nel primo tempo, poi siamo un po\u2019 calati. Quando giochi con Torino e Atalanta gli stimoli vengono da s\u00e9, poi con le altre magari \u00e8 un po\u2019 difficile trovare la giusta concentrazione\u201d.<\/span><\/p>\n","protected":false},"excerpt":{"rendered":"<p><img loading=\"lazy\" decoding=\"async\" class=\" size-full wp-image-2904\" alt=\"gepi_varese\" height=\"150\" width=\"320\" src=\"https:\/\/archivioturi.lavocedelpaese.info\/wp-content\/uploads\/2010\/09\/gepi_varese.jpg\" srcset=\"https:\/\/archivioturi.lavocedelpaese.info\/wp-content\/uploads\/2010\/09\/gepi_varese.jpg 640w, https:\/\/archivioturi.lavocedelpaese.info\/wp-content\/uploads\/2010\/09\/gepi_varese-300x141.jpg 300w\" sizes=\"auto, (max-width: 320px) 100vw, 320px\" \/> <\/p>\n","protected":false},"author":1,"featured_media":2904,"comment_status":"open","ping_status":"closed","sticky":false,"template":"","format":"standard","meta":{"colormag_page_container_layout":"default_layout","colormag_page_sidebar_layout":"default_layout","footnotes":""},"categories":[5],"tags":[],"class_list":["post-2905","post","type-post","status-publish","format-standard","has-post-thumbnail","hentry","category-sport"],"_links":{"self":[{"href":"https:\/\/archivioturi.lavocedelpaese.info\/index.php\/wp-json\/wp\/v2\/posts\/2905","targetHints":{"allow":["GET"]}}],"collection":[{"href":"https:\/\/archivioturi.lavocedelpaese.info\/index.php\/wp-json\/wp\/v2\/posts"}],"about":[{"href":"https:\/\/archivioturi.lavocedelpaese.info\/index.php\/wp-json\/wp\/v2\/types\/post"}],"author":[{"embeddable":true,"href":"https:\/\/archivioturi.lavocedelpaese.info\/index.php\/wp-json\/wp\/v2\/users\/1"}],"replies":[{"embeddable":true,"href":"https:\/\/archivioturi.lavocedelpaese.info\/index.php\/wp-json\/wp\/v2\/comments?post=2905"}],"version-history":[{"count":0,"href":"https:\/\/archivioturi.lavocedelpaese.info\/index.php\/wp-json\/wp\/v2\/posts\/2905\/revisions"}],"wp:featuredmedia":[{"embeddable":true,"href":"https:\/\/archivioturi.lavocedelpaese.info\/index.php\/wp-json\/wp\/v2\/media\/2904"}],"wp:attachment":[{"href":"https:\/\/archivioturi.lavocedelpaese.info\/index.php\/wp-json\/wp\/v2\/media?parent=2905"}],"wp:term":[{"taxonomy":"category","embeddable":true,"href":"https:\/\/archivioturi.lavocedelpaese.info\/index.php\/wp-json\/wp\/v2\/categories?post=2905"},{"taxonomy":"post_tag","embeddable":true,"href":"https:\/\/archivioturi.lavocedelpaese.info\/index.php\/wp-json\/wp\/v2\/tags?post=2905"}],"curies":[{"name":"wp","href":"https:\/\/api.w.org\/{rel}","templated":true}]}}