{"id":2878,"date":"2010-09-03T15:35:03","date_gmt":"2010-09-03T15:35:03","guid":{"rendered":"https:\/\/archivioturi.lavocedelpaese.info\/index.php\/2010\/09\/03\/via-rutigliano-i-gelsi-della-discordia\/"},"modified":"2010-09-03T15:35:03","modified_gmt":"2010-09-03T15:35:03","slug":"via-rutigliano-i-gelsi-della-discordia","status":"publish","type":"post","link":"https:\/\/archivioturi.lavocedelpaese.info\/index.php\/2010\/09\/03\/via-rutigliano-i-gelsi-della-discordia\/","title":{"rendered":"VIA RUTIGLIANO: I GELSI DELLA DISCORDIA"},"content":{"rendered":"<p><img loading=\"lazy\" decoding=\"async\" class=\" size-full wp-image-2876\" src=\"https:\/\/archivioturi.lavocedelpaese.info\/wp-content\/uploads\/2010\/09\/petizione_rutigliano_3.jpg\" width=\"320\" height=\"150\" alt=\"petizione_rutigliano_3\" srcset=\"https:\/\/archivioturi.lavocedelpaese.info\/wp-content\/uploads\/2010\/09\/petizione_rutigliano_3.jpg 640w, https:\/\/archivioturi.lavocedelpaese.info\/wp-content\/uploads\/2010\/09\/petizione_rutigliano_3-300x141.jpg 300w\" sizes=\"auto, (max-width: 320px) 100vw, 320px\" \/> <\/p>\n<p style=\"text-align: justify;\"><span style=\"font-size: 13px;\"><span style=\"font-size: 10pt;\"><span style=\"font-family: verdana, geneva;\">Torniamo ad occuparci di via Rutigliano, argomento che nelle scorse settimane ha scatenato non poche polemiche e numerosi contrasti. Come molti lettori ricordano, diversi cittadini turesi hanno voluto far ascoltare la propria protesta sull\u2019abbattimento dei sedici alberi disposti sul lato destro della stessa via, non approvando una decisione tesa a distruggere un\u2019immagine ormai tipica del paese e un \u201csimbolo per i turesi\u201d.<\/span><\/span><\/span><\/p>\n<p><span style=\"font-size: 10pt;\"><span style=\"font-size: 10pt;\"><span style=\"font-size: 10pt;\"><span style=\"font-family: verdana, geneva;\"> <\/span><\/span><\/span><\/span><span style=\"font-size: 10pt;\"><span style=\"font-family: verdana, geneva;\"> <\/span><\/span><span style=\"font-size: 10pt;\"><span style=\"font-family: verdana, geneva;\"> <\/span><\/span><\/p>\n<p style=\"text-align: justify;\"><span style=\"font-size: 10pt;\"><span style=\"font-size: 10pt;\"><span style=\"font-size: 10pt;\"><span style=\"font-family: verdana, geneva;\">Abbiamo incontrato i <\/span><\/span><\/span><\/span><strong><span style=\"font-size: 10pt;\"><span style=\"font-size: 10pt;\"><span style=\"font-size: 10pt;\"><span style=\"font-family: verdana, geneva;\">signori Orlandi<\/span><\/span><\/span><\/span><\/strong><span style=\"font-size: 10pt;\"><span style=\"font-size: 10pt;\"><span style=\"font-size: 10pt;\"><span style=\"font-family: verdana, geneva;\"> che hanno voluto fare chiarezza sull\u2019attuale situazione e sugli sviluppi della vicenda, brevemente emersa nel consiglio comunale dello scorso 1\u00b0 settembre.<\/span><\/span><\/span><\/span><\/p>\n<p><span style=\"font-size: 10pt;\"><span style=\"font-size: 10pt;\"><span style=\"font-size: 10pt;\"><span style=\"font-family: verdana, geneva;\"> <\/span><\/span><\/span><\/span><span style=\"font-size: 10pt;\"><span style=\"font-family: verdana, geneva;\"> <\/span><\/span><span style=\"font-size: 10pt;\"><span style=\"font-family: verdana, geneva;\"> <\/span><\/span><\/p>\n<p style=\"text-align: justify;\"><span style=\"font-size: 10pt;\"><span style=\"font-size: 10pt;\"><span style=\"font-size: 10pt;\"><span style=\"font-family: verdana, geneva;\">\u201cCon delibera di Giunta n.123 del 25 Settembre 2009<\/span><\/span><\/span><\/span><strong><span style=\"font-size: 10pt;\"><span style=\"font-size: 10pt;\"><span style=\"font-size: 10pt;\"><span style=\"font-family: verdana, geneva;\"> <\/span><\/span><\/span><\/span><\/strong><span style=\"font-size: 10pt;\"><span style=\"font-size: 10pt;\"><span style=\"font-size: 10pt;\"><span style=\"font-family: verdana, geneva;\">&#8211; esordisce Angelo Orlandi \u2013 il comune di Turi approv\u00f2 un progetto esecutivo per la realizzazione di una pavimentazione e un marciapiede lungo il viale alberato di via Rutigliano\u201d. Dalla visione del progetto accettato, si desume l\u2019esecuzione di un <\/span><\/span><\/span><\/span><strong><span style=\"font-size: 10pt;\"><span style=\"font-size: 10pt;\"><span style=\"font-size: 10pt;\"><span style=\"font-family: verdana, geneva;\">marciapiede solo sul lato sinistro della strada<\/span><\/span><\/span><\/span><\/strong><span style=\"font-size: 10pt;\"><span style=\"font-size: 10pt;\"><span style=\"font-size: 10pt;\"><span style=\"font-family: verdana, geneva;\">, che da Turi conduce a Rutigliano. Per questo piano, fu stabilito un abbattimento degli alberi lungo tale versante, eseguito infatti circa 2 mesi fa, in pochissime ore e senza alcun preavviso, lasciando comunque per diverse settimane il margine sinistro con buche visibili.<\/span><\/span><\/span><\/span><\/p>\n<p><span style=\"font-size: 10pt;\"><span style=\"font-size: 10pt;\"><span style=\"font-size: 10pt;\"><span style=\"font-family: verdana, geneva;\"> <\/span><\/span><\/span><\/span><span style=\"font-size: 10pt;\"><span style=\"font-family: verdana, geneva;\"> <\/span><\/span><span style=\"font-size: 10pt;\"><span style=\"font-family: verdana, geneva;\"> <\/span><\/span><\/p>\n<p style=\"text-align: justify;\"><span style=\"font-size: 10pt;\"><span style=\"font-size: 10pt;\"><span style=\"font-size: 10pt;\"><span style=\"font-family: verdana, geneva;\">La realizzazione di questo marciapiede, utile per tutti coloro che a piedi vogliono raggiungere il cimitero comunale, \u00e8 da tempo attesa non solo dai residenti del quartiere, ma da gran parte dei cittadini turesi. \u201c<\/span><\/span><\/span><\/span><strong><span style=\"font-size: 10pt;\"><span style=\"font-size: 10pt;\"><span style=\"font-size: 10pt;\"><span style=\"font-family: verdana, geneva;\">Il marciapiede serve<\/span><\/span><\/span><\/span><\/strong><span style=\"font-size: 10pt;\"><span style=\"font-size: 10pt;\"><span style=\"font-size: 10pt;\"><span style=\"font-family: verdana, geneva;\"> \u2013 continuano i signori Orlandi \u2013 ma non si comprende il motivo dell\u2019abbattimento di alberi che non rappresentano solo un legame affettivo per molti, ma anche un\u2019utilit\u00e0 per coloro, spesso anziani, che percorrendo la strada, trovavano riparo dal sole\u201d. <\/span><\/span><\/span><\/span><strong><span style=\"font-size: 10pt;\"><span style=\"font-size: 10pt;\"><span style=\"font-size: 10pt;\"><span style=\"font-family: verdana, geneva;\">Nulla si \u00e8 potuto fare per impedire che gli alberi del lato sinistro fossero abbattuti.<\/span><\/span><\/span><\/span><\/strong><\/p>\n<div style=\"text-align: justify;\"><strong><span style=\"font-size: 10pt;\"><span style=\"font-size: 10pt;\"><span style=\"font-size: 10pt;\"><span style=\"font-family: verdana, geneva;\">Il 22 luglio<\/span><\/span><\/span><\/span><\/strong><span style=\"font-size: 10pt;\"><span style=\"font-size: 10pt;\"><span style=\"font-size: 10pt;\"><span style=\"font-family: verdana, geneva;\">, a seguito di un <\/span><\/span><\/span><\/span><strong><span style=\"font-size: 10pt;\"><span style=\"font-size: 10pt;\"><span style=\"font-size: 10pt;\"><span style=\"font-family: verdana, geneva;\">sopralluogo dei tecnici e del Sindaco<\/span><\/span><\/span><\/span><\/strong><span style=\"font-size: 10pt;\"><span style=\"font-size: 10pt;\"><span style=\"font-size: 10pt;\"><span style=\"font-family: verdana, geneva;\">, \u00e8 emerso che il progetto iniziale di creare un marciapiede sul lato sinistro avrebbe creato un notevole <\/span><\/span><\/span><\/span><strong><span style=\"font-size: 10pt;\"><span style=\"font-size: 10pt;\"><span style=\"font-size: 10pt;\"><span style=\"font-family: verdana, geneva;\">restringimento della carreggiata<\/span><\/span><\/span><\/span><\/strong><span style=\"font-size: 10pt;\"><span style=\"font-size: 10pt;\"><span style=\"font-size: 10pt;\"><span style=\"font-family: verdana, geneva;\">. Considerata pertanto la necessit\u00e0 di non creare difficolt\u00e0 nella viabilit\u00e0 di una delle vie d\u2019accesso cittadine principali, e tenuto conto di un documento rilasciato \u201cnel gennaio 2009 dall\u2019ex assessore all\u2019agricoltura <\/span><\/span><\/span><\/span><strong><span style=\"font-size: 10pt;\"><span style=\"font-size: 10pt;\"><span style=\"font-size: 10pt;\"><span style=\"font-family: verdana, geneva;\">Giacomo Valentini <\/span><\/span><\/span><\/span><\/strong><span style=\"font-size: 10pt;\"><span style=\"font-size: 10pt;\"><span style=\"font-size: 10pt;\"><span style=\"font-family: verdana, geneva;\">\u2013 prosegue il signor Orlandi \u2013 nel quale si <\/span><\/span><\/span><\/span><strong><span style=\"font-size: 10pt;\"><span style=\"font-size: 10pt;\"><span style=\"font-size: 10pt;\"><span style=\"font-family: verdana, geneva;\">chiedeva di togliere gli alberi di gelso da entrambi i lati<\/span><\/span><\/span><\/span><\/strong><span style=\"font-size: 10pt;\"><span style=\"font-size: 10pt;\"><span style=\"font-size: 10pt;\"><span style=\"font-family: verdana, geneva;\">, perch\u00e9 privi di valore e di specie non protetta, <\/span><\/span><\/span><\/span><strong><span style=\"font-size: 10pt;\"><span style=\"font-size: 10pt;\"><span style=\"font-size: 10pt;\"><span style=\"font-family: verdana, geneva;\">il sindaco ha autorizzato a valutare un nuovo progetto che potesse rispondere alle necessit\u00e0 della situazione<\/span><\/span><\/span><\/span><\/strong><span style=\"font-size: 10pt;\"><span style=\"font-size: 10pt;\"><span style=\"font-size: 10pt;\"><span style=\"font-family: verdana, geneva;\">\u201d. Probabilmente per fretta o per superficialit\u00e0, i progettisti interessati &#8211; \u201cche vogliamo sottolineare non sono di Turi\u201d &#8211; hanno recepito questo messaggio in maniera errata e la mattina del 9 Agosto la ditta appaltatrice ha provveduto a riprendere i lavori ed iniziare l\u2019abbattimento dei sedici alberi disposti sul lato destro della strada.<\/span><\/span><\/span><\/span><\/div>\n<p><span style=\"font-size: 10pt;\"><span style=\"font-size: 10pt;\"><img loading=\"lazy\" decoding=\"async\" class=\" alignright size-full wp-image-2877\" src=\"https:\/\/archivioturi.lavocedelpaese.info\/wp-content\/uploads\/2010\/09\/petizione_rutigliano_2.jpg\" width=\"250\" height=\"190\" alt=\"petizione_rutigliano_2\" style=\"float: right; margin-top: 10px; margin-right: 0px; margin-bottom: 10px; margin-left: 10px;\" \/><\/span><\/span><span style=\"font-size: 10pt;\"><span style=\"font-family: verdana, geneva;\"> <\/span><\/span><span style=\"font-size: 10pt;\"><span style=\"font-family: verdana, geneva;\"> <\/span><\/span><\/p>\n<p style=\"text-align: justify;\"><span style=\"font-size: 13px;\"><span style=\"font-size: 10pt;\"><span style=\"font-family: verdana, geneva;\">Annarita Rossi, in veste di rappresentante del comitato libero di cittadini, ha presentato una petizione con circa seicento firme per impedire questa perdita. \u201cIl progetto esecutivo \u2013 spiega la signora Rossi \u2013 non prevede alcun marciapiede sul lato destro, quindi non si capisce il motivo per il quale vogliano togliere anche questi alberi\u201d.<\/span><\/span><\/span><\/p>\n<p><span style=\"font-size: 10pt;\"><span style=\"font-size: 10pt;\"><span style=\"font-size: 10pt;\"><span style=\"font-family: verdana, geneva;\"> <\/span><\/span><\/span><\/span><span style=\"font-size: 10pt;\"><span style=\"font-family: verdana, geneva;\"> <\/span><\/span><span style=\"font-size: 10pt;\"><span style=\"font-family: verdana, geneva;\"> <\/span><\/span><\/p>\n<p style=\"text-align: justify;\"><span style=\"font-size: 10pt;\"><span style=\"font-size: 10pt;\"><span style=\"font-size: 10pt;\"><span style=\"font-family: verdana, geneva;\">Di fronte alla scarsa attenzione con la quale il progetto \u00e8 stato eseguito e con la speranza di ottenere chiarimenti esaustivi sui motivi e sulle autorizzazioni per l\u2019eliminazione degli alberi del lato destro, durante un <\/span><\/span><\/span><\/span><strong><span style=\"font-size: 10pt;\"><span style=\"font-size: 10pt;\"><span style=\"font-size: 10pt;\"><span style=\"font-family: verdana, geneva;\">tavolo tecnico disposto il 30 agosto<\/span><\/span><\/span><\/span><\/strong><span style=\"font-size: 10pt;\"><span style=\"font-size: 10pt;\"><span style=\"font-size: 10pt;\"><span style=\"font-family: verdana, geneva;\">, alla presenza dei signori Orlandi e di altri due firmatari, Lia Daddato e l\u2019avv. Lello Leogrande, il sindaco Gigantelli, il vicesindaco, gli assessori e i tecnici hanno cercato di venire a capo della vicenda. <\/span><\/span><\/span><\/span><strong><span style=\"font-size: 10pt;\"><span style=\"font-size: 10pt;\"><span style=\"font-size: 10pt;\"><span style=\"font-family: verdana, geneva;\">Il compromesso tecnico definito per rendere la strada sicura senza distruggere gli alberi \u00e8 stato identificato nella riduzione della velocit\u00e0<\/span><\/span><\/span><\/span><\/strong><span style=\"font-size: 10pt;\"><span style=\"font-size: 10pt;\"><span style=\"font-size: 10pt;\"><span style=\"font-family: verdana, geneva;\">. \u201cPurtroppo \u2013 aggiunge A. Orlandi &#8211; i conducenti giungono in maniera eccessivamente rapida e sicuramente il restringimento della carreggiata sarebbe un ostacolo alla sicurezza stradale. <\/span><\/span><\/span><\/span><strong><span style=\"font-size: 10pt;\"><span style=\"font-size: 10pt;\"><span style=\"font-size: 10pt;\"><span style=\"font-family: verdana, geneva;\">Si \u00e8 pensato a dissuasori o una nuova rotatoria<\/span><\/span><\/span><\/span><\/strong><span style=\"font-size: 10pt;\"><span style=\"font-size: 10pt;\"><span style=\"font-size: 10pt;\"><span style=\"font-family: verdana, geneva;\">\u201d. Rimuovendo il problema della velocit\u00e0 che agiva negativamente sulla sicurezza, lo stesso albero non rappresenta pi\u00f9 un ostacolo o un pericolo. \u201cConcettualmente \u00e8 corretto \u2013 continuano \u2013 ma perch\u00e9 non ci hanno pensato prima?\u201d.<\/span><\/span><\/span><\/span><\/p>\n<p><span style=\"font-size: 10pt;\"><span style=\"font-size: 10pt;\"><span style=\"font-size: 10pt;\"><span style=\"font-family: verdana, geneva;\"> <\/span><\/span><\/span><\/span><span style=\"font-size: 10pt;\"><span style=\"font-family: verdana, geneva;\"> <\/span><\/span><span style=\"font-size: 10pt;\"><span style=\"font-family: verdana, geneva;\"> <\/span><\/span><\/p>\n<p style=\"text-align: justify;\"><span style=\"font-size: 10pt;\"><span style=\"font-size: 10pt;\"><span style=\"font-size: 10pt;\"><span style=\"font-family: verdana, geneva;\">\u201cLa superficialit\u00e0 non porta da nessuna parte\u201d \u2013 sottolinea la signora Rossi, e questo comportamento ha sicuramente alimentato le polemiche cittadine riguardo la gestione delle opere pubbliche. \u201cNon vogliamo enfatizzare e strumentalizzare politicamente la questione, desideriamo solo che i 16 alberi del lato destro non vengano abbattuti\u201d.<\/span><\/span><\/span><\/span><\/p>\n<p><span style=\"font-size: 10pt;\"><span style=\"font-size: 10pt;\"><span style=\"font-size: 10pt;\"><span style=\"font-family: verdana, geneva;\"> <\/span><\/span><\/span><\/span><span style=\"font-size: 10pt;\"><span style=\"font-family: verdana, geneva;\"> <\/span><\/span><span style=\"font-size: 10pt;\"><span style=\"font-family: verdana, geneva;\"> <\/span><\/span><\/p>\n<p style=\"text-align: justify;\"><span style=\"font-size: 10pt;\"><span style=\"font-size: 10pt;\"><span style=\"font-size: 10pt;\"><span style=\"font-family: verdana, geneva;\">Del \u201cdelitto ambientale\u201d, cos\u00ec definito in consiglio comunale del 1\u00b0 Settembre dal consigliere De Novellis ne ha dato respiro anche la consigliera Tina Resta. \u201cIl discorso degli alberi di Via Rutigliano \u2013 cos\u00ec ha dichiarato &#8211; \u00e8 diventato nei decenni anche un discorso affettivo. Ci sono i ricordi, anche per chi va al cimitero e chi risiede in quelle zone da anni\u201d. \u201cIl progetto esecutivo prevedeva altre cose, come il reimpianto di nuovi alberi\u201d- continua la signora Resta \u2013 \u201cpertanto bisogna avere l\u2019umilt\u00e0 di ammettere che si sta sbagliando anche rispetto alla progettualit\u00e0. Chiedo pertanto il ripristino degli elementi di natura nel nostro paese\u201d.<\/span><\/span><\/span><\/span><\/p>\n<p><span style=\"font-size: 10pt;\"> <\/span><\/p>\n<p><span style=\"font-size: 10pt;\"> <\/span><\/p>\n","protected":false},"excerpt":{"rendered":"<p><img loading=\"lazy\" decoding=\"async\" class=\" size-full wp-image-2876\" src=\"https:\/\/archivioturi.lavocedelpaese.info\/wp-content\/uploads\/2010\/09\/petizione_rutigliano_3.jpg\" width=\"320\" height=\"150\" alt=\"petizione_rutigliano_3\" srcset=\"https:\/\/archivioturi.lavocedelpaese.info\/wp-content\/uploads\/2010\/09\/petizione_rutigliano_3.jpg 640w, https:\/\/archivioturi.lavocedelpaese.info\/wp-content\/uploads\/2010\/09\/petizione_rutigliano_3-300x141.jpg 300w\" sizes=\"auto, (max-width: 320px) 100vw, 320px\" \/> <\/p>\n","protected":false},"author":1,"featured_media":2876,"comment_status":"open","ping_status":"closed","sticky":false,"template":"","format":"standard","meta":{"colormag_page_container_layout":"default_layout","colormag_page_sidebar_layout":"default_layout","footnotes":""},"categories":[7],"tags":[],"class_list":["post-2878","post","type-post","status-publish","format-standard","has-post-thumbnail","hentry","category-attualita"],"_links":{"self":[{"href":"https:\/\/archivioturi.lavocedelpaese.info\/index.php\/wp-json\/wp\/v2\/posts\/2878","targetHints":{"allow":["GET"]}}],"collection":[{"href":"https:\/\/archivioturi.lavocedelpaese.info\/index.php\/wp-json\/wp\/v2\/posts"}],"about":[{"href":"https:\/\/archivioturi.lavocedelpaese.info\/index.php\/wp-json\/wp\/v2\/types\/post"}],"author":[{"embeddable":true,"href":"https:\/\/archivioturi.lavocedelpaese.info\/index.php\/wp-json\/wp\/v2\/users\/1"}],"replies":[{"embeddable":true,"href":"https:\/\/archivioturi.lavocedelpaese.info\/index.php\/wp-json\/wp\/v2\/comments?post=2878"}],"version-history":[{"count":0,"href":"https:\/\/archivioturi.lavocedelpaese.info\/index.php\/wp-json\/wp\/v2\/posts\/2878\/revisions"}],"wp:featuredmedia":[{"embeddable":true,"href":"https:\/\/archivioturi.lavocedelpaese.info\/index.php\/wp-json\/wp\/v2\/media\/2876"}],"wp:attachment":[{"href":"https:\/\/archivioturi.lavocedelpaese.info\/index.php\/wp-json\/wp\/v2\/media?parent=2878"}],"wp:term":[{"taxonomy":"category","embeddable":true,"href":"https:\/\/archivioturi.lavocedelpaese.info\/index.php\/wp-json\/wp\/v2\/categories?post=2878"},{"taxonomy":"post_tag","embeddable":true,"href":"https:\/\/archivioturi.lavocedelpaese.info\/index.php\/wp-json\/wp\/v2\/tags?post=2878"}],"curies":[{"name":"wp","href":"https:\/\/api.w.org\/{rel}","templated":true}]}}