{"id":2859,"date":"2010-09-01T06:56:05","date_gmt":"2010-09-01T06:56:05","guid":{"rendered":"https:\/\/archivioturi.lavocedelpaese.info\/index.php\/2010\/09\/01\/agosto-2010-lettera-firmata\/"},"modified":"2010-09-01T06:56:05","modified_gmt":"2010-09-01T06:56:05","slug":"agosto-2010-lettera-firmata","status":"publish","type":"post","link":"https:\/\/archivioturi.lavocedelpaese.info\/index.php\/2010\/09\/01\/agosto-2010-lettera-firmata\/","title":{"rendered":"AGOSTO 2010, LETTERA FIRMATA: PUNTIAMO SU TURI"},"content":{"rendered":"<p><img loading=\"lazy\" decoding=\"async\" class=\" size-full wp-image-1160\" alt=\"turi\" height=\"150\" width=\"320\" src=\"https:\/\/archivioturi.lavocedelpaese.info\/wp-content\/uploads\/2010\/01\/turi.jpg\" srcset=\"https:\/\/archivioturi.lavocedelpaese.info\/wp-content\/uploads\/2010\/01\/turi.jpg 640w, https:\/\/archivioturi.lavocedelpaese.info\/wp-content\/uploads\/2010\/01\/turi-300x142.jpg 300w\" sizes=\"auto, (max-width: 320px) 100vw, 320px\" \/> <\/p>\n<p style=\"text-align: justify;\"><span style=\"font-size: 10pt;\"><span style=\"font-family: verdana, geneva;\"><strong>Riceviamo e pubblichiamo.<\/strong><\/span><\/span><\/p>\n<p>\u00a0<\/p>\n<hr style=\"text-align: justify;\" \/>\n<p style=\"text-align: justify;\"><span style=\"font-size: 10pt;\"><span style=\"font-family: verdana, geneva;\">In questi giorni d\u2019estate ho avuto modo di ascoltare da pi\u00f9 persone ed in diversi contesti, molte lamentele circa l\u2019apatia che ormai attanaglia il nostro Paese direi da diversi anni o se preferite alcuni decenni.<\/span><\/span><\/p>\n<p><span style=\"font-size: 10pt;\"><span style=\"font-family: verdana, geneva;\"> <\/span><\/span><\/p>\n<p style=\"text-align: justify;\"><span style=\"font-size: 10pt;\"><span style=\"font-family: verdana, geneva;\">Questa disamina, spero oggettiva e condivisa, non deve essere confusa con le altre, non certo per la provenienza bens\u00ec, me lo auguro, per lo spirito che mi spinge ad affrontare e\u00a0 approfondire l\u2019argomento. Ci\u00f2 mi sento quasi obbligato moralmente a farlo per diverse ragioni:<\/span><\/span><\/p>\n<p><span style=\"font-size: 10pt;\"><span style=\"font-family: verdana, geneva;\"> <\/span><\/span><\/p>\n<p style=\"text-align: justify;\"><span style=\"font-size: 10pt;\"><span style=\"font-family: verdana, geneva;\">&#8211; <\/span><\/span><strong><span style=\"font-size: 10pt;\"><span style=\"font-family: verdana, geneva;\">come genitore<\/span><\/span><\/strong><span style=\"font-size: 10pt;\"><span style=\"font-family: verdana, geneva;\"> vorrei poter lasciare ai nostri figli un paese migliore rispetto a qualche decennio fa e non certo un paese impoverito socialmente ed economicamente<\/span><\/span><\/p>\n<p><span style=\"font-size: 10pt;\"><span style=\"font-family: verdana, geneva;\"> <\/span><\/span><\/p>\n<p style=\"text-align: justify;\"><span style=\"font-size: 10pt;\"><span style=\"font-family: verdana, geneva;\">&#8211; <\/span><\/span><strong><span style=\"font-size: 10pt;\"><span style=\"font-family: verdana, geneva;\">come cittadino<\/span><\/span><\/strong><span style=\"font-size: 10pt;\"><span style=\"font-family: verdana, geneva;\"> verso coloro che hanno deciso di trasferirsi a Turi dopo aver saputo che fosse un paese tranquillo ed invece si sono ritrovati inconsapevolmente a vivere questo momento apatico<\/span><\/span><\/p>\n<p><span style=\"font-size: 10pt;\"><span style=\"font-family: verdana, geneva;\"> <\/span><\/span><\/p>\n<p style=\"text-align: justify;\"><span style=\"font-size: 10pt;\"><span style=\"font-family: verdana, geneva;\">&#8211; <\/span><\/span><strong><span style=\"font-size: 10pt;\"><span style=\"font-family: verdana, geneva;\">come imprenditore<\/span><\/span><\/strong><span style=\"font-size: 10pt;\"><span style=\"font-family: verdana, geneva;\"> che non pu\u00f2 usufruire della dinamicit\u00e0 di una citt\u00e0 evoluta e pronta a recepire le opportunit\u00e0 che potrebbero arrivare interagendo con altri Comuni, Enti e Associazioni in quello che oggi chiameremmo in una sola parola \u201cglobalizzazione\u201d.<\/span><\/span><\/p>\n<p><span style=\"font-size: 10pt;\"><span style=\"font-family: verdana, geneva;\"> <\/span><\/span><\/p>\n<p style=\"text-align: justify;\"><span style=\"font-size: 10pt;\"><span style=\"font-family: verdana, geneva;\">Prima di esaminare le ragioni precedenti che, sono sicuro, potranno essere condivise da tanti, vorrei subito esporre il mio parere circa la posizione delle Amministrazioni, passate ed attuale, alle quali non possiamo addebitare in modo diretto le responsabilit\u00e0 di questa apatia (sociale ed economica) ma altres\u00ec sono state <\/span><\/span><strong><span style=\"font-size: 10pt;\"><span style=\"font-family: verdana, geneva;\">carenti nel dare un nuovo ed indelebile \u201cindirizzo\u201d al nostro Paese<\/span><\/span><\/strong><span style=\"font-size: 10pt;\"><span style=\"font-family: verdana, geneva;\"> non promuovendo e non agevolando il privato verso attivit\u00e0 lavorative, sociali e culturali alternative a quelle in disuso o rafforzando quelle a noi gi\u00e0 tradizionalmente conosciute. Ritengo giusto e doveroso precisare quanto esposto dato che le sorti di una singola attivit\u00e0 sia essa lavorativa che ludica non potr\u00e0 mai essere addebitata in positivo o negativo alla Pubblica Amministrazione bens\u00ec alla creativit\u00e0, competenza e tenacia del privato che, se Impresa ne trarr\u00e0 profitto, se Sodalizio ne trarr\u00e0 beneficio per l\u2019oggetto sociale per il quale si adopera ogni giorno.<\/span><\/span><\/p>\n<p><span style=\"font-size: 10pt;\"><span style=\"font-family: verdana, geneva;\"> <\/span><\/span><\/p>\n<p style=\"text-align: justify;\"><span style=\"font-size: 10pt;\"><span style=\"font-family: verdana, geneva;\">Le Amministrazioni pertanto hanno, a mio modesto parere, solo alcuni compiti e responsabilit\u00e0 in tal senso che adesso prover\u00f2 ad approfondire; compiti finalizzati ad agevolare tali iniziative dei privati e non certo a render loro la vita ancor pi\u00f9 difficile.<\/span><\/span><\/p>\n<p><span style=\"font-size: 10pt;\"><span style=\"font-family: verdana, geneva;\"> <\/span><\/span><\/p>\n<p style=\"text-align: justify;\"><span style=\"font-size: 10pt;\"><span style=\"font-family: verdana, geneva;\">Comincerei dalla <\/span><\/span><strong><span style=\"font-size: 10pt;\"><span style=\"font-family: verdana, geneva;\">legalit\u00e0 sul territorio<\/span><\/span><\/strong><span style=\"font-size: 10pt;\"><span style=\"font-family: verdana, geneva;\">. E\u2019 indispensabile interagire continuamente con le Forze dell\u2019Ordine, garantire il rispetto delle regole da parte dei cittadini, combattere l\u2019evasione e gli abusi arrivando all\u2019eliminazione, con la trasparenza dovuta, di qualunque dubbio nelle pieghe che l\u2019amministrazione della cosa pubblica a volte evidenzia ma spesso non affronta. Ci\u00f2 avrebbe delle ricadute molto positive sulla cittadinanza e l\u2019imprenditoria. Infatti nessun imprenditore \u00e8 invogliato a investire su un territorio dove la legalit\u00e0 non \u00e8 garantita al 100%. Le giovani coppie si sentirebbero pi\u00f9 rassicurate avvicinandosi all\u2019idea di mettere al mondo un figlio perch\u00e9, se la precariet\u00e0 del lavoro \u00e8 una cosa molto seria al punto di cambiare il profilo della famiglia, \u00e8 cosa ancor pi\u00f9 seria saper di dover vivere in una citt\u00e0, dai pi\u00f9 definita oasi felice, che non lo \u00e8 pi\u00f9.<\/span><\/span><\/p>\n<p><span style=\"font-size: 10pt;\"><span style=\"font-family: verdana, geneva;\"> <\/span><\/span><\/p>\n<p style=\"text-align: justify;\"><span style=\"font-size: 10pt;\"><span style=\"font-family: verdana, geneva;\">Al secondo posto sicuramente le <\/span><\/span><strong><span style=\"font-size: 10pt;\"><span style=\"font-family: verdana, geneva;\">infrastrutture o strumenti urbanistici<\/span><\/span><\/strong><span style=\"font-size: 10pt;\"><span style=\"font-family: verdana, geneva;\"> che dir si voglia idonei a supportare (garantendo la legalit\u00e0) le iniziative degli investitori, senza demagogia ma con risposte tempestive ed esaustive in modo da mettere l\u2019interlocutore, Privato o Societ\u00e0, nella condizione ideale per prendere una decisione senza rischi o danni per la loro Impresa.<\/span><\/span><\/p>\n<p><span style=\"font-size: 10pt;\"><span style=\"font-family: verdana, geneva;\"> <\/span><\/span><\/p>\n<p style=\"text-align: justify;\"><span style=\"font-size: 10pt;\"><span style=\"font-family: verdana, geneva;\">Un altro punto non meno importante potrebbe essere quello di \u201c<\/span><\/span><strong><span style=\"font-size: 10pt;\"><span style=\"font-family: verdana, geneva;\">sorvegliare il sistema Creditizio<\/span><\/span><\/strong><span style=\"font-size: 10pt;\"><span style=\"font-family: verdana, geneva;\">\u201d bancario che per quanto privato, comunque \u00e8 soggetto a regole ben precise (legalit\u00e0 del credito) fugando eventuali \u201ccartelli\u201d che pur rimanendo nei parametri imposti da Basilea 2, non aiutano le PMI ad investire. A tal proposito vorrei richiamare l&#8217;attenzione sul fatto che buona parte delle piccole imprese non riescono ad arrivare singolarmente alle agevolazioni finanziarie della Regione Puglia unitamente a Fondi Europei. Ci\u00f2 \u00e8 possibile con l&#8217;aiuto delle Amministrazioni e delle Federazioni di categoria, consorziandosi e quindi poter aspirare in quota parte ad un cospicuo finanziamento o in Conto capitale o in Conto interessi.<\/span><\/span><\/p>\n<p><span style=\"font-size: 10pt;\"><span style=\"font-family: verdana, geneva;\"> <\/span><\/span><\/p>\n<p style=\"text-align: justify;\"><span style=\"font-size: 10pt;\"><span style=\"font-family: verdana, geneva;\">Questo argomento pu\u00f2 rappresentare in un momento economico cos\u00ec difficile, un\u2019ottima possibilit\u00e0 di crescita o soltanto di poter affrontare meglio la stretta creditizia imposta da tutto il sistema bancario. Non \u00e8 un caso il varo in tempi recenti della Banca del Sud.<\/span><\/span><\/p>\n<p><span style=\"font-size: 10pt;\"><span style=\"font-family: verdana, geneva;\"> <\/span><\/span><\/p>\n<p style=\"text-align: justify;\"><span style=\"font-size: 10pt;\"><span style=\"font-family: verdana, geneva;\">Non meno importante \u00e8 il <\/span><\/span><strong><span style=\"font-size: 10pt;\"><span style=\"font-family: verdana, geneva;\">Patrocinio ed il sostegno<\/span><\/span><\/strong><span style=\"font-size: 10pt;\"><span style=\"font-family: verdana, geneva;\"> di tutte le iniziative meritevoli di carattere Culturale, ponendo una attenta divisione tra Cultura fine a se stessa e quella propedeutica. Mi dilungherei troppo a spiegarne le differenze secondo il mio modesto parere ma \u00e8 fondamentale far crescere culturalmente il nostro paese perch\u00e9 da questa crescita pu\u00f2 e sono sicuro dipender\u00e0 il futuro di Turi. Non a caso, chi ha creduto prima di noi in questo concetto, ha avuto negli ultimi anni una forte crescita economica, sociale e complessivamente di qualit\u00e0 della vita.<\/span><\/span><\/p>\n<p><span style=\"font-size: 10pt;\"><span style=\"font-family: verdana, geneva;\"> <\/span><\/span><\/p>\n<p style=\"text-align: justify;\"><span style=\"font-size: 10pt;\"><span style=\"font-family: verdana, geneva;\">In conclusione il futuro \u00e8 nelle nostre mani ovvero del singolo cittadino e di tutta la collettivit\u00e0 ma anche della future Amministrazioni che sicuramente dovranno affrontare problemi di diversa natura e di non facile soluzione confrontandosi con grandi ristrettezze economiche che sicuramente non aiuteranno a far girare facilmente la macchina amministrativa. Sar\u00e0 fondamentale da questo punto di vista avere le idee molto chiare sulle entrate certe e calibrare le uscite creando le priorit\u00e0 e rimanendo con i piedi per terra come farebbe un buon padre di famiglia.<\/span><\/span><\/p>\n<p><span style=\"font-size: 10pt;\"><span style=\"font-family: verdana, geneva;\"> <\/span><\/span><\/p>\n<p style=\"text-align: justify;\"><span style=\"font-size: 10pt;\"><span style=\"font-family: verdana, geneva;\">Non chiedetemi come ci\u00f2 sar\u00e0 possibile ma lo auspico e\u00a0 se potr\u00f2 nel mio piccolo agevoler\u00f2 tutte le iniziative che andranno in quella direzione.<\/span><\/span><\/p>\n<p><span style=\"font-size: 10pt;\"><span style=\"font-family: verdana, geneva;\"> <\/span><\/span><\/p>\n<p style=\"text-align: justify;\"><span style=\"font-size: 10pt;\"><span style=\"font-family: verdana, geneva;\">A tal proposito vorrei rinnovare l&#8217;invito a tutti i miei concittadini molto pi\u00f9 preparati di me sul piano culturale a dare il loro contributo perch\u00e9 solo coinvolgendoci reciprocamente potremo fare sistema e dare fondo alla vitalit\u00e0 che i turesi nei momenti di necessit\u00e0, lo hanno dimostrato in passato, sanno tirar fuori. Questo \u00e8 il momento di farlo, ognuno scegliendo il modo, ma tutti possiamo e dobbiamo farlo.<\/span><\/span><\/p>\n<p><span style=\"font-size: 10pt;\"><span style=\"font-family: verdana, geneva;\"> <\/span><\/span><\/p>\n<p style=\"text-align: justify;\"><span style=\"font-size: 10pt;\"><span style=\"font-family: verdana, geneva;\">Ringrazio la Redazione per lo spazio che mi dedicherete ed attendo fiducioso proposte, critiche e commenti come accade in un Paese democratico che lascia spazio al pluralismo piuttosto che al protagonismo.<\/span><\/span><\/p>\n<p><span style=\"font-size: 10pt;\"><span style=\"font-family: verdana, geneva;\"> <\/span><\/span><\/p>\n<p style=\"text-align: right;\"><span style=\"font-size: 10pt;\"><span style=\"font-family: verdana, geneva;\">Angelo Orlandi<\/span><\/span><\/p>\n<p>\u00a0<\/p>\n","protected":false},"excerpt":{"rendered":"<p><img loading=\"lazy\" decoding=\"async\" class=\" size-full wp-image-1160\" alt=\"turi\" height=\"150\" width=\"320\" src=\"https:\/\/archivioturi.lavocedelpaese.info\/wp-content\/uploads\/2010\/01\/turi.jpg\" srcset=\"https:\/\/archivioturi.lavocedelpaese.info\/wp-content\/uploads\/2010\/01\/turi.jpg 640w, https:\/\/archivioturi.lavocedelpaese.info\/wp-content\/uploads\/2010\/01\/turi-300x142.jpg 300w\" sizes=\"auto, (max-width: 320px) 100vw, 320px\" \/> <\/p>\n","protected":false},"author":1,"featured_media":1160,"comment_status":"open","ping_status":"closed","sticky":false,"template":"","format":"standard","meta":{"colormag_page_container_layout":"default_layout","colormag_page_sidebar_layout":"default_layout","footnotes":""},"categories":[7],"tags":[],"class_list":["post-2859","post","type-post","status-publish","format-standard","has-post-thumbnail","hentry","category-attualita"],"_links":{"self":[{"href":"https:\/\/archivioturi.lavocedelpaese.info\/index.php\/wp-json\/wp\/v2\/posts\/2859","targetHints":{"allow":["GET"]}}],"collection":[{"href":"https:\/\/archivioturi.lavocedelpaese.info\/index.php\/wp-json\/wp\/v2\/posts"}],"about":[{"href":"https:\/\/archivioturi.lavocedelpaese.info\/index.php\/wp-json\/wp\/v2\/types\/post"}],"author":[{"embeddable":true,"href":"https:\/\/archivioturi.lavocedelpaese.info\/index.php\/wp-json\/wp\/v2\/users\/1"}],"replies":[{"embeddable":true,"href":"https:\/\/archivioturi.lavocedelpaese.info\/index.php\/wp-json\/wp\/v2\/comments?post=2859"}],"version-history":[{"count":0,"href":"https:\/\/archivioturi.lavocedelpaese.info\/index.php\/wp-json\/wp\/v2\/posts\/2859\/revisions"}],"wp:featuredmedia":[{"embeddable":true,"href":"https:\/\/archivioturi.lavocedelpaese.info\/index.php\/wp-json\/wp\/v2\/media\/1160"}],"wp:attachment":[{"href":"https:\/\/archivioturi.lavocedelpaese.info\/index.php\/wp-json\/wp\/v2\/media?parent=2859"}],"wp:term":[{"taxonomy":"category","embeddable":true,"href":"https:\/\/archivioturi.lavocedelpaese.info\/index.php\/wp-json\/wp\/v2\/categories?post=2859"},{"taxonomy":"post_tag","embeddable":true,"href":"https:\/\/archivioturi.lavocedelpaese.info\/index.php\/wp-json\/wp\/v2\/tags?post=2859"}],"curies":[{"name":"wp","href":"https:\/\/api.w.org\/{rel}","templated":true}]}}