{"id":2822,"date":"2010-08-28T20:41:23","date_gmt":"2010-08-28T20:41:23","guid":{"rendered":"https:\/\/archivioturi.lavocedelpaese.info\/index.php\/2010\/08\/28\/santoronzo-2010-messa-alla-grotta\/"},"modified":"2010-08-28T20:41:23","modified_gmt":"2010-08-28T20:41:23","slug":"santoronzo-2010-messa-alla-grotta","status":"publish","type":"post","link":"https:\/\/archivioturi.lavocedelpaese.info\/index.php\/2010\/08\/28\/santoronzo-2010-messa-alla-grotta\/","title":{"rendered":"SANT&#8217;ORONZO 2010: MESSA ALLA GROTTA"},"content":{"rendered":"<p><img loading=\"lazy\" decoding=\"async\" class=\" size-full wp-image-2821\" width=\"320\" height=\"150\" src=\"https:\/\/archivioturi.lavocedelpaese.info\/wp-content\/uploads\/2010\/08\/Santoronzo-messa-mattina.jpg\" alt=\"Santoronzo-messa-mattina\" srcset=\"https:\/\/archivioturi.lavocedelpaese.info\/wp-content\/uploads\/2010\/08\/Santoronzo-messa-mattina.jpg 640w, https:\/\/archivioturi.lavocedelpaese.info\/wp-content\/uploads\/2010\/08\/Santoronzo-messa-mattina-300x141.jpg 300w\" sizes=\"auto, (max-width: 320px) 100vw, 320px\" \/> <\/p>\n<p style=\"text-align: justify;\">Gi\u00e0 dalle ore 7 della mattina del 26 agosto si respira aria di festa\u2026 Molti turesi si avviano verso il cimitero, per la S. Messa dell\u2019alba del 26, che ricorda il martirio di S. Oronzo, nel 68 d.C.<\/p>\n<div style=\"text-align: justify;\"><\/div>\n<p style=\"text-align: justify;\">Le sedie conservate nel Cappellone non bastano mai, in tanti portano con s\u00e9 sedie da casa, ma non sono comunque sufficienti per la tanta gente che si d\u00e0 appuntamento nello spiazzo antistante il cimitero. Molti restano in piedi, all\u2019alba di un sole gi\u00e0 caldissimo.<\/p>\n<div style=\"text-align: justify;\"><\/div>\n<p style=\"text-align: justify;\">Celebra la S. Messa don Davide Garganese, che ricorda con piacere gli anni trascorsi a Turi, da diacono prima e poi da novello sacerdote, e la sua prima Messa, celebrata appunto a Turi.<\/p>\n<div style=\"text-align: justify;\"><\/div>\n<p style=\"text-align: justify;\">Durante l\u2019omelia, don Davide si sofferma sulla necessit\u00e0 di essere cristiani veri, sull\u2019esempio di Oronzo: \u201cNon c\u2019\u00e8 bisogno della religione di facciata, dobbiamo invece impregnare tutta la societ\u00e0 dei veri valori cristiani, vissuti con verit\u00e0 e coraggio\u201d.<\/p>\n<div style=\"text-align: justify;\"><\/div>\n<p style=\"text-align: justify;\">Ha sorpreso l\u2019assenza del sindaco e di tutti gli esponenti della giunta\u00a0 e del nostro consiglio comunale. Le quattro sedie lasciate cordialmente libere per le autorit\u00e0 sono rimaste vuote, \u00a0un pugno nell\u2019occhio nello spiazzo pieno di gente, anche in piedi.<\/p>\n<div style=\"text-align: justify;\"><\/div>\n<p style=\"text-align: justify;\">Alla fine della Messa, dopo aver riposto le sedie nel Cappellone, si \u00e8 approfittato per una visita alla Grotta dove Oronzo ha vissuto, un momento sempre molto toccante.<\/p>\n<div style=\"text-align: justify;\"><\/div>\n<p style=\"text-align: justify;\">I fuochi d\u2019artificio, alla fine della Messa, hanno svegliato il paese, ricordando a tutti l\u2019inizio dei festeggiamenti.<\/p>\n<p style=\"text-align: justify;\">\u00a0<\/p>\n<p style=\"text-align: center;\">\n<object data=\"http:\/\/www.youtube.com\/v\/55KGZVmSrmA?fs=1&amp;hl=it_IT&amp;rel=0&amp;hd=1&amp;border=1\" type=\"application\/x-shockwave-flash\" height=\"405\" width=\"660\"><param name=\"allowfullscreen\" value=\"true\" \/><param name=\"allowscriptaccess\" value=\"always\" \/><param name=\"src\" value=\"http:\/\/www.youtube.com\/v\/55KGZVmSrmA?fs=1&amp;hl=it_IT&amp;rel=0&amp;hd=1&amp;border=1\" \/><\/object><\/p>\n","protected":false},"excerpt":{"rendered":"<p><img loading=\"lazy\" decoding=\"async\" class=\" size-full wp-image-2821\" width=\"320\" height=\"150\" src=\"https:\/\/archivioturi.lavocedelpaese.info\/wp-content\/uploads\/2010\/08\/Santoronzo-messa-mattina.jpg\" alt=\"Santoronzo-messa-mattina\" srcset=\"https:\/\/archivioturi.lavocedelpaese.info\/wp-content\/uploads\/2010\/08\/Santoronzo-messa-mattina.jpg 640w, https:\/\/archivioturi.lavocedelpaese.info\/wp-content\/uploads\/2010\/08\/Santoronzo-messa-mattina-300x141.jpg 300w\" sizes=\"auto, (max-width: 320px) 100vw, 320px\" \/> <\/p>\n","protected":false},"author":1,"featured_media":2821,"comment_status":"open","ping_status":"closed","sticky":false,"template":"","format":"standard","meta":{"colormag_page_container_layout":"default_layout","colormag_page_sidebar_layout":"default_layout","footnotes":""},"categories":[7],"tags":[],"class_list":["post-2822","post","type-post","status-publish","format-standard","has-post-thumbnail","hentry","category-attualita"],"_links":{"self":[{"href":"https:\/\/archivioturi.lavocedelpaese.info\/index.php\/wp-json\/wp\/v2\/posts\/2822","targetHints":{"allow":["GET"]}}],"collection":[{"href":"https:\/\/archivioturi.lavocedelpaese.info\/index.php\/wp-json\/wp\/v2\/posts"}],"about":[{"href":"https:\/\/archivioturi.lavocedelpaese.info\/index.php\/wp-json\/wp\/v2\/types\/post"}],"author":[{"embeddable":true,"href":"https:\/\/archivioturi.lavocedelpaese.info\/index.php\/wp-json\/wp\/v2\/users\/1"}],"replies":[{"embeddable":true,"href":"https:\/\/archivioturi.lavocedelpaese.info\/index.php\/wp-json\/wp\/v2\/comments?post=2822"}],"version-history":[{"count":0,"href":"https:\/\/archivioturi.lavocedelpaese.info\/index.php\/wp-json\/wp\/v2\/posts\/2822\/revisions"}],"wp:featuredmedia":[{"embeddable":true,"href":"https:\/\/archivioturi.lavocedelpaese.info\/index.php\/wp-json\/wp\/v2\/media\/2821"}],"wp:attachment":[{"href":"https:\/\/archivioturi.lavocedelpaese.info\/index.php\/wp-json\/wp\/v2\/media?parent=2822"}],"wp:term":[{"taxonomy":"category","embeddable":true,"href":"https:\/\/archivioturi.lavocedelpaese.info\/index.php\/wp-json\/wp\/v2\/categories?post=2822"},{"taxonomy":"post_tag","embeddable":true,"href":"https:\/\/archivioturi.lavocedelpaese.info\/index.php\/wp-json\/wp\/v2\/tags?post=2822"}],"curies":[{"name":"wp","href":"https:\/\/api.w.org\/{rel}","templated":true}]}}