{"id":2766,"date":"2010-08-22T18:10:11","date_gmt":"2010-08-22T18:10:11","guid":{"rendered":"https:\/\/archivioturi.lavocedelpaese.info\/index.php\/2010\/08\/22\/genghi-protesta-per-le-condizioni-del-carro\/"},"modified":"2010-08-22T18:10:11","modified_gmt":"2010-08-22T18:10:11","slug":"genghi-protesta-per-le-condizioni-del-carro","status":"publish","type":"post","link":"https:\/\/archivioturi.lavocedelpaese.info\/index.php\/2010\/08\/22\/genghi-protesta-per-le-condizioni-del-carro\/","title":{"rendered":"GENGHI PROTESTA PER LE CONDIZIONI DEL CARRO"},"content":{"rendered":"<p><img loading=\"lazy\" decoding=\"async\" class=\" size-full wp-image-855\" src=\"https:\/\/archivioturi.lavocedelpaese.info\/wp-content\/uploads\/2009\/12\/lettera.jpg\" width=\"320\" height=\"150\" alt=\"lettera\" srcset=\"https:\/\/archivioturi.lavocedelpaese.info\/wp-content\/uploads\/2009\/12\/lettera.jpg 640w, https:\/\/archivioturi.lavocedelpaese.info\/wp-content\/uploads\/2009\/12\/lettera-300x141.jpg 300w\" sizes=\"auto, (max-width: 320px) 100vw, 320px\" \/> <\/p>\n<p style=\"text-align: justify;\"><span style=\"font-size: 10pt;\"><span style=\"font-family: verdana, geneva;\">Riceviamo e pubblichiamo<\/span><\/span><\/p>\n<p style=\"text-align: justify;\"><span style=\"font-size: 10pt;\"><span style=\"font-family: verdana, geneva;\"> <\/span><\/span><\/p>\n<hr \/>\n<p style=\"text-align: justify;\"><span style=\"font-size: 10pt;\"><span style=\"font-family: verdana, geneva;\">Siamo ormai alla vigilia della festa patronale. Come consuetudine,\u00a0 il <strong>Carro trionfale<\/strong>, con la statua di sant\u2019Oronzo, sar\u00e0 portato fra un mare di folla in piazza Silvio Orlandi. Le aggravate condizioni del Carro, specialmente nelle parti posteriore e laterali, perch\u00e9 meno protette, sono la conseguenza della colpevole incuria anche di questa amministrazione, che conta la quarta festa patronale del suo mandato.<\/span><\/span><\/p>\n<p><span style=\"font-size: 10pt;\"><span style=\"font-family: verdana, geneva;\"> <\/span><\/span><\/p>\n<p style=\"text-align: justify;\"><span style=\"font-size: 10pt;\"><span style=\"font-family: verdana, geneva;\">Con la stessa puntualit\u00e0 della festa, anche quest\u2019anno non desisto dal fare sentire la protesta per le deplorevoli condizioni del carro, prima che la critica arrivi dai forestieri e dai nostri concittadini emigrati che ritornano per l\u2019occasione. In quanto questi ultimi per il loro ancor forte attaccamento alle radici umane, religiose, storiche, culturali, tradizionali della nostra comunit\u00e0, sono pi\u00f9 critici ed esigenti di quanto non lo siano i pi\u00f9 dormienti, poco attenti e corresponsabili abitanti del posto.<\/span><\/span><\/p>\n<p><span style=\"font-size: 10pt;\"><span style=\"font-family: verdana, geneva;\"> <\/span><\/span><\/p>\n<p style=\"text-align: justify;\"><span style=\"font-size: 10pt;\"><span style=\"font-family: verdana, geneva;\">In primo luogo la responsabilit\u00e0 \u00e8 farla ricadere su una amministrazione insensibile e sorda, anche quando il sottoscritto ha proposto alcune possibilit\u00e0, poco dispendiose, per chiudere il lato anteriore della torre che continua, fin dalla sua incompleta costruzione, ad esporre il carro agli agenti \u00a0atmosferici ed al guano dei volatili, ma non c\u2019\u00e8 stato nessun intervento. Alla processione di gala, i \u2018poco di buono\u2019, come al solito, si schiereranno impettiti e boriosi nelle prime file e chiss\u00e0 se sar\u00e0 il primo cittadino ad indossare la fascia tricolore o se come ha fatto per le feste dei comuni vicini delegher\u00e0 un qualsiasi consigliere della maggioranza o dell\u2019 opposizione.<\/span><\/span><\/p>\n<p><span style=\"font-size: 10pt;\"><span style=\"font-family: verdana, geneva;\"> <\/span><\/span><\/p>\n<p style=\"text-align: justify;\"><span style=\"font-size: 10pt;\"><span style=\"font-family: verdana, geneva;\">Almeno avesse avuto l\u2019accortezza di inviarli in posti pi\u00f9 distanti, l\u00e0 dove non li conosce nessuno e non a Putignano, dove, molti turesi, legati da vincoli di parentela, o di amicizia, sono stati oggetto di ironica critica e di sberleffo da parte di chi non ha apprezzato chi indossava la fascia, ritenendolo poco rappresentativo.<\/span><\/span><\/p>\n<p><span style=\"font-size: 10pt;\"><span style=\"font-family: verdana, geneva;\"> <\/span><\/span><\/p>\n<p style=\"text-align: justify;\"><span style=\"font-size: 10pt;\"><span style=\"font-family: verdana, geneva;\">Di questo passo si potr\u00e0 arrivare a vedere un qualche pastore tedesco con il tricolore al collo seguito dal gonfalone di Turi. Non bastavano le commedie di quelle precedenti, ci volevano anche le farse di quest\u2019amministrazione per continuare ad offrire indecorosi spettacoli.<\/span><\/span><\/p>\n<p><span style=\"font-size: 10pt;\"><span style=\"font-family: verdana, geneva;\"> <\/span><\/span><\/p>\n<p style=\"text-align: justify;\"><span style=\"font-size: 10pt;\"><span style=\"font-family: verdana, geneva;\">Per approfondire fatti e misfatti della civica amministrazione do appuntamento in piazza a settembre. Per ora godiamoci la festa che, grazie all\u2019instancabile impegno di Giammaria Di Venere continua a sopravvivere nel suo splendore, portando, per qualche giorno, Turi agli onori della cronaca.<\/span><\/span><\/p>\n<p style=\"text-align: right;\"><span style=\"font-size: 10pt;\"><span style=\"font-family: verdana, geneva;\">ANGELO MATTEO GENGHI<\/span><\/span><\/p>\n<p>\u00a0<\/p>\n","protected":false},"excerpt":{"rendered":"<p><img loading=\"lazy\" decoding=\"async\" class=\" size-full wp-image-855\" src=\"https:\/\/archivioturi.lavocedelpaese.info\/wp-content\/uploads\/2009\/12\/lettera.jpg\" width=\"320\" height=\"150\" alt=\"lettera\" srcset=\"https:\/\/archivioturi.lavocedelpaese.info\/wp-content\/uploads\/2009\/12\/lettera.jpg 640w, https:\/\/archivioturi.lavocedelpaese.info\/wp-content\/uploads\/2009\/12\/lettera-300x141.jpg 300w\" sizes=\"auto, (max-width: 320px) 100vw, 320px\" \/> <\/p>\n","protected":false},"author":1,"featured_media":855,"comment_status":"open","ping_status":"closed","sticky":false,"template":"","format":"standard","meta":{"colormag_page_container_layout":"default_layout","colormag_page_sidebar_layout":"default_layout","footnotes":""},"categories":[9],"tags":[],"class_list":["post-2766","post","type-post","status-publish","format-standard","has-post-thumbnail","hentry","category-la-voce-del-paese"],"_links":{"self":[{"href":"https:\/\/archivioturi.lavocedelpaese.info\/index.php\/wp-json\/wp\/v2\/posts\/2766","targetHints":{"allow":["GET"]}}],"collection":[{"href":"https:\/\/archivioturi.lavocedelpaese.info\/index.php\/wp-json\/wp\/v2\/posts"}],"about":[{"href":"https:\/\/archivioturi.lavocedelpaese.info\/index.php\/wp-json\/wp\/v2\/types\/post"}],"author":[{"embeddable":true,"href":"https:\/\/archivioturi.lavocedelpaese.info\/index.php\/wp-json\/wp\/v2\/users\/1"}],"replies":[{"embeddable":true,"href":"https:\/\/archivioturi.lavocedelpaese.info\/index.php\/wp-json\/wp\/v2\/comments?post=2766"}],"version-history":[{"count":0,"href":"https:\/\/archivioturi.lavocedelpaese.info\/index.php\/wp-json\/wp\/v2\/posts\/2766\/revisions"}],"wp:featuredmedia":[{"embeddable":true,"href":"https:\/\/archivioturi.lavocedelpaese.info\/index.php\/wp-json\/wp\/v2\/media\/855"}],"wp:attachment":[{"href":"https:\/\/archivioturi.lavocedelpaese.info\/index.php\/wp-json\/wp\/v2\/media?parent=2766"}],"wp:term":[{"taxonomy":"category","embeddable":true,"href":"https:\/\/archivioturi.lavocedelpaese.info\/index.php\/wp-json\/wp\/v2\/categories?post=2766"},{"taxonomy":"post_tag","embeddable":true,"href":"https:\/\/archivioturi.lavocedelpaese.info\/index.php\/wp-json\/wp\/v2\/tags?post=2766"}],"curies":[{"name":"wp","href":"https:\/\/api.w.org\/{rel}","templated":true}]}}