{"id":2710,"date":"2010-08-12T05:46:21","date_gmt":"2010-08-12T05:46:21","guid":{"rendered":"https:\/\/archivioturi.lavocedelpaese.info\/index.php\/2010\/08\/12\/petruzzi-ormai-lagricoltura-e-in-ginocchio\/"},"modified":"2010-08-12T05:46:21","modified_gmt":"2010-08-12T05:46:21","slug":"petruzzi-ormai-lagricoltura-e-in-ginocchio","status":"publish","type":"post","link":"https:\/\/archivioturi.lavocedelpaese.info\/index.php\/2010\/08\/12\/petruzzi-ormai-lagricoltura-e-in-ginocchio\/","title":{"rendered":"PETRUZZI: ORMAI L\u2019AGRICOLTURA \u00c9 IN GINOCCHIO"},"content":{"rendered":"<p><img loading=\"lazy\" decoding=\"async\" class=\" size-full wp-image-2709\" src=\"https:\/\/archivioturi.lavocedelpaese.info\/wp-content\/uploads\/2010\/08\/agricoltura.jpg\" width=\"320\" height=\"150\" alt=\"agricoltura\" \/> <\/p>\n<p style=\"text-align: justify;\"><span style=\"font-size: 10pt;\"><span style=\"font-family: verdana, geneva;\">Ritorniamo a parlare di agricoltura con il presidente della Coldiretti, <\/span><\/span><strong><span style=\"font-size: 10pt;\"><span style=\"font-family: verdana, geneva;\">Vincenzo Petruzzi<\/span><\/span><\/strong><span style=\"font-size: 10pt;\"><span style=\"font-family: verdana, geneva;\">. Ci siamo soffermati sul raccolto delle percoche, pi\u00f9 che buono sia per quantit\u00e0, sia per qualit\u00e0. \u201cS\u00ec, \u00e8 cos\u00ec \u2013 annuisce\u00a0 Petruzzi \u2013 vengono anche dai paesi vicini a comprarle. E poi la qualit\u00e0 di quest\u2019anno \u00e8 davvero extra.\u201d<\/span><\/span><\/p>\n<p style=\"text-align: justify;\"><strong><span style=\"font-size: 10pt;\"><span style=\"font-family: verdana, geneva;\">Mentre l\u2019annata dell\u2019uva come si preannuncia?<\/span><\/span><\/strong><\/p>\n<p style=\"text-align: justify;\"><span style=\"font-size: 10pt;\"><span style=\"font-family: verdana, geneva;\">\u201cSi stanno vendemmiando da parecchi giorni le variet\u00e0 \u2018primizie\u2019 come la \u2018vittoria\u2019, la \u2018pizzutella\u2019 e altre. L\u2019annata \u00e8 buona. L\u2019apirene? Malgrado un leggero scetticismo, il futuro \u00e8 per il consumo dell\u2019uva priva di semi.\u201d<\/span><\/span><\/p>\n<p style=\"text-align: justify;\"><strong><span style=\"font-size: 10pt;\"><span style=\"font-family: verdana, geneva;\">Tornando un attimo alle ciliegie, vorrei il suo parere sulle innaffiature dei ciliegeti nonostante gli stessi coltivatori ammettano che gli alberi stiano \u2018divinamente\u2019.<\/span><\/span><\/strong><\/p>\n<p style=\"text-align: justify;\"><span style=\"font-size: 10pt;\"><span style=\"font-family: verdana, geneva;\">\u201cAl di l\u00e0 delle piogge insistenti dell\u2019inverno e di quelle di maggio, malgrado il terreno sia rimasto umido, i ciliegeti vanno comunque aiutati perch\u00e9 abituati alle irrigazioni estive dato che i ciliegi hanno radici pi\u00f9 superficiali e un metabolismo diverso rispetto a quelli che non sono stati mai irrigati.\u201d<\/span><\/span><\/p>\n<p style=\"text-align: justify;\"><strong><span style=\"font-size: 10pt;\"><span style=\"font-family: verdana, geneva;\">Che momento sta attraversando l\u2019agricoltura?<\/span><\/span><\/strong><\/p>\n<p style=\"text-align: justify;\"><span style=\"font-size: 10pt;\"><span style=\"font-family: verdana, geneva;\">\u201cSiamo in una fase di stallo. Solo per il grano abbiamo un leggero aumento spiegabile con il dramma della gente di Russia. Vivendo tutti in unico villaggio globale, per il dramma che colpisce una nazione, finiscono per trarre vantaggi tutte le altre. Nel frattempo aumentano i costi di produzione che mettono in ginocchio l\u2019agricoltura e tutti gli operatori che si dedicano ad essa.\u201d<\/span><\/span><\/p>\n<p style=\"text-align: justify;\"><strong><span style=\"font-size: 10pt;\"><span style=\"font-family: verdana, geneva;\">Ci chiediamo se, con un\u2019agricoltura messa cos\u00ec male e in piena crisi, \u00a0le sembra che la decisione del nostro sindaco di togliere l\u2019assessorato all\u2019agricoltura per ridurla a una semplice delega da collezionare, sia da sottoscrivere?<\/span><\/span><\/strong><\/p>\n<p style=\"text-align: justify;\"><span style=\"font-size: 10pt;\"><span style=\"font-family: verdana, geneva;\">\u201cIo, fossi stato sindaco, non l\u2019avrei assolutamente tolta. Un paese soprattutto agricolo come il nostro ha la necessit\u00e0 di avere l\u2019autorevolezza di un assessore all\u2019agricoltura in funzione dei\u00a0 rapporti con enti come la Provincia e la Regione.\u201d<\/span><\/span><\/p>\n","protected":false},"excerpt":{"rendered":"<p><img loading=\"lazy\" decoding=\"async\" class=\" size-full wp-image-2709\" src=\"https:\/\/archivioturi.lavocedelpaese.info\/wp-content\/uploads\/2010\/08\/agricoltura.jpg\" width=\"320\" height=\"150\" alt=\"agricoltura\" \/> <\/p>\n","protected":false},"author":1,"featured_media":2709,"comment_status":"open","ping_status":"closed","sticky":false,"template":"","format":"standard","meta":{"colormag_page_container_layout":"default_layout","colormag_page_sidebar_layout":"default_layout","footnotes":""},"categories":[7],"tags":[],"class_list":["post-2710","post","type-post","status-publish","format-standard","has-post-thumbnail","hentry","category-attualita"],"_links":{"self":[{"href":"https:\/\/archivioturi.lavocedelpaese.info\/index.php\/wp-json\/wp\/v2\/posts\/2710","targetHints":{"allow":["GET"]}}],"collection":[{"href":"https:\/\/archivioturi.lavocedelpaese.info\/index.php\/wp-json\/wp\/v2\/posts"}],"about":[{"href":"https:\/\/archivioturi.lavocedelpaese.info\/index.php\/wp-json\/wp\/v2\/types\/post"}],"author":[{"embeddable":true,"href":"https:\/\/archivioturi.lavocedelpaese.info\/index.php\/wp-json\/wp\/v2\/users\/1"}],"replies":[{"embeddable":true,"href":"https:\/\/archivioturi.lavocedelpaese.info\/index.php\/wp-json\/wp\/v2\/comments?post=2710"}],"version-history":[{"count":0,"href":"https:\/\/archivioturi.lavocedelpaese.info\/index.php\/wp-json\/wp\/v2\/posts\/2710\/revisions"}],"wp:featuredmedia":[{"embeddable":true,"href":"https:\/\/archivioturi.lavocedelpaese.info\/index.php\/wp-json\/wp\/v2\/media\/2709"}],"wp:attachment":[{"href":"https:\/\/archivioturi.lavocedelpaese.info\/index.php\/wp-json\/wp\/v2\/media?parent=2710"}],"wp:term":[{"taxonomy":"category","embeddable":true,"href":"https:\/\/archivioturi.lavocedelpaese.info\/index.php\/wp-json\/wp\/v2\/categories?post=2710"},{"taxonomy":"post_tag","embeddable":true,"href":"https:\/\/archivioturi.lavocedelpaese.info\/index.php\/wp-json\/wp\/v2\/tags?post=2710"}],"curies":[{"name":"wp","href":"https:\/\/api.w.org\/{rel}","templated":true}]}}