{"id":2694,"date":"2010-08-09T18:58:49","date_gmt":"2010-08-09T18:58:49","guid":{"rendered":"https:\/\/archivioturi.lavocedelpaese.info\/index.php\/2010\/08\/09\/luniversita-della-terza-eta-in-scena-a-sammichele\/"},"modified":"2010-08-09T18:58:49","modified_gmt":"2010-08-09T18:58:49","slug":"luniversita-della-terza-eta-in-scena-a-sammichele","status":"publish","type":"post","link":"https:\/\/archivioturi.lavocedelpaese.info\/index.php\/2010\/08\/09\/luniversita-della-terza-eta-in-scena-a-sammichele\/","title":{"rendered":"L\u2019UNIVERSIT\u00c0 DELLA TERZA ET\u00c0 IN SCENA A SAMMICHELE"},"content":{"rendered":"<p><img loading=\"lazy\" decoding=\"async\" class=\" size-full wp-image-2693\" alt=\"home_viziose_sammichele3_-_Copia\" src=\"https:\/\/archivioturi.lavocedelpaese.info\/wp-content\/uploads\/2010\/08\/home_viziose_sammichele3_-_Copia.jpg\" height=\"150\" width=\"320\" srcset=\"https:\/\/archivioturi.lavocedelpaese.info\/wp-content\/uploads\/2010\/08\/home_viziose_sammichele3_-_Copia.jpg 640w, https:\/\/archivioturi.lavocedelpaese.info\/wp-content\/uploads\/2010\/08\/home_viziose_sammichele3_-_Copia-300x141.jpg 300w\" sizes=\"auto, (max-width: 320px) 100vw, 320px\" \/> <\/p>\n<p style=\"text-align: justify;\"><span style=\"font-size: 10pt;\"><span style=\"font-family: verdana, geneva;\">Il 5 agosto scorso, l\u2019<\/span><\/span><strong><span style=\"font-size: 10pt;\"><span style=\"font-family: verdana, geneva;\">\u201cUniversit\u00e0 della terza et\u00e0\u201ddi Turi<\/span><\/span><\/strong><span style=\"font-size: 10pt;\"><span style=\"font-family: verdana, geneva;\"> ha rappresentato presso il Castello Caracciolo di Sammichele di Bari, la commedia liberamente tratta da\u201cTre pecore viziose\u201d di Eduardo Scarpetta, con la regia di Domenico Di Bari. L\u2019evento organizzato anche grazie alla locale Pro Loco \u201cDino Bianco\u201d\u00a0 prevedeva inizialmente il pagamento del biglietto ma, poi, grazie al patrocinio dell\u2019amministrazione comunale (presente il vicesindaco Leonardo Di Cataldo),\u00a0 si \u00e8 riusciti a coprire tutte le spese. Le tre pecore viziose sono Fortunato, Camillo e Felice (\u201ccapitalista del fischietto\u201d)<\/span><\/span><em><span style=\"font-size: 10pt;\"><span style=\"font-family: verdana, geneva;\">, <\/span><\/span><\/em><span style=\"font-size: 10pt;\"><span style=\"font-family: verdana, geneva;\">tutti e tre sposati, che a dispetto delle mogli, se la spassano con delle giovani modiste, alle quali lasciano credere di essere scapoli e di avere la serissima intenzione di sposarle. <\/span><\/span><\/p>\n<p style=\"text-align: justify;\"><span style=\"font-size: 10pt;\"><span style=\"font-family: verdana, geneva;\">La comicit\u00e0 \u00e8 stata data oltre che dalla capacit\u00e0 degli attori, se pur dilettanti, di mettere del proprio in ogni personaggio, anche dal contrasto di tono tra la severa Beatrice minacciosa e tuonante nel suo ruolo istituzionale di moglie restia al perdono e i tre \u201cviziosi\u201dche cercano, colti in fragrante di giustificarsi in ogni modo; dall\u2019esuberante personaggio di Giulietta e della vecchietta padrona di casa che arriva in scena con una candela in mano, perch\u00e9 in seguito ad uno scherzo, la luce \u00e8 andata via. Il titolo indica il tema del vizio del maschio, dell&#8217;uomo sposato, che maschio non par che possa pi\u00f9 definirsi se non si lascia andare a divertimenti extraconiugali; la commedia \u00e8 intrisa di ironia su un\u2019epoca dove parlare di matrimonio \u00e8 difficile e bisogna prendersi chi capita, se pur attempato. <\/span><\/span><\/p>\n<p style=\"text-align: justify;\"><span style=\"font-size: 10pt;\"><span style=\"font-family: verdana, geneva;\">Il regista, che \u00e8 stato premiato con una targa ricordo, \u00e8 intervenuto affermando di aver vissuto una grande avventura con le diverse et\u00e0 e non solo, quindi, una semplice esperienza teatrale. \u201cHo lavorato con attori se pur dilettanti, straordinari. Questo progetto mi ha entusiasmato di anno in anno ma senza questo grande materiale umano, senza lo scambio ed il confronto non ci sarebbe stata crescita. Grazie di cuore a tutti.\u201d Carmela Vittore ha concluso esprimendo la gioia di essere tornata nella sua culla \u201cse non ci fosse stato il nostro regista, non avremmo mai raggiunto la grossa sfida di vincere la paura del palcoscenico, con un bel risultato. Non siamo attori ma stiamo bene insieme ed \u00e8 stato un teatro terapeutico per tutti.\u201d<\/span><\/span><\/p>\n<p style=\"text-align: justify;\"><span style=\"font-family: verdana, geneva; font-size: small;\"><span><br \/><\/span><\/span><\/p>\n<p style=\"text-align: justify;\"><span style=\"font-size: 10pt;\"><span style=\"font-family: verdana, geneva;\">Rappresentazione svoltasi a Turi:\u00a0<a href=\"http:\/\/turiweb.it\/cultura\/1531-tre-pecore-viziose-con-lute.html\">http:\/\/turiweb.it\/cultura\/1531-tre-pecore-viziose-con-lute.html<\/a><\/span><\/span><\/p>\n<p style=\"text-align: justify;\"><span style=\"font-size: 10pt;\"><span style=\"font-family: verdana, geneva;\"> <\/span><\/span><\/p>\n<p style=\"text-align: justify;\"><span style=\"font-size: 10pt;\"><span style=\"font-family: verdana, geneva;\"> <\/span><\/span><\/p>\n<p><object data=\"http:\/\/picasaweb.google.it\/s\/c\/bin\/slideshow.swf\" type=\"application\/x-shockwave-flash\" height=\"660\" width=\"660\"><param name=\"flashvars\" value=\"host=picasaweb.google.it&amp;hl=it&amp;feat=flashalbum&amp;RGB=0x000000&amp;feed=http%3A%2F%2Fpicasaweb.google.it%2Fdata%2Ffeed%2Fapi%2Fuser%2Fredazioneturiweb%2Falbumid%2F5503489679351209569%3Falt%3Drss%26kind%3Dphoto%26hl%3Dit\" \/><param name=\"src\" value=\"http:\/\/picasaweb.google.it\/s\/c\/bin\/slideshow.swf\" \/><\/object><\/p>\n","protected":false},"excerpt":{"rendered":"<p><img loading=\"lazy\" decoding=\"async\" class=\" size-full wp-image-2693\" alt=\"home_viziose_sammichele3_-_Copia\" src=\"https:\/\/archivioturi.lavocedelpaese.info\/wp-content\/uploads\/2010\/08\/home_viziose_sammichele3_-_Copia.jpg\" height=\"150\" width=\"320\" srcset=\"https:\/\/archivioturi.lavocedelpaese.info\/wp-content\/uploads\/2010\/08\/home_viziose_sammichele3_-_Copia.jpg 640w, https:\/\/archivioturi.lavocedelpaese.info\/wp-content\/uploads\/2010\/08\/home_viziose_sammichele3_-_Copia-300x141.jpg 300w\" sizes=\"auto, (max-width: 320px) 100vw, 320px\" \/> <\/p>\n","protected":false},"author":1,"featured_media":2693,"comment_status":"open","ping_status":"closed","sticky":false,"template":"","format":"standard","meta":{"colormag_page_container_layout":"default_layout","colormag_page_sidebar_layout":"default_layout","footnotes":""},"categories":[6],"tags":[],"class_list":["post-2694","post","type-post","status-publish","format-standard","has-post-thumbnail","hentry","category-cultura"],"_links":{"self":[{"href":"https:\/\/archivioturi.lavocedelpaese.info\/index.php\/wp-json\/wp\/v2\/posts\/2694","targetHints":{"allow":["GET"]}}],"collection":[{"href":"https:\/\/archivioturi.lavocedelpaese.info\/index.php\/wp-json\/wp\/v2\/posts"}],"about":[{"href":"https:\/\/archivioturi.lavocedelpaese.info\/index.php\/wp-json\/wp\/v2\/types\/post"}],"author":[{"embeddable":true,"href":"https:\/\/archivioturi.lavocedelpaese.info\/index.php\/wp-json\/wp\/v2\/users\/1"}],"replies":[{"embeddable":true,"href":"https:\/\/archivioturi.lavocedelpaese.info\/index.php\/wp-json\/wp\/v2\/comments?post=2694"}],"version-history":[{"count":0,"href":"https:\/\/archivioturi.lavocedelpaese.info\/index.php\/wp-json\/wp\/v2\/posts\/2694\/revisions"}],"wp:featuredmedia":[{"embeddable":true,"href":"https:\/\/archivioturi.lavocedelpaese.info\/index.php\/wp-json\/wp\/v2\/media\/2693"}],"wp:attachment":[{"href":"https:\/\/archivioturi.lavocedelpaese.info\/index.php\/wp-json\/wp\/v2\/media?parent=2694"}],"wp:term":[{"taxonomy":"category","embeddable":true,"href":"https:\/\/archivioturi.lavocedelpaese.info\/index.php\/wp-json\/wp\/v2\/categories?post=2694"},{"taxonomy":"post_tag","embeddable":true,"href":"https:\/\/archivioturi.lavocedelpaese.info\/index.php\/wp-json\/wp\/v2\/tags?post=2694"}],"curies":[{"name":"wp","href":"https:\/\/api.w.org\/{rel}","templated":true}]}}