{"id":2690,"date":"2010-08-07T23:06:13","date_gmt":"2010-08-07T23:06:13","guid":{"rendered":"https:\/\/archivioturi.lavocedelpaese.info\/index.php\/2010\/08\/07\/lultimatum-di-paolo-tundo-allamministrazione\/"},"modified":"2010-08-07T23:06:13","modified_gmt":"2010-08-07T23:06:13","slug":"lultimatum-di-paolo-tundo-allamministrazione","status":"publish","type":"post","link":"https:\/\/archivioturi.lavocedelpaese.info\/index.php\/2010\/08\/07\/lultimatum-di-paolo-tundo-allamministrazione\/","title":{"rendered":"L&#8217;ULTIMATUM DI PAOLO TUNDO ALL&#8217;AMMINISTRAZIONE"},"content":{"rendered":"<p><img loading=\"lazy\" decoding=\"async\" class=\" alignleft size-full wp-image-1291\" style=\"float: left;\" alt=\"paolo_tundo-boccardi\" src=\"https:\/\/archivioturi.lavocedelpaese.info\/wp-content\/uploads\/2010\/01\/paolo_tundo-boccardi.jpg\" width=\"320\" height=\"150\" srcset=\"https:\/\/archivioturi.lavocedelpaese.info\/wp-content\/uploads\/2010\/01\/paolo_tundo-boccardi.jpg 640w, https:\/\/archivioturi.lavocedelpaese.info\/wp-content\/uploads\/2010\/01\/paolo_tundo-boccardi-300x141.jpg 300w\" sizes=\"auto, (max-width: 320px) 100vw, 320px\" \/> <\/p>\n<p style=\"text-align: justify;\">\u201cChiedo che il patto del 30 giugno sia rispettato. Tundo \u00e8 il vicesindaco, gli accordi vanno rispettati\u201d. <strong>Paolo Tundo<\/strong>, dalle colonne di <em>Turiweb<\/em>, rivendica i famosi accordi del 30 giugno scorso e lancia l\u2019ultimatum all\u2019amministrazione comunale.<\/p>\n<div style=\"text-align: justify;\"><\/div>\n<p style=\"text-align: justify;\"><strong>\u201cIn caso contrario &#8211;<\/strong> spiega Tundo &#8211; nel caso il patto non venga rispettato, prender\u00f2 atto della mancanza di rispetto nei confronti degli elettori e della mia persona. Chiedo che sia ristabilito l\u2019accordo nel pi\u00f9 breve tempo possibile. Ora mi sento deluso, ferito, umiliato, preso in giro. Cos\u00ec come dovrebbero sentirsi tutti gli elettori.\u201d<\/p>\n<div style=\"text-align: justify;\"><\/div>\n<p style=\"text-align: justify;\">&#8220;Il 30 giugno &#8211; racconta Tundo &#8211; siamo stati convocati al partito con tutto il gruppo consiliare. In quella circostanza, Franco D\u2019Addabbo si \u00e8 dimesso volontariamente dalla carica di vicesindaco e assessore, senza che nessuno l\u2019avesse costretto, per dare impulso e stabilit\u00e0 nel completamento del mandato, per dare pi\u00f9 coesione e serenit\u00e0 al gruppo. Come assessore poi entrava Cazzetta. Hanno firmato tutti. Erano tutti d&#8217;accordo sul mio incarico di vicesindaco. Poi qualcuno, il giorno dopo, \u00e8 venuto meno agli accordi e si \u00e8 rimangiato quella firma. Senza che io ne sapessi nulla. Questa era l\u2019intesa. Questi gli accordi con tanto di firma.\u201d<\/p>\n<div style=\"text-align: justify;\"><\/div>\n<p style=\"text-align: justify;\">\u201cE\u2019 la seconda volta che mi viene scippato tutto. La prima volta ho fatto finta di nulla, ora basta. Mi hanno pure scippato l\u2019attivit\u00e0 sportiva. Io sono l\u2019uomo pi\u00f9 rappresentativo, a livello elettorale, dopo Boccardi. Mi spettava di diritto e per volont\u00e0 elettorale dei cittadini.<\/p>\n<div style=\"text-align: justify;\"><\/div>\n<p style=\"text-align: justify;\">Cos\u00ec si viene meno pure alla volont\u00e0 elettorale indicata dai cittadini. Questa \u00e8 mancanza di seriet\u00e0 nei confronti di un uomo umile, che ha dimostrato con vari atti di responsabilit\u00e0 &#8211; vedi il 30 luglio al consiglio per la rendicontazione &#8211; di badare solo agli interessi generali del paese. Non posso pi\u00f9 accettare chi gioca sulla pelle di persone che guardano con coscienza e alta moralit\u00e0 agli interessi del paese.\u201d<\/p>\n<div style=\"text-align: justify;\"><\/div>\n<p style=\"text-align: justify;\">\u201cRipeto, questo \u00e8 un avvertimento &#8211; conclude Tundo &#8211; Chi si rimangia gli accordi non \u00e8 una persona seria. La politica per me non \u00e8 ricatto. A essere buoni, ho incassato solo calci e mortificazioni. Chiedo che mi venga restituita la carica di vicesindaco, come da accordi e da volont\u00e0 elettorale, nel pi\u00f9 breve tempo possibile, con fermezza e decisione\u201d.<\/p>\n<p>A microfoni spenti, Paolo Tundo si dice comunque molto rammaricato e dispiaciuto per il trattamento riservatogli.<\/p>\n","protected":false},"excerpt":{"rendered":"<p><img loading=\"lazy\" decoding=\"async\" class=\" alignleft size-full wp-image-1291\" style=\"float: left;\" alt=\"paolo_tundo-boccardi\" src=\"https:\/\/archivioturi.lavocedelpaese.info\/wp-content\/uploads\/2010\/01\/paolo_tundo-boccardi.jpg\" width=\"320\" height=\"150\" srcset=\"https:\/\/archivioturi.lavocedelpaese.info\/wp-content\/uploads\/2010\/01\/paolo_tundo-boccardi.jpg 640w, https:\/\/archivioturi.lavocedelpaese.info\/wp-content\/uploads\/2010\/01\/paolo_tundo-boccardi-300x141.jpg 300w\" sizes=\"auto, (max-width: 320px) 100vw, 320px\" \/> <\/p>\n","protected":false},"author":1,"featured_media":1291,"comment_status":"open","ping_status":"closed","sticky":false,"template":"","format":"standard","meta":{"colormag_page_container_layout":"default_layout","colormag_page_sidebar_layout":"default_layout","footnotes":""},"categories":[4],"tags":[],"class_list":["post-2690","post","type-post","status-publish","format-standard","has-post-thumbnail","hentry","category-politica"],"_links":{"self":[{"href":"https:\/\/archivioturi.lavocedelpaese.info\/index.php\/wp-json\/wp\/v2\/posts\/2690","targetHints":{"allow":["GET"]}}],"collection":[{"href":"https:\/\/archivioturi.lavocedelpaese.info\/index.php\/wp-json\/wp\/v2\/posts"}],"about":[{"href":"https:\/\/archivioturi.lavocedelpaese.info\/index.php\/wp-json\/wp\/v2\/types\/post"}],"author":[{"embeddable":true,"href":"https:\/\/archivioturi.lavocedelpaese.info\/index.php\/wp-json\/wp\/v2\/users\/1"}],"replies":[{"embeddable":true,"href":"https:\/\/archivioturi.lavocedelpaese.info\/index.php\/wp-json\/wp\/v2\/comments?post=2690"}],"version-history":[{"count":0,"href":"https:\/\/archivioturi.lavocedelpaese.info\/index.php\/wp-json\/wp\/v2\/posts\/2690\/revisions"}],"wp:featuredmedia":[{"embeddable":true,"href":"https:\/\/archivioturi.lavocedelpaese.info\/index.php\/wp-json\/wp\/v2\/media\/1291"}],"wp:attachment":[{"href":"https:\/\/archivioturi.lavocedelpaese.info\/index.php\/wp-json\/wp\/v2\/media?parent=2690"}],"wp:term":[{"taxonomy":"category","embeddable":true,"href":"https:\/\/archivioturi.lavocedelpaese.info\/index.php\/wp-json\/wp\/v2\/categories?post=2690"},{"taxonomy":"post_tag","embeddable":true,"href":"https:\/\/archivioturi.lavocedelpaese.info\/index.php\/wp-json\/wp\/v2\/tags?post=2690"}],"curies":[{"name":"wp","href":"https:\/\/api.w.org\/{rel}","templated":true}]}}