{"id":2668,"date":"2010-08-05T13:07:04","date_gmt":"2010-08-05T13:07:04","guid":{"rendered":"https:\/\/archivioturi.lavocedelpaese.info\/index.php\/2010\/08\/05\/premiate-le-squadre-dellaskesis-summer\/"},"modified":"2010-08-05T13:07:04","modified_gmt":"2010-08-05T13:07:04","slug":"premiate-le-squadre-dellaskesis-summer","status":"publish","type":"post","link":"https:\/\/archivioturi.lavocedelpaese.info\/index.php\/2010\/08\/05\/premiate-le-squadre-dellaskesis-summer\/","title":{"rendered":"PREMIATE LE SQUADRE DELL\u2019ASKESIS SUMMER"},"content":{"rendered":"<p><img loading=\"lazy\" decoding=\"async\" class=\" size-full wp-image-2667\" src=\"https:\/\/archivioturi.lavocedelpaese.info\/wp-content\/uploads\/2010\/08\/beach_volley.jpg\" width=\"320\" height=\"150\" alt=\"beach_volley\" srcset=\"https:\/\/archivioturi.lavocedelpaese.info\/wp-content\/uploads\/2010\/08\/beach_volley.jpg 640w, https:\/\/archivioturi.lavocedelpaese.info\/wp-content\/uploads\/2010\/08\/beach_volley-300x141.jpg 300w\" sizes=\"auto, (max-width: 320px) 100vw, 320px\" \/> <\/p>\n<p style=\"text-align: justify;\"><span style=\"font-size: 10pt;\"><span style=\"font-family: verdana, geneva;\">Gran finale venerd\u00ec scorso 30 luglio presso il <strong>Centro Sportivo \u201cAskesis\u201d <\/strong>dove si sono svolte le fasi finali dei tornei sportivi con conseguente premiazione dell\u2019<strong>Askesis Summer 2010<\/strong>. <\/span><\/span><\/p>\n<p style=\"text-align: justify;\"><span style=\"font-size: 10pt;\"><span style=\"font-family: verdana, geneva;\">Dopo le finali di calcio a 5 under 18 e quelli di beach volley 4&#215;4 misto si \u00e8 proceduto alla premiazione delle squadre e degli sportivi pi\u00f9 meritevoli.\u00a0 Andando con ordine, gli organizzatori hanno premiato le squadre del torneo di beach soccer, che ha visto trionfare la squadra\u00a0 \u201cAsse sit?\u201d che ha battuto in finale la squadra de \u201cGli Spateddet\u201d per quattro a due con il talento Palazzo mattatore del match finale con quattro reti. Capocannoniere del torneo \u00e8 stato Fabio Posa.<\/span><\/span><\/p>\n<p style=\"text-align: justify;\"><span style=\"font-size: 10pt;\"><span style=\"font-family: verdana, geneva;\">Emozionante \u00e8 stata la finalissima del torneo di calcio a 5 under 18 dove l\u2019ha spuntata la squadra de \u201cI ragazzi del Setaccio\u201d contro un\u2019ottima squadra come quella dei \u201cWild Boys Pu\u2019glet\u201d , che si \u00e8 arresa nel finale del match con il punteggio di sei a quattro. Sul gradino pi\u00f9 basso del podio si \u00e8 piazzata \u201cLa Farinata\u201d.\u00a0 Gli organizzatori hanno voluto dare un premio anche ai ragazzi de \u201cGli Azzurri\u201d come squadra rivelazione. I premi individuali sono andati ad Antonio Ventrella, come miglior portiere ed a Silvio Anastasio, come miglior giocatore.<\/span><\/span><\/p>\n<p style=\"text-align: justify;\"><span style=\"font-size: 10pt;\"><span style=\"font-family: verdana, geneva;\">Veniamo ora al beach volley 4&#215;4 misto che ha visto prevalere in finale \u201cGli Scamb la Portir\u201d contro \u201cGli Amici dello Sciatore\u201d per due ad uno. Terza piazza invece per la squadra con l\u2019ennesimo strano nome \u201cIe facl a te\u201d. Miglior giocatore del torneo \u00e8 risultato Alberto Colapietro.<\/span><\/span><\/p>\n<p style=\"text-align: justify;\"><span style=\"font-size: 10pt;\"><span style=\"font-family: verdana, geneva;\">Soddisfatti gli organizzatori dell\u2019evento, composti da quattro ragazzi, Gianfranco e Lorenzo Simone, Antonio Iacovazzi e Francesco Valentini, con il supporto del dj Leandro Di Ciolla, che hanno voluto ringraziare le squadre partecipanti ed i giornalisti presenti, e ci hanno confidato che la manifestazione verr\u00e0 riproposta l\u2019anno prossimo, con alcune novit\u00e0 e con tanto entusiasmo in pi\u00f9.<\/span><\/span><\/p>\n","protected":false},"excerpt":{"rendered":"<p><img loading=\"lazy\" decoding=\"async\" class=\" size-full wp-image-2667\" src=\"https:\/\/archivioturi.lavocedelpaese.info\/wp-content\/uploads\/2010\/08\/beach_volley.jpg\" width=\"320\" height=\"150\" alt=\"beach_volley\" srcset=\"https:\/\/archivioturi.lavocedelpaese.info\/wp-content\/uploads\/2010\/08\/beach_volley.jpg 640w, https:\/\/archivioturi.lavocedelpaese.info\/wp-content\/uploads\/2010\/08\/beach_volley-300x141.jpg 300w\" sizes=\"auto, (max-width: 320px) 100vw, 320px\" \/> <\/p>\n","protected":false},"author":1,"featured_media":2667,"comment_status":"open","ping_status":"closed","sticky":false,"template":"","format":"standard","meta":{"colormag_page_container_layout":"default_layout","colormag_page_sidebar_layout":"default_layout","footnotes":""},"categories":[5],"tags":[],"class_list":["post-2668","post","type-post","status-publish","format-standard","has-post-thumbnail","hentry","category-sport"],"_links":{"self":[{"href":"https:\/\/archivioturi.lavocedelpaese.info\/index.php\/wp-json\/wp\/v2\/posts\/2668","targetHints":{"allow":["GET"]}}],"collection":[{"href":"https:\/\/archivioturi.lavocedelpaese.info\/index.php\/wp-json\/wp\/v2\/posts"}],"about":[{"href":"https:\/\/archivioturi.lavocedelpaese.info\/index.php\/wp-json\/wp\/v2\/types\/post"}],"author":[{"embeddable":true,"href":"https:\/\/archivioturi.lavocedelpaese.info\/index.php\/wp-json\/wp\/v2\/users\/1"}],"replies":[{"embeddable":true,"href":"https:\/\/archivioturi.lavocedelpaese.info\/index.php\/wp-json\/wp\/v2\/comments?post=2668"}],"version-history":[{"count":0,"href":"https:\/\/archivioturi.lavocedelpaese.info\/index.php\/wp-json\/wp\/v2\/posts\/2668\/revisions"}],"wp:featuredmedia":[{"embeddable":true,"href":"https:\/\/archivioturi.lavocedelpaese.info\/index.php\/wp-json\/wp\/v2\/media\/2667"}],"wp:attachment":[{"href":"https:\/\/archivioturi.lavocedelpaese.info\/index.php\/wp-json\/wp\/v2\/media?parent=2668"}],"wp:term":[{"taxonomy":"category","embeddable":true,"href":"https:\/\/archivioturi.lavocedelpaese.info\/index.php\/wp-json\/wp\/v2\/categories?post=2668"},{"taxonomy":"post_tag","embeddable":true,"href":"https:\/\/archivioturi.lavocedelpaese.info\/index.php\/wp-json\/wp\/v2\/tags?post=2668"}],"curies":[{"name":"wp","href":"https:\/\/api.w.org\/{rel}","templated":true}]}}