{"id":2602,"date":"2010-07-24T06:12:34","date_gmt":"2010-07-24T06:12:34","guid":{"rendered":"https:\/\/archivioturi.lavocedelpaese.info\/index.php\/2010\/07\/24\/turi-il-centro-destra-che-non-ce\/"},"modified":"2010-07-24T06:12:34","modified_gmt":"2010-07-24T06:12:34","slug":"turi-il-centro-destra-che-non-ce","status":"publish","type":"post","link":"https:\/\/archivioturi.lavocedelpaese.info\/index.php\/2010\/07\/24\/turi-il-centro-destra-che-non-ce\/","title":{"rendered":"TURI, IL CENTRO-DESTRA CHE NON C\u2019E\u2019"},"content":{"rendered":"<p><img loading=\"lazy\" decoding=\"async\" class=\" size-full wp-image-2324\" src=\"https:\/\/archivioturi.lavocedelpaese.info\/wp-content\/uploads\/2010\/06\/CONSIGLIO_175.jpg\" width=\"320\" height=\"150\" alt=\"CONSIGLIO_175\" srcset=\"https:\/\/archivioturi.lavocedelpaese.info\/wp-content\/uploads\/2010\/06\/CONSIGLIO_175.jpg 640w, https:\/\/archivioturi.lavocedelpaese.info\/wp-content\/uploads\/2010\/06\/CONSIGLIO_175-300x141.jpg 300w\" sizes=\"auto, (max-width: 320px) 100vw, 320px\" \/> <\/p>\n<p style=\"text-align: justify;\"><span style=\"font-size: 10pt;\"><span style=\"font-family: verdana, geneva;\">Che Turi sia culturalmente di centro\u2013destra, \u00e8 fuori discussione. Da sempre il suo elettorato ha trovato una collocazione in partiti o movimenti politici che si rifacevano a determinati valori beneficiando di un largo consenso elettorale, ad eccezione di alcuni periodi limitati e circoscritti temporalmente: mi riferisco agli anni \u201880 quando il Partito Socialista a Turi ottenne un diffuso sostegno elettorale e nelle due parentesi di amministrazioni di centro\u2013sinistra dal 1993 al 1997 e dal 2002 al 2007.<\/span><\/span><\/p>\n<p style=\"text-align: justify;\"><span style=\"font-size: 10pt;\"><span style=\"font-family: verdana, geneva;\">Queste due ultime amministrazioni, comunque, intanto furono possibili perch\u00e9 il centro\u2013destra si present\u00f2 diviso e per la capacit\u00e0 di alcuni candidati delle liste di centro\u2013sinistra di intercettare il consenso \u201cmoderato\u201d che alla fine risult\u00f2 determinante per le due vittorie.<\/span><\/span><\/p>\n<p style=\"text-align: justify;\"><span style=\"font-size: 10pt;\"><span style=\"font-family: verdana, geneva;\">Quindi, negli ultimi \u201860 anni le amministrazioni di centro\u2013sinistra hanno rappresentato brevi parentesi anche se molto significative circa i risultati conseguiti a favore dei propri \u201camministrati\u201d.<\/span><\/span><\/p>\n<p style=\"text-align: justify;\"><span style=\"font-size: 10pt;\"><span style=\"font-family: verdana, geneva;\">Tuttavia, come detto, il dato di partenza \u00e8 che Turi \u00e8 sostanzialmente di centro\u2013destra. Ma \u00e8 proprio questo diffuso elettorato che da tempo avverte una crisi di rappresentativit\u00e0, ed oggi pi\u00f9 che in passato a seguito dell\u2019operato dell\u2019attuale amministrazione che fa il paio con quella dal 1997 al 2002 tanto in termini di uomini quanto di risultati e \u201cdisarmonia\u201d. Non c\u2019\u00e8 elettore di centro\u2013destra che non manifesta la propria contrariet\u00e0 all\u2019attuale amministrazione perch\u00e9, di fatto, si sente tradita nei \u201cvalori\u201d propri del centro\u2013destra, oltre che dai risultati dell\u2019amministrazione, dei quali 3 in particolar modo.<\/span><\/span><\/p>\n<p style=\"text-align: justify;\"><span style=\"font-size: 10pt;\"><span style=\"font-family: verdana, geneva;\">1 ) Il senso delle Istituzioni.<\/span><\/span><\/p>\n<p style=\"text-align: justify;\"><span style=\"font-size: 10pt;\"><span style=\"font-family: verdana, geneva;\">Non \u00e8 possibile mortificare, fino a svilirlo, il ruolo del Consiglio comunale nel momento in cui tutti i consiglieri di maggioranza e gli assessori disertano in blocco una seduta di Consiglio o addirittura si organizzano due sedute del Consiglio Comunale, per conoscere le motivazioni delle dimissioni del Sindaco, e farle risultare deserte ancora una volta per l\u2019assenza della maggioranza e del Sindaco stesso.<\/span><\/span><\/p>\n<p style=\"text-align: justify;\"><span style=\"font-size: 10pt;\"><span style=\"font-family: verdana, geneva;\">Per non parlare dell\u2019organo esecutivo (la giunta) di cui, da oltre un mese, non si conoscono i componenti e le relative funzioni. I cittadini si chiedono: come pu\u00f2 la struttura amministrativa operare senza un riferimento politico certo?<\/span><\/span><\/p>\n<p style=\"text-align: justify;\"><span style=\"font-size: 10pt;\"><span style=\"font-family: verdana, geneva;\">2 ) Il concetto di Patria.<\/span><\/span><\/p>\n<p style=\"text-align: justify;\"><span style=\"font-size: 10pt;\"><span style=\"font-family: verdana, geneva;\">In questo caso per Patria intendo il concetto giuridico e politico di Comune, quindi di interesse generale di tutti i cittadini.<\/span><\/span><\/p>\n<p style=\"text-align: justify;\"><span style=\"font-size: 10pt;\"><span style=\"font-family: verdana, geneva;\">Ebbene, non passa giorno che non vengono fuori privilegi riservati a singoli cittadini a scapito del supremo interesse generale della comunit\u00e0.<\/span><\/span><\/p>\n<p style=\"text-align: justify;\"><span style=\"font-size: 10pt;\"><span style=\"font-family: verdana, geneva;\">Se a questo si aggiungono i molteplici bisogni presenti nella nostra comunit\u00e0, ad oggi ancora insoddisfatti\u00a0 (per tutti, si pensi ai residenti della trav. di via Noci costretti a vivere nella polvere d\u2019estate e nel fango d\u2019inverno), si comprende come anche il \u201cvalore\u201d Patria \u00e8 anch\u2019esso lontano dall\u2019essere osservato;<\/span><\/span><\/p>\n<p style=\"text-align: justify;\"><span style=\"font-size: 10pt;\"><span style=\"font-family: verdana, geneva;\">3 ) Ordine.<\/span><\/span><\/p>\n<p style=\"text-align: justify;\"><span style=\"font-size: 10pt;\"><span style=\"font-family: verdana, geneva;\">Anche questo \u00e8 lontano dall\u2019essere valore di riferimento. Ormai via XX Settembre e via Maggiore Orlandi sono strade costantemente occupate e la prima, il pi\u00f9 delle volte, anche su entrambi i lati tanto da presentare il nostro Comune agli occhi dei residenti e degli \u201c ospiti \u201c come una municipalit\u00e0 disordinata con le \u201cregole\u201d costantemente e quotidianamente disattese. Con la conseguenza che non trova posto per parcheggiare neanche il cittadino che deve recarsi in farmacia per necessit\u00e0 sanitarie e per il quale \u00e8 previsto un posto riservato.<\/span><\/span><\/p>\n<p style=\"text-align: justify;\"><span style=\"font-size: 10pt;\"><span style=\"font-family: verdana, geneva;\">Conclusioni: non basta dirsi del PDL ed indossare la maglia che inneggia a Berlusconi. Serve una classe dirigente capace di rappresentare, nell\u2019agire politico ed amministrativo, la gente che crede in quei valori. Una rappresentanza, quindi, competente e competitiva nella \u201cproposta ideale\u201d che vada oltre il privilegio spicciolo. Ed \u00e8 qui che casca l\u2019asino: \u00e8 da circa 20 anni che si avverte questa pesante assenza.<\/span><\/span><\/p>\n","protected":false},"excerpt":{"rendered":"<p><img loading=\"lazy\" decoding=\"async\" class=\" size-full wp-image-2324\" src=\"https:\/\/archivioturi.lavocedelpaese.info\/wp-content\/uploads\/2010\/06\/CONSIGLIO_175.jpg\" width=\"320\" height=\"150\" alt=\"CONSIGLIO_175\" srcset=\"https:\/\/archivioturi.lavocedelpaese.info\/wp-content\/uploads\/2010\/06\/CONSIGLIO_175.jpg 640w, https:\/\/archivioturi.lavocedelpaese.info\/wp-content\/uploads\/2010\/06\/CONSIGLIO_175-300x141.jpg 300w\" sizes=\"auto, (max-width: 320px) 100vw, 320px\" \/> <\/p>\n","protected":false},"author":1,"featured_media":2324,"comment_status":"open","ping_status":"closed","sticky":false,"template":"","format":"standard","meta":{"colormag_page_container_layout":"default_layout","colormag_page_sidebar_layout":"default_layout","footnotes":""},"categories":[4],"tags":[],"class_list":["post-2602","post","type-post","status-publish","format-standard","has-post-thumbnail","hentry","category-politica"],"_links":{"self":[{"href":"https:\/\/archivioturi.lavocedelpaese.info\/index.php\/wp-json\/wp\/v2\/posts\/2602","targetHints":{"allow":["GET"]}}],"collection":[{"href":"https:\/\/archivioturi.lavocedelpaese.info\/index.php\/wp-json\/wp\/v2\/posts"}],"about":[{"href":"https:\/\/archivioturi.lavocedelpaese.info\/index.php\/wp-json\/wp\/v2\/types\/post"}],"author":[{"embeddable":true,"href":"https:\/\/archivioturi.lavocedelpaese.info\/index.php\/wp-json\/wp\/v2\/users\/1"}],"replies":[{"embeddable":true,"href":"https:\/\/archivioturi.lavocedelpaese.info\/index.php\/wp-json\/wp\/v2\/comments?post=2602"}],"version-history":[{"count":0,"href":"https:\/\/archivioturi.lavocedelpaese.info\/index.php\/wp-json\/wp\/v2\/posts\/2602\/revisions"}],"wp:featuredmedia":[{"embeddable":true,"href":"https:\/\/archivioturi.lavocedelpaese.info\/index.php\/wp-json\/wp\/v2\/media\/2324"}],"wp:attachment":[{"href":"https:\/\/archivioturi.lavocedelpaese.info\/index.php\/wp-json\/wp\/v2\/media?parent=2602"}],"wp:term":[{"taxonomy":"category","embeddable":true,"href":"https:\/\/archivioturi.lavocedelpaese.info\/index.php\/wp-json\/wp\/v2\/categories?post=2602"},{"taxonomy":"post_tag","embeddable":true,"href":"https:\/\/archivioturi.lavocedelpaese.info\/index.php\/wp-json\/wp\/v2\/tags?post=2602"}],"curies":[{"name":"wp","href":"https:\/\/api.w.org\/{rel}","templated":true}]}}