{"id":2583,"date":"2010-07-20T12:23:19","date_gmt":"2010-07-20T12:23:19","guid":{"rendered":"https:\/\/archivioturi.lavocedelpaese.info\/index.php\/2010\/07\/20\/la-villa-menelao-turi-lascia-la-b1-e-riparte-dalla-serie-c\/"},"modified":"2010-07-20T12:23:19","modified_gmt":"2010-07-20T12:23:19","slug":"la-villa-menelao-turi-lascia-la-b1-e-riparte-dalla-serie-c","status":"publish","type":"post","link":"https:\/\/archivioturi.lavocedelpaese.info\/index.php\/2010\/07\/20\/la-villa-menelao-turi-lascia-la-b1-e-riparte-dalla-serie-c\/","title":{"rendered":"LA VILLA MENELAO TURI LASCIA LA B1 E RIPARTE DALLA SERIE C"},"content":{"rendered":"<p><img loading=\"lazy\" decoding=\"async\" class=\" size-full wp-image-899\" alt=\"villamenelaoturivolley\" height=\"150\" width=\"320\" src=\"https:\/\/archivioturi.lavocedelpaese.info\/wp-content\/uploads\/2009\/12\/villamenelaoturivolley.jpg\" srcset=\"https:\/\/archivioturi.lavocedelpaese.info\/wp-content\/uploads\/2009\/12\/villamenelaoturivolley.jpg 640w, https:\/\/archivioturi.lavocedelpaese.info\/wp-content\/uploads\/2009\/12\/villamenelaoturivolley-300x141.jpg 300w\" sizes=\"auto, (max-width: 320px) 100vw, 320px\" \/> <\/p>\n<p style=\"text-align: justify;\"><span style=\"font-size: 10pt;\"><span style=\"font-family: verdana, geneva;\"><strong>La decisione era nell\u2019aria da giorni, da oggi per\u00f2 \u00e8 ufficiale. Si conclude cos\u00ec un ciclo importante per il sodalizio biancoazzurro.<\/strong><\/span><\/span><\/p>\n<p style=\"text-align: justify;\"><span style=\"font-size: 10pt;\"><span style=\"font-family: verdana, geneva;\">Al termine di due mesi densi di trattative con numerosi partner commerciali, l\u2019ASP Villa Menelao Turi, non avendo trovato le garanzie necessarie per poter riaffrontare in maniera decorosa una nuova avventura in serie B1, ha deciso di rinunciare alla disputa del terzo campionato nazionale e di ripartire dalla serie C.<\/span><\/span><\/p>\n<p style=\"text-align: justify;\"><span style=\"font-size: 10pt;\"><span style=\"font-family: verdana, geneva;\">L\u2019amaro commento del presidente dell\u2019Asp Turi <\/span><\/span><span style=\"font-size: 10pt;\"><span style=\"font-family: verdana, geneva;\"><strong>Antonio Gasparro<\/strong><\/span><\/span><span style=\"font-size: 10pt;\"><span style=\"font-family: verdana, geneva;\">: \u201c<\/span><\/span><span style=\"font-size: 10pt;\"><span style=\"font-family: verdana, geneva;\">Abbiamo fatto tutto il possibile per cercare di salvare la B1 a Turi, ma purtroppo alla resa dei conti non \u00e8 stato sufficiente. La crisi economica che sta colpendo numerose aziende si \u00e8 ribaltata anche sulla nostra realt\u00e0. Non \u00e8 un caso che quest\u2019anno sono in difficolt\u00e0 anche tante societ\u00e0 di paesi ben pi\u00f9 grandi del nostro, in tante discipline sportive, ma soprattutto nella pallavolo, come dimostra il gran numero di squadre pugliesi che hanno ceduto il titolo o che hanno chiuso completamente. Se a ci\u00f2 si aggiunge che Turi \u00e8 priva di una zona industriale e che non c\u2019\u00e8 una sufficiente sensibilit\u00e0 da parte delle istituzioni, ha gi\u00e0 del miracoloso quello che si \u00e8 riuscito a fare in questi anni, grazie al lavoro della societ\u00e0 supportato dall\u2019impegno costante del dott. Boccardi, patron di Villa Menelao, che ci sostiene da dieci anni. Ma il rinnovo della sua fiducia nei nostri confronti assieme a poche altre aziende turesi non \u00e8 certo pi\u00f9 sufficiente per sostenere un impegno gravoso come la B1, che richiede risorse economiche non inferiori a trecentomila euro. Dinanzi al rischio di mandare in frantumi la stabilit\u00e0 della societ\u00e0 che opera da quasi vent\u2019anni con seriet\u00e0 e passione, il direttivo dell\u2019Asp Turi ha deciso, a malincuore, di rinunciare alla B1, la punta d\u2019iceberg del nostro movimento, ripartendo dal campionato regionale di serie C, salvaguardando cos\u00ec nel contempo tutto il movimento giovanile, che va dai 6 ai 18 anni, che continuer\u00e0 regolarmente la sua attivit\u00e0. Assieme a Villa Menelao<\/span><\/span><span style=\"font-size: 10pt;\"><span style=\"font-family: verdana, geneva;\"> \u2013 conclude il massimo dirigente biancoazzurro- <\/span><\/span><span style=\"font-size: 10pt;\"><span style=\"font-family: verdana, geneva;\">e a poche altre forze economiche locali e contando su un sostegno magari maggiore da parte dei tifosi, l\u2019Asp Turi riparte alla ricerca di nuove forze nel tentativo di creare una base pi\u00f9 stabile, sperando cos\u00ec di riuscire nel pi\u00f9 breve tempo possibile a ripetere i fasti degli ultimi anni\u201d<\/span><\/span><span style=\"font-size: 10pt;\"><span style=\"font-family: verdana, geneva;\">.<\/span><\/span><\/p>\n<p style=\"text-align: justify;\"><span style=\"font-size: 10pt;\"><span style=\"font-family: verdana, geneva;\">Molta amarezza per la situazione anche nelle parole del principale sponsor della societ\u00e0 turese, <\/span><\/span><span style=\"font-size: 1em; font-weight: bold; font-style: normal;\"><span style=\"font-size: 10pt;\"><span style=\"font-family: verdana, geneva;\"><strong>Michele Boccardi<\/strong>:<\/span><\/span><\/span><span style=\"font-size: 10pt;\"><span><em><span style=\"font-family: verdana, geneva;\"> <span style=\"font-family: verdana, geneva;\"><span><span style=\"font-style: normal;\">\u201c<\/span><\/span><\/span><\/span><\/em><\/span><\/span><span style=\"font-size: 1em; font-weight: normal; font-style: italic;\"><span style=\"font-size: 10pt;\"><span style=\"font-size: 10pt;\"><span style=\"font-size: 10pt;\"><span style=\"font-size: 10pt;\"><span style=\"font-size: 10pt;\"><span style=\"font-size: 10pt;\"><span style=\"font-family: verdana, geneva;\">La mia azienda <\/span><\/span><\/span><\/span><\/span><\/span><\/span><\/span><span style=\"font-size: 10pt;\"><span style=\"font-size: 10pt;\"><span style=\"font-size: 10pt;\"><span><span style=\"font-size: 10pt;\"><span style=\"font-size: 10pt;\"><span><span style=\"font-size: 10pt;\"><span style=\"font-family: verdana, geneva;\">(Sala Ricevimenti Villa Menelao, n.d.r.) <\/span><\/span><\/span><\/span><\/span><\/span><\/span><\/span><\/span><span style=\"font-size: 1em; font-weight: normal; font-style: italic;\"><span style=\"font-size: 10pt;\"><span style=\"font-size: 10pt;\"><span style=\"font-size: 10pt;\"><span><em><span style=\"font-size: 10pt;\"><span style=\"font-size: 10pt;\"><span><strong><span style=\"font-size: 10pt;\"><span style=\"font-family: verdana, geneva;\"><span style=\"font-style: normal;\"><span style=\"font-weight: normal;\">sponsorizza l\u2019ASP Turi da circa dieci anni, un connubio che si \u00e8 rivelato vincente e che ha permesso alla societ\u00e0 di strutturarsi e raggiungere risultati importantissimi. Accanto a Villa Menelao abbiamo avuto, in questi anni, la collaborazione di altri partners economici cui dobbiamo molto e che ringrazio pubblicamente. Ora per\u00f2 il mio impegno, e quello degli attuali sponsor, non \u00e8 pi\u00f9 sufficiente per sostenere una realt\u00e0 importante di B1.<\/span><\/span> <span style=\"font-style: normal;\"><span style=\"font-weight: normal;\">Nelle ultime settimane abbiamo profuso ogni sforzo per cercare nuove risorse economiche necessarie per iscriverci alla terza serie nazionale. Le risposte attese, purtroppo, non sono arrivate e questo ci ha messo davanti ad un atto di responsabilit\u00e0 per permettere la continuit\u00e0 delle attivit\u00e0 sportive dell\u2019associazione. Ne consegue che, avendo concluso un ciclo importante, ne riapriamo un altro finalizzato soprattutto alla valorizzazione dei giovani sportivi locali. Villa Menelao sar\u00e0 anche per la nuova stagione main sponsor dell\u2019ASP Turi, continuando l\u2019avventura intrapresa proprio in serie C pi\u00f9 di dieci anni fa\u201d.<\/span><\/span><\/span><\/span><\/strong><\/span><\/span><\/span><\/em><\/span><\/span><\/span><\/span><\/span><span style=\"font-size: 10pt;\"><span style=\"font-size: 10pt;\"><span style=\"font-size: 10pt;\"><span><em><span style=\"font-size: 10pt;\"><span style=\"font-size: 10pt;\"><span><strong><span style=\"font-size: 10pt;\"><span style=\"font-family: verdana, geneva;\"> <span style=\"font-weight: normal;\"><span style=\"font-style: normal;\">L\u2019auspicio finale: <\/span><span><span style=\"font-style: normal;\">\u201c<\/span><\/span><\/span><\/span><\/span><\/strong><\/span><\/span><\/span><\/em><\/span><\/span><\/span><\/span><span style=\"font-size: 1em; font-weight: normal; font-style: italic;\"><span style=\"font-size: 10pt;\"><span style=\"font-size: 10pt;\"><span style=\"font-size: 10pt;\"><span style=\"font-size: 10pt;\"><span style=\"font-size: 10pt;\"><span style=\"font-size: 10pt;\"><span style=\"font-family: verdana, geneva;\">Mi auguro che questa scelta serva a trovare nuovi sponsor che credano nel progetto e che diano, insieme a me e agli attuali sponsor, nuova linfa alla societ\u00e0 non solo per una stagione, ma legandosi ad un piano pluriennale, per consentire una programmazione seria\u201d.<\/span><\/span><\/span><\/span><\/span><\/span><\/span><\/span><\/p>\n<p style=\"text-align: justify;\"><span style=\"font-size: 1em; font-weight: normal; font-style: italic;\"><span style=\"font-size: 10pt;\"><span style=\"font-size: 10pt;\"><a target=\"_blank\" href=\"http:\/\/www.aspallavoloturi.it\/m\/wp_m\/?p=614\" rel=\"noopener\"><span style=\"font-size: 10pt;\"><span style=\"font-size: 10pt;\"><span style=\"font-size: 10pt;\"><span style=\"font-size: 10pt;\"><span style=\"font-family: verdana, geneva;\">http:\/\/www.aspallavoloturi.it\/m\/wp_m\/?p=614<\/span><\/span><\/span><\/span><\/span><\/a><\/span><\/span><\/span><\/p>\n","protected":false},"excerpt":{"rendered":"<p><img loading=\"lazy\" decoding=\"async\" class=\" size-full wp-image-899\" alt=\"villamenelaoturivolley\" height=\"150\" width=\"320\" src=\"https:\/\/archivioturi.lavocedelpaese.info\/wp-content\/uploads\/2009\/12\/villamenelaoturivolley.jpg\" srcset=\"https:\/\/archivioturi.lavocedelpaese.info\/wp-content\/uploads\/2009\/12\/villamenelaoturivolley.jpg 640w, https:\/\/archivioturi.lavocedelpaese.info\/wp-content\/uploads\/2009\/12\/villamenelaoturivolley-300x141.jpg 300w\" sizes=\"auto, (max-width: 320px) 100vw, 320px\" \/> <\/p>\n","protected":false},"author":1,"featured_media":899,"comment_status":"open","ping_status":"closed","sticky":false,"template":"","format":"standard","meta":{"colormag_page_container_layout":"default_layout","colormag_page_sidebar_layout":"default_layout","footnotes":""},"categories":[5],"tags":[],"class_list":["post-2583","post","type-post","status-publish","format-standard","has-post-thumbnail","hentry","category-sport"],"_links":{"self":[{"href":"https:\/\/archivioturi.lavocedelpaese.info\/index.php\/wp-json\/wp\/v2\/posts\/2583","targetHints":{"allow":["GET"]}}],"collection":[{"href":"https:\/\/archivioturi.lavocedelpaese.info\/index.php\/wp-json\/wp\/v2\/posts"}],"about":[{"href":"https:\/\/archivioturi.lavocedelpaese.info\/index.php\/wp-json\/wp\/v2\/types\/post"}],"author":[{"embeddable":true,"href":"https:\/\/archivioturi.lavocedelpaese.info\/index.php\/wp-json\/wp\/v2\/users\/1"}],"replies":[{"embeddable":true,"href":"https:\/\/archivioturi.lavocedelpaese.info\/index.php\/wp-json\/wp\/v2\/comments?post=2583"}],"version-history":[{"count":0,"href":"https:\/\/archivioturi.lavocedelpaese.info\/index.php\/wp-json\/wp\/v2\/posts\/2583\/revisions"}],"wp:featuredmedia":[{"embeddable":true,"href":"https:\/\/archivioturi.lavocedelpaese.info\/index.php\/wp-json\/wp\/v2\/media\/899"}],"wp:attachment":[{"href":"https:\/\/archivioturi.lavocedelpaese.info\/index.php\/wp-json\/wp\/v2\/media?parent=2583"}],"wp:term":[{"taxonomy":"category","embeddable":true,"href":"https:\/\/archivioturi.lavocedelpaese.info\/index.php\/wp-json\/wp\/v2\/categories?post=2583"},{"taxonomy":"post_tag","embeddable":true,"href":"https:\/\/archivioturi.lavocedelpaese.info\/index.php\/wp-json\/wp\/v2\/tags?post=2583"}],"curies":[{"name":"wp","href":"https:\/\/api.w.org\/{rel}","templated":true}]}}