{"id":258,"date":"2009-08-22T21:36:37","date_gmt":"2009-08-22T21:36:37","guid":{"rendered":"https:\/\/archivioturi.lavocedelpaese.info\/index.php\/2009\/08\/22\/quando-lanima-e-giovane\/"},"modified":"2009-08-22T21:36:37","modified_gmt":"2009-08-22T21:36:37","slug":"quando-lanima-e-giovane","status":"publish","type":"post","link":"https:\/\/archivioturi.lavocedelpaese.info\/index.php\/2009\/08\/22\/quando-lanima-e-giovane\/","title":{"rendered":"QUANDO L\u2019ANIMA \u00c8 GIOVANE"},"content":{"rendered":"<p><img loading=\"lazy\" decoding=\"async\" class=\" size-full wp-image-257\" alt=\"La-nonna-scritta-da-Alfre\" src=\"https:\/\/archivioturi.lavocedelpaese.info\/wp-content\/uploads\/2009\/08\/La-nonna-scritta-da-Alfre.jpg\" height=\"156\" width=\"320\" srcset=\"https:\/\/archivioturi.lavocedelpaese.info\/wp-content\/uploads\/2009\/08\/La-nonna-scritta-da-Alfre.jpg 410w, https:\/\/archivioturi.lavocedelpaese.info\/wp-content\/uploads\/2009\/08\/La-nonna-scritta-da-Alfre-300x146.jpg 300w\" sizes=\"auto, (max-width: 320px) 100vw, 320px\" \/> <\/p>\n<p style=\"text-align: justify;\"><strong>Un\u2019idea piena di energia<\/strong> per giovani di tutte le et\u00e0, perch\u00e9, quando si parla di sentimenti come l\u2019amore e l\u2019amicizia, non c\u2019\u00e8 et\u00e0.<\/p>\n<div style=\"text-align: justify;\"><\/div>\n<p style=\"text-align: justify;\">La commedia <strong>\u201cLa nonna\u201d, scritta da Alfredo Vasco<\/strong>, racconta uno spaccato di vita quotidiana, di giovani di altri tempi, che vivono intensamente, consapevoli della fugacit\u00e0 dell\u2019esistenza, con la leggerezza della giovent\u00f9, le proprie emozioni.<strong> L\u2019opera \u00e8 ambientata in uno ospizio<\/strong>, l\u00ec dove si vive il dramma dell\u2019abbandono ma anche la riscoperta del gusto della socializzazione e dello stare insieme.<\/p>\n<div style=\"text-align: justify;\"><\/div>\n<p style=\"text-align: justify;\">Una <strong>nonna, Filomena<\/strong> , vince la schedina; solo allora i nipoti la chiamano, per interesse. Filomena strappa la schedina perch\u00e9 vuole rimanere con i suoi amici di sempre e con Giovanni, l\u2019uomo di cui si \u00e8 innamorata. Gli attori fanno parte tutti del \u201cCentro per gli Anziani di Noci\u201d, fondato da Vito Colucci e rappresentati dal Presidente Rotolo Marisa.Lo spettacolo \u00e8 stato patrocinato dal Comune di Turi ed organizzato dalla Nuova Pro loco.<\/p>\n<p>\u00a0<\/p>\n<p style=\"text-align: center;\"><strong>INTERVISTA AL REGISTA DINO PARROTTA<\/strong><\/p>\n<p style=\"text-align: center;\"><strong><br \/><\/strong><\/p>\n<div style=\"text-align: justify;\"><\/div>\n<p style=\"text-align: justify;\"><strong> <\/strong><\/p>\n<div style=\"text-align: justify;\"><\/div>\n<p style=\"text-align: justify;\"><strong>Da dove parte l\u2019idea di questa commedia?<\/strong><\/p>\n<div style=\"text-align: justify;\"><\/div>\n<p style=\"text-align: justify;\">Nasce da un progetto del \u201c<strong>Centro per gli anziani di Noci<\/strong>\u201d, dal loro desiderio di far teatro, di usare la recitazione come un momento per stare insieme. Il teatro, infatti, \u00e8 un modo per rafforzare la relazione con l\u2019altro, la socialit\u00e0 e l\u2019autostima; per riscoprirsi e rinascere.<\/p>\n<div style=\"text-align: justify;\"><\/div>\n<p style=\"text-align: justify;\"><strong> <\/strong><\/p>\n<div style=\"text-align: justify;\"><\/div>\n<p style=\"text-align: justify;\"><strong>Tutto \u00e8 iniziato tre anni<\/strong> fa da un laboratorio teatrale, con l\u2019idea di allenarsi, perch\u00e9 il teatro pu\u00f2 diventare anche ginnastica per il corpo e per il pensiero. <strong>Non \u00e8 facile stare sulla scena<\/strong>; a destreggiarsi su un palco, si impara. Tenersi in forma \u00e8 importante:c\u2019\u00e8 sempre un momento per imparare e ci\u00f2 dovrebbe avvenire tutti i giorni, perch\u00e9 serve a rimanere energici, al di l\u00e0 di qualsiasi et\u00e0.<strong> <\/strong><\/p>\n<div style=\"text-align: justify;\"><\/div>\n<p style=\"text-align: justify;\"><strong>\u201cLa nonna\u201d\u00e8 un\u2019opera inedita .<\/strong> Narra frammenti di vita di un gruppo di anziani , che diventati amici, vivono varie situazioni. E\u2019 stato bello parlare con un gruppo di anziani che non vive in un ospizio, ma, sente vicina questa realt\u00e0.<\/p>\n<div style=\"text-align: justify;\"><\/div>\n<p style=\"text-align: justify;\">\u00a0<\/p>\n<p style=\"text-align: justify;\"><strong>Da dove nasce l\u2019ispirazione per un tale tipo di trama?<\/strong><\/p>\n<div style=\"text-align: justify;\"><\/div>\n<p style=\"text-align: justify;\">Dall\u2019osservazione del loro ambiente. Noi partiamo da testi semplici, accessibili,divertenti ma pregni di significato. Gli anni scorsi abbiamo realizzato <strong>\u201cLa giara\u201d di Pirandello e \u201cL\u2019ispettore Generale\u201d di Gogol<\/strong>, in italiano. Il testo della commedia rappresentata \u00e8 nato in italiano. E\u2019 stato reso successivamente in vernacolo nocese, inteso come lingua. L\u2019ispirazione \u00e8 in un certo senso il Realismo del teatro e dei tempi scenici di Eduardo de Filippo.<\/p>\n<p style=\"text-align: justify;\">\u00a0<\/p>\n<p>Visita http:\/\/picasaweb.google.it\/redazioneturiweb\/  2009\/nonnafilomena{\/gallery}<\/p>\n","protected":false},"excerpt":{"rendered":"<p><img loading=\"lazy\" decoding=\"async\" class=\" size-full wp-image-257\" alt=\"La-nonna-scritta-da-Alfre\" src=\"https:\/\/archivioturi.lavocedelpaese.info\/wp-content\/uploads\/2009\/08\/La-nonna-scritta-da-Alfre.jpg\" height=\"156\" width=\"320\" srcset=\"https:\/\/archivioturi.lavocedelpaese.info\/wp-content\/uploads\/2009\/08\/La-nonna-scritta-da-Alfre.jpg 410w, https:\/\/archivioturi.lavocedelpaese.info\/wp-content\/uploads\/2009\/08\/La-nonna-scritta-da-Alfre-300x146.jpg 300w\" sizes=\"auto, (max-width: 320px) 100vw, 320px\" \/> <\/p>\n","protected":false},"author":1,"featured_media":257,"comment_status":"open","ping_status":"closed","sticky":false,"template":"","format":"standard","meta":{"colormag_page_container_layout":"default_layout","colormag_page_sidebar_layout":"default_layout","footnotes":""},"categories":[7],"tags":[],"class_list":["post-258","post","type-post","status-publish","format-standard","has-post-thumbnail","hentry","category-attualita"],"_links":{"self":[{"href":"https:\/\/archivioturi.lavocedelpaese.info\/index.php\/wp-json\/wp\/v2\/posts\/258","targetHints":{"allow":["GET"]}}],"collection":[{"href":"https:\/\/archivioturi.lavocedelpaese.info\/index.php\/wp-json\/wp\/v2\/posts"}],"about":[{"href":"https:\/\/archivioturi.lavocedelpaese.info\/index.php\/wp-json\/wp\/v2\/types\/post"}],"author":[{"embeddable":true,"href":"https:\/\/archivioturi.lavocedelpaese.info\/index.php\/wp-json\/wp\/v2\/users\/1"}],"replies":[{"embeddable":true,"href":"https:\/\/archivioturi.lavocedelpaese.info\/index.php\/wp-json\/wp\/v2\/comments?post=258"}],"version-history":[{"count":0,"href":"https:\/\/archivioturi.lavocedelpaese.info\/index.php\/wp-json\/wp\/v2\/posts\/258\/revisions"}],"wp:featuredmedia":[{"embeddable":true,"href":"https:\/\/archivioturi.lavocedelpaese.info\/index.php\/wp-json\/wp\/v2\/media\/257"}],"wp:attachment":[{"href":"https:\/\/archivioturi.lavocedelpaese.info\/index.php\/wp-json\/wp\/v2\/media?parent=258"}],"wp:term":[{"taxonomy":"category","embeddable":true,"href":"https:\/\/archivioturi.lavocedelpaese.info\/index.php\/wp-json\/wp\/v2\/categories?post=258"},{"taxonomy":"post_tag","embeddable":true,"href":"https:\/\/archivioturi.lavocedelpaese.info\/index.php\/wp-json\/wp\/v2\/tags?post=258"}],"curies":[{"name":"wp","href":"https:\/\/api.w.org\/{rel}","templated":true}]}}