{"id":2549,"date":"2010-07-15T09:00:43","date_gmt":"2010-07-15T09:00:43","guid":{"rendered":"https:\/\/archivioturi.lavocedelpaese.info\/index.php\/2010\/07\/15\/esclusivo-la-lettera-di-dimissioni-del-sindaco\/"},"modified":"2010-07-15T09:00:43","modified_gmt":"2010-07-15T09:00:43","slug":"esclusivo-la-lettera-di-dimissioni-del-sindaco","status":"publish","type":"post","link":"https:\/\/archivioturi.lavocedelpaese.info\/index.php\/2010\/07\/15\/esclusivo-la-lettera-di-dimissioni-del-sindaco\/","title":{"rendered":"ESCLUSIVO: LA LETTERA DI DIMISSIONI DEL SINDACO"},"content":{"rendered":"<p><img loading=\"lazy\" decoding=\"async\" class=\" alignleft size-full wp-image-2548\" width=\"320\" src=\"https:\/\/archivioturi.lavocedelpaese.info\/wp-content\/uploads\/2010\/07\/lettera-dimissioni.jpg\" alt=\"lettera-dimissioni\" height=\"150\" style=\"float: left;\" \/> <\/p>\n<h4 style=\"text-align: justify;\"><strong><span style=\"font-size: 10pt;\"><span style=\"font-family: verdana, geneva;\">ESCLUSIVA <em>TURIWEB<\/em><\/span><\/span><\/strong><\/h4>\n<p style=\"text-align: justify;\"><strong><span style=\"font-size: 10pt;\"><span style=\"font-family: verdana, geneva;\"><br \/><\/span><\/span><\/strong><\/p>\n<p style=\"text-align: justify;\"><strong><span style=\"font-size: 10pt;\"><span style=\"font-family: verdana, geneva;\">In esclusiva su Turiweb, pubblichiamo la lettera di dimissioni protocollata al Comune di Turi dal sindaco Gigantelli luned\u00ec scorso.<\/span><\/span><\/strong><\/p>\n<div style=\"text-align: justify;\"><\/div>\n<p style=\"text-align: justify;\">\u00a0<\/p>\n<p style=\"text-align: justify;\"><span style=\"font-size: 10pt;\"><span style=\"font-family: verdana, geneva;\">\u201cLa mia decisione viene assunta in assoluta serenit\u00e0 \u2013 si legge in un passaggio della nota scritta che pubblichiamo in versione integrale \u2013 e nella consapevolezza di aver operato scelte positive e irreversibili\u2026\u201d.<\/span><\/span><\/p>\n<div style=\"text-align: justify;\"><\/div>\n<div style=\"text-align: justify;\"><\/div>\n<p style=\"text-align: justify;\"><span style=\"font-size: 10pt;\"><span style=\"font-family: verdana, geneva;\">In un estratto della lettera, il sindaco fa riferimento a chi ha voluto screditare \u201cfino al tentativo (davvero penoso!) di volermi dipingere come uno che \u201cNON E\u2019 PI\u00d9 TURESE\u201d. <\/span><\/span><\/p>\n<p style=\"text-align: justify;\"><span style=\"font-size: 10pt;\"><span style=\"font-family: verdana, geneva;\">Il primo cittadino scrive nel dettaglio di &#8220;attacchi infamanti e violentissimi alla mia persona&#8221;: \u201cQuesto clima pesante che perdura ha inciso in maniera determinante sulla mia integrit\u00e0 psicofisica e richiede da parte mia l\u2019impiego di energie supplementari che vorrei, al contrario, impiegare in modo pi\u00f9 produttivo ed utile evitando un finto confronto sterile e francamente incomprensibile, che in effetti \u00e8 solo una trama vista e rivista.\u201d<\/span><\/span><\/p>\n<p style=\"text-align: justify;\"><span style=\"font-size: 10pt;\"><span style=\"font-family: verdana, geneva;\"><a target=\"_blank\" href=\"politica\/1622-esclusivo-il-manifesto-della-maggioranza.html?phpMyAdmin=249be9a92230f4edfb2945ad723064de\" rel=\"noopener\">VEDI ANCHE MANIFESTO MAGGIORANZA AL SINDACO<\/a><\/span><\/span><\/p>\n<p style=\"text-align: justify;\"><span style=\"font-size: 10pt;\"><span style=\"font-family: verdana, geneva;\"><br \/><\/span><\/span><\/p>\n<p style=\"text-align: justify;\"><strong><span style=\"font-size: 10pt;\"><span style=\"font-family: verdana, geneva;\">ECCO LA LETTERA DEL SINDACO<\/span><\/span><\/strong><\/p>\n<p style=\"text-align: justify;\"><span style=\"font-size: 10pt;\"><span style=\"font-family: verdana, geneva;\">Il Sottoscritto Dott. Vincenzo GIGANTELLI, con la presente comunica di dimettersi dalla carica di Sindaco di Comune di Turi intendendo con questo gesto salvaguardare la funzione istituzionale ricoperta da quei comportamenti e da quei modi di intendere il confronto politico che non sono compatibili con la propria visione dell\u2019Amministrare\u00a0 la cosa pubblica a livello locale.<\/span><\/span><\/p>\n<p style=\"text-align: justify;\"><span style=\"font-size: 10pt;\"><span style=\"font-family: verdana, geneva;\">La mia decisione viene assunta in assoluta serenit\u00e0 e nella consapevolezza di aver operato scelte positive e irreversibili, che, a regime, produrranno risultati e benefici per la Cittadinanza tutta che, gi\u00e0 oggi, pu\u00f2 avvalersi di un Comune pi\u00f9 organizzato, pi\u00f9 trasparente e pi\u00f9 vicino come mai \u00e8 avvenuto in passato.<\/span><\/span><\/p>\n<p style=\"text-align: justify;\"><span style=\"font-size: 10pt;\"><span style=\"font-family: verdana, geneva;\">Scelte diverse dalla solita \u201cpolitica da piazza\u201d praticata da chi racconta a modo proprio le cose senza il riscontro dei fatti!<\/span><\/span><\/p>\n<p style=\"text-align: justify;\"><span style=\"font-size: 10pt;\"><span style=\"font-family: verdana, geneva;\">Scelte misurabili, tangibili e rilevanti, perch\u00e9 frutto della \u201cPolitica del fare\u201d, Politica ONESTA che ho inteso introdurre nella \u201cMIA TURI\u201d, operando una silenziosa rivoluzione manageriale della politica in Municipio, incurante delle critiche aprioristiche di quanti hanno tentato di screditarmi fino al tentativo (davvero penoso!) di volermi dipingere come uno che \u201cNON E\u2019 PI\u00d9 TURESE\u201d.<\/span><\/span><\/p>\n<p style=\"text-align: justify;\"><span style=\"font-size: 10pt;\"><span style=\"font-family: verdana, geneva;\">Scelte operate a piccoli sapienti passi. Statuto e regolamenti il primo passo. Informatizzazione e gestione informatica del territorio (SIT) i successivi. Con un preciso disegno per evitare il ripetersi di discriminazioni e di favoritismi come ben sperano di poter ritornare a fare coloro che alludono a rapporti del tipo \u201cAMICI DEGLI AMICI\u201d!<\/span><\/span><\/p>\n<p style=\"text-align: justify;\"><span style=\"font-size: 10pt;\"><span style=\"font-family: verdana, geneva;\">Passi che hanno portato Turi, grazie ad un lavoro corale e condiviso, in alto nella considerazione della nostra gente e delle popolazioni vicine.<\/span><\/span><\/p>\n<p style=\"text-align: justify;\"><span style=\"font-size: 10pt;\"><span style=\"font-family: verdana, geneva;\">Passi da completare con il \u201cgrande passo\u201d della pubblicazione in dirittura di arrivo della gara PIP con procedure di Project Financing e l\u2019altro \u201cgrande passo\u201d, oserei dire \u201cpasso storico\u201d (che pochi in verit\u00e0 vogliono!), quello di adottare, nonostante i ritardi subiti, per varie motivazioni tecniche e non certo addebitabili a nostra mancanza di volont\u00e0, il PUG; difatti ora la mappatura idrogeologica e geomorfologia del territorio e la definizione esatta dei \u201cvincoli\u201d ambientali e infrastrutturali sono stati completati e quindi l&#8217;adozione del PUG \u00e8 un atto concreto e un obiettivo a portata di mano per risolvere i tanti problemi urbanistici che abbiamo.<\/span><\/span><\/p>\n<p style=\"text-align: justify;\"><span style=\"font-size: 10pt;\"><span style=\"font-family: verdana, geneva;\">E ancora.<\/span><\/span><\/p>\n<p style=\"text-align: justify;\"><span style=\"font-size: 10pt;\"><span style=\"font-family: verdana, geneva;\">La scelta di agire in continuit\u00e0 amministrativa completando, perfino migliorando, le opere pubbliche programmate dalla precedente amministrazione (valga per tutte la complicata procedura delle acque meteoriche!) e la scelta di realizzare lavori pubblici senza alcun ricorso ai mutui, in una situazione finanziaria difficilissima.<\/span><\/span><\/p>\n<p style=\"text-align: justify;\"><span style=\"font-size: 10pt;\"><span style=\"font-family: verdana, geneva;\">Scelte virtuose e attente, che hanno prodotto tanto in solo tre anni.<\/span><\/span><\/p>\n<p style=\"text-align: justify;\"><span style=\"font-size: 10pt;\"><span style=\"font-family: verdana, geneva;\">Oggi sono in corso, appaltate, e nel corso dell\u2019anno saranno completate, le opere stradali in via Rutigliano, in via Casamassima, in via Noci e in via Gioia; il Punto sport e il nuovo asilo Nido di via Mola con struttura antisismica e tecnologica; tutto ci\u00f2 da l\u2019idea di una nuova Turi che sta per materializzarsi sotto gli occhi dei Cittadini.<\/span><\/span><\/p>\n<p style=\"text-align: justify;\"><span style=\"font-size: 10pt;\"><span style=\"font-family: verdana, geneva;\">Tutte le gestioni, le manutenzioni e le opere sulle quali ci siamo cimentati, in modo tanto trasparente da scegliere di allontanare volutamente chi mostrava di avere interessi non proprio tali, sono diventate oggi, nel racconto \u201cmetropolitano\u201d, opere di \u201cordinaria\u201d amministrazione; ebbene le stesse cose prima di oggi mancavano del tutto!<\/span><\/span><\/p>\n<p style=\"text-align: justify;\"><span style=\"font-size: 10pt;\"><span style=\"font-family: verdana, geneva;\">Nonostante questo lavoro, ripeto, silenzioso e pur verificabile, gli attacchi infamanti e violentissimi alla mia persona sono stati all\u2019ordine del giorno.<\/span><\/span><\/p>\n<p style=\"text-align: justify;\"><span style=\"font-size: 10pt;\"><span style=\"font-family: verdana, geneva;\">Nessun Sindaco, credo, prima di me, abbia ricevuto attacchi personali tanto maleducati, violenti e vili!<\/span><\/span><\/p>\n<p style=\"text-align: justify;\"><span style=\"font-size: 10pt;\"><span style=\"font-family: verdana, geneva;\">Fa eccezione un episodio relegato al passato, che presenta molte analogie con i fatti presenti e che un giorno, forse, avr\u00f2 modo di far riemergere dagli archivi e render\u00f2 nota perch\u00e9 la storia sia fonte di insegnamento!<\/span><\/span><\/p>\n<p style=\"text-align: justify;\"><span style=\"font-size: 10pt;\"><span style=\"font-family: verdana, geneva;\">Nessun Sindaco, mi risulta, prima di me, abbia ricevuto \u201cminacce di morte\u201d che ha puntualmente denunciato e per le quali, come risulta agli atti del consiglio, ha ricevuto solo una solidariet\u00e0 minima da una parte della minoranza che si \u00e8 voluta distinguere da altre componenti non estranee alla azione ossessiva di alimentare il clima di attacco e di grave minaccia alla mia persona,\u00a0 malcelandolo con ragioni di \u201ccritica\u201d politica.<\/span><\/span><\/p>\n<p style=\"text-align: justify;\"><span style=\"font-size: 10pt;\"><span style=\"font-family: verdana, geneva;\">Nessun Sindaco, infine, prima di me, mi risulta abbia denunciato ogni cosa alle Autorit\u00e0 competenti e ben presto spero sar\u00e0 fatta chiarezza sugli intrecci evidenti tra un certo modo di fare politica locale e certo modo di gestire gli uffici comunali.<\/span><\/span><\/p>\n<p style=\"text-align: justify;\"><span style=\"font-size: 10pt;\"><span style=\"font-family: verdana, geneva;\">Ben presto spero verranno a galla le anomalie gestionali che sono in evidente conflitto con gli interessi pubblici.<\/span><\/span><\/p>\n<p style=\"text-align: justify;\"><span style=\"font-size: 10pt;\"><span style=\"font-family: verdana, geneva;\">Mi ripeto. Tutte le scelte compiute dalla Amministrazione da me rappresentata sono state il frutto di un lavoro corale, intenso e condiviso.<\/span><\/span><\/p>\n<p style=\"text-align: justify;\"><span style=\"font-size: 10pt;\"><span style=\"font-family: verdana, geneva;\">Questa azione amministrativa pu\u00f2, a mio modo di vedere, oggi tirare le somme e considerarsi un\u00a0 risultato positivo,\u00a0 acquisito,\u00a0 straordinario anche e soprattutto dal punto di vista finanziario come dimostra l\u2019avanzo di amministrazione di cui al rendiconto 2009.<\/span><\/span><\/p>\n<p style=\"text-align: justify;\"><span style=\"font-size: 10pt;\"><span style=\"font-family: verdana, geneva;\">L\u2019Azione condotta, ed il saldo attivo registrato, dimostra una \u201cgestione prudente, efficiente ed economica del Comune di Turi\u201d che, oggi, ha la possibilit\u00e0 di saldare ulteriori partite debitorie (ancora in sospeso dal 2002!) e curare meglio la viabilit\u00e0 stradale con quelle risorse derivanti dagli oneri (e gi\u00e0 introitate) che permetteranno di asfaltare quelle \u201cstrade dissestate\u201d che altri, maestri di incuria e di negligenza, vorrebbero oggi addebitare alla mia amministrazione definita indifferente e incapace persino della ordinaria amministrazione.<\/span><\/span><\/p>\n<p style=\"text-align: justify;\"><span style=\"font-size: 10pt;\"><span style=\"font-family: verdana, geneva;\">Poich\u00e9 tutto quel che la mia amministrazione ha reso possibile non pu\u00f2 essere occultato e poich\u00e9 si \u00e8 passati, in soli tre anni, dalla pesante eredit\u00e0 di un debito cospicuo (come noto sia in conto residui sia in conto cassa) ad un saldo attivo consistente in ben 315.000 euro al 31 dicembre 2009, con un deficit strutturale ridotto di ben i 2\/3 terzi,\u00a0 lascio il Comune con i conti in regola come avviene nelle gestioni improntate a massima onest\u00e0 e responsabilit\u00e0.<\/span><\/span><\/p>\n<p style=\"text-align: justify;\"><span style=\"font-size: 10pt;\"><span style=\"font-family: verdana, geneva;\">Ebbene, a fronte di quanto ho richiamato e a fronte degli atti amministrativi a supporto che dimostrano quanto fatto, si \u00e8 voluta fornire all\u2019opinione pubblica in modo interessato e infamante una immagine di Sindaco \u201cmalfattore\u201d e su questo schema \u2013 idea si sono appiattiti i cosiddetti consiglieri di opposizione, cavalcando le fandonie e le minchionerie di chi ben sapete, in un modo che giudico irresponsabile e assurdo.<\/span><\/span><\/p>\n<p style=\"text-align: justify;\"><span style=\"font-size: 10pt;\"><span style=\"font-family: verdana, geneva;\">Orbene chi usa questi argomenti non ha voglia di confrontarsi e gode, non avendo digerito ancora una sconfitta elettorale, nell\u2019alzare il tiro e il dito contro la mia persona, dimostrando in ci\u00f2 mancanza di idee, di progettualit\u00e0 e di intendimenti positivi tali da rendere il tiro al bersaglio un esercizio solo divertente e mai appagante condito di allucinanti urla, derisioni e offese.<\/span><\/span><\/p>\n<p style=\"text-align: justify;\"><span style=\"font-size: 10pt;\"><span style=\"font-family: verdana, geneva;\">Questo clima pesante che perdura ha inciso in maniera determinante sulla mia integrit\u00e0 psicofisica e richiede da parte mia l\u2019impiego di energie supplementari che vorrei, al contrario, impiegare in modo pi\u00f9 produttivo ed utile evitando un finto confronto sterile e francamente incomprensibile, che in effetti \u00e8 solo una trama vista e rivista.<\/span><\/span><\/p>\n<p style=\"text-align: justify;\"><span style=\"font-size: 10pt;\"><span style=\"font-family: verdana, geneva;\">A tutto questo si aggiunge la mancata presa di responsabilit\u00e0 delle forze che compongono la maggioranza consiliare, forze che non hanno recepito per nulla la mia richiesta di responsabilizzazione, atto da me indicato come \u201cindispensabile\u201d per continuare a fare un \u201cgioco di squadra\u201d leale e collaborativo e non gi\u00e0 un inutile esercizio di protagonismo e personalismo.<\/span><\/span><\/p>\n<p style=\"text-align: justify;\"><span style=\"font-size: 10pt;\"><span style=\"font-family: verdana, geneva;\">Ho chiesto alla mia maggioranza di fare azioni tali da dare un risultato di squadra, senza interpretare un ruolo ricavato e gestito come un orticello indipendente e senza perdersi in chiacchiere e pettegolezzi come altri vorrebbero.<\/span><\/span><\/p>\n<p style=\"text-align: justify;\"><span style=\"font-size: 10pt;\"><span style=\"font-family: verdana, geneva;\">Ho fatto in modo da introdurre elementi della mia esperienza professionale nella azione politica in modo da ottenere con il \u201clavoro di squadra\u201d risultati superiori a quelli del singolo individuo e ho, per questa impostazione, dato merito a quanti hanno aderito a questo modo di lavorare e pertanto a loro ascrivo per intero il risultato ottenuto, frutto di lavoro e non di chiacchiere.<\/span><\/span><\/p>\n<p style=\"text-align: justify;\"><span style=\"font-size: 10pt;\"><span style=\"font-family: verdana, geneva;\">Ho anche inteso portare, con successo, anche il contributo \u201cesterno\u201d di impegno e competenza, con un assessore di mia scelta, per rafforzare l\u2019azione amministrativa e mi risulta che questa esperienza positiva sia stata recepita e apprezzata anche dai pi\u00f9 scettici.<\/span><\/span><\/p>\n<p style=\"text-align: justify;\"><span style=\"font-size: 10pt;\"><span style=\"font-family: verdana, geneva;\">Ho ottenuto risultati lusinghieri anche da consiglieri e assessori alla prima esperienza amministrativa, senza mai oppormi alla possibilit\u00e0 di far fare questa prima esperienza a chiunque, pur nella evidente difficolt\u00e0 di dover rivedere un lavoro gi\u00e0 impostato e avviato e quindi in corsa.<\/span><\/span><\/p>\n<p style=\"text-align: justify;\"><span style=\"font-size: 10pt;\"><span style=\"font-family: verdana, geneva;\">Ma nonostante tutto l\u2019impegno profuso, oggi, non colgo quell\u2019autentico \u201cspirito di gruppo e di servizio\u201d che, al di l\u00e0 della logica dei numeri (che pur vi sono!) devono caratterizzare una maggioranza che intende realizzare un Programma ambizioso senza inutili perdite di tempo.<\/span><\/span><\/p>\n<p style=\"text-align: justify;\"><span style=\"font-size: 10pt;\"><span style=\"font-family: verdana, geneva;\">Per tutte le suddette ragioni, per la mancata forma di collaborazione all\u2019impegno politico amministrativo richiesto nel prossimo futuro, per la mancata adesione alla metodologia del \u201cgoverno del fare\u201d a livello locale, per la mancanza di rispetto per le prerogative dalla Legge riservate al Sindaco e per affermare l\u2019autonomia che ne deriva alle sue libere scelte, da parte delle forze di maggioranza, sono costretto a questo gesto estremo di responsabilit\u00e0 personale.<\/span><\/span><\/p>\n<p style=\"text-align: justify;\"><span style=\"font-size: 10pt;\"><span style=\"font-family: verdana, geneva;\">Mi rammarica che questa decisione apre scenari imprevisti ed una fase commissariale presumibilmente lunga, in un momento di congiuntura sfavorevole a livello nazionale e internazionale, con una manovra correttiva in corso che apre nuovi scenari per la politica amministrativa con certezza di minori trasferimenti dallo Stato e dalla Regione, e nell\u2019immediatezza di decisioni normative in tema di federalismo che dovrebbero portare tutto il consiglio a riconsiderare la propria azione in modo pi\u00f9 responsabile e meno conflittuale.<\/span><\/span><\/p>\n<p style=\"text-align: justify;\"><span style=\"font-size: 10pt;\"><span style=\"font-family: verdana, geneva;\">Tuttavia il mio gesto di responsabilit\u00e0, senza coinvolgere altri, consente qualora vi sia la volont\u00e0\u00a0 e l\u2019interesse, di aprire una nuova strada che risulti percorribile da quanti hanno a cuore le sorti del nostro paese.<\/span><\/span><\/p>\n<p style=\"text-align: justify;\"><span style=\"font-size: 10pt;\"><span style=\"font-family: verdana, geneva;\">L\u2019aver constatato il mio non voler tirare innanzi e il mio non attaccamento alla poltrona, ma la sincera e leale difesa della Istituzione Comune, priva chicchessia di una ragione di polemica e indica la strada della difesa dei valori, delle idee e dell\u2019impegno.<\/span><\/span><\/p>\n<p style=\"text-align: justify;\"><span style=\"font-size: 10pt;\"><span style=\"font-family: verdana, geneva;\">Concludo con un doveroso grazie alla Dott.ssa ANGLANA per il lavoro svolto in questi anni al mio fianco come Direttore Generale del Comune di Turi e, suo tramite, ringrazio quanti hanno supportato la realizzazione del programma politico amministrativo e hanno lavorato al servizio e per il bene della collettivit\u00e0 turese.<\/span><\/span><\/p>\n<p style=\"text-align: justify;\"><span style=\"font-size: 10pt;\"><span style=\"font-family: verdana, geneva;\">Auguri a Voi tutti.<\/span><\/span><\/p>\n<p style=\"text-align: justify;\"><span style=\"font-size: 10pt;\"><span style=\"font-family: verdana, geneva;\">Auguri Turi.<\/span><\/span><\/p>\n<p style=\"text-align: justify;\"><strong><span style=\"font-size: 10pt;\"><span style=\"font-family: verdana, geneva;\">IL SINDACO<\/span><\/span><\/strong><\/p>\n<div style=\"text-align: justify;\"><span style=\"font-size: 10pt;\"><span style=\"font-family: verdana, geneva;\">Dott. <\/span><\/span><em><span style=\"font-size: 10pt;\"><span style=\"font-family: verdana, geneva;\">Vincenzo Gigantelli<\/span><\/span><\/em><\/div>\n","protected":false},"excerpt":{"rendered":"<p><img loading=\"lazy\" decoding=\"async\" class=\" alignleft size-full wp-image-2548\" width=\"320\" src=\"https:\/\/archivioturi.lavocedelpaese.info\/wp-content\/uploads\/2010\/07\/lettera-dimissioni.jpg\" alt=\"lettera-dimissioni\" height=\"150\" style=\"float: left;\" \/> <\/p>\n","protected":false},"author":1,"featured_media":2548,"comment_status":"open","ping_status":"closed","sticky":false,"template":"","format":"standard","meta":{"colormag_page_container_layout":"default_layout","colormag_page_sidebar_layout":"default_layout","footnotes":""},"categories":[4],"tags":[],"class_list":["post-2549","post","type-post","status-publish","format-standard","has-post-thumbnail","hentry","category-politica"],"_links":{"self":[{"href":"https:\/\/archivioturi.lavocedelpaese.info\/index.php\/wp-json\/wp\/v2\/posts\/2549","targetHints":{"allow":["GET"]}}],"collection":[{"href":"https:\/\/archivioturi.lavocedelpaese.info\/index.php\/wp-json\/wp\/v2\/posts"}],"about":[{"href":"https:\/\/archivioturi.lavocedelpaese.info\/index.php\/wp-json\/wp\/v2\/types\/post"}],"author":[{"embeddable":true,"href":"https:\/\/archivioturi.lavocedelpaese.info\/index.php\/wp-json\/wp\/v2\/users\/1"}],"replies":[{"embeddable":true,"href":"https:\/\/archivioturi.lavocedelpaese.info\/index.php\/wp-json\/wp\/v2\/comments?post=2549"}],"version-history":[{"count":0,"href":"https:\/\/archivioturi.lavocedelpaese.info\/index.php\/wp-json\/wp\/v2\/posts\/2549\/revisions"}],"wp:featuredmedia":[{"embeddable":true,"href":"https:\/\/archivioturi.lavocedelpaese.info\/index.php\/wp-json\/wp\/v2\/media\/2548"}],"wp:attachment":[{"href":"https:\/\/archivioturi.lavocedelpaese.info\/index.php\/wp-json\/wp\/v2\/media?parent=2549"}],"wp:term":[{"taxonomy":"category","embeddable":true,"href":"https:\/\/archivioturi.lavocedelpaese.info\/index.php\/wp-json\/wp\/v2\/categories?post=2549"},{"taxonomy":"post_tag","embeddable":true,"href":"https:\/\/archivioturi.lavocedelpaese.info\/index.php\/wp-json\/wp\/v2\/tags?post=2549"}],"curies":[{"name":"wp","href":"https:\/\/api.w.org\/{rel}","templated":true}]}}