{"id":2508,"date":"2010-07-12T07:29:03","date_gmt":"2010-07-12T07:29:03","guid":{"rendered":"https:\/\/archivioturi.lavocedelpaese.info\/index.php\/2010\/07\/12\/gepi-pugliese-in-serie-b\/"},"modified":"2010-07-12T07:29:03","modified_gmt":"2010-07-12T07:29:03","slug":"gepi-pugliese-in-serie-b","status":"publish","type":"post","link":"https:\/\/archivioturi.lavocedelpaese.info\/index.php\/2010\/07\/12\/gepi-pugliese-in-serie-b\/","title":{"rendered":"GEPI PUGLIESE ANDR\u00c0 IN SERIE B?"},"content":{"rendered":"<p><img loading=\"lazy\" decoding=\"async\" class=\" size-full wp-image-2075\" alt=\"gepi_pugliese\" height=\"150\" width=\"320\" src=\"https:\/\/archivioturi.lavocedelpaese.info\/wp-content\/uploads\/2010\/05\/gepi_pugliese.jpg\" srcset=\"https:\/\/archivioturi.lavocedelpaese.info\/wp-content\/uploads\/2010\/05\/gepi_pugliese.jpg 640w, https:\/\/archivioturi.lavocedelpaese.info\/wp-content\/uploads\/2010\/05\/gepi_pugliese-300x141.jpg 300w\" sizes=\"auto, (max-width: 320px) 100vw, 320px\" \/> <\/p>\n<p style=\"text-align: justify;\"><span style=\"font-size: 10pt;\"><span style=\"font-family: verdana, geneva;\">Non \u00e8 una notizia di mercato, ma la possibilit\u00e0 di vedere effettivamente il <\/span><\/span><strong><span style=\"font-size: 10pt;\"><span style=\"font-family: verdana, geneva;\">campione turese<\/span><\/span><\/strong><span style=\"font-size: 10pt;\"><span style=\"font-family: verdana, geneva;\"> nella seconda divisione italiana di calcio potrebbe diventare realt\u00e0.<\/span><\/span><\/p>\n<p style=\"text-align: justify;\"><span style=\"font-size: 10pt;\"><span style=\"font-family: verdana, geneva;\">Negli ultimi giorni le notizie riguardanti le mancati iscrizioni di alcune societ\u00e0 di serie B (Ascoli ed Ancona) hanno indotto la dirigenza dell\u2019Hellas Verona, squadra del terzino turese, a presentare la richiesta per il ripescaggio. In realt\u00e0 per ora solo l\u2019Ancona rischia l\u2019esclusione dal campionato di serie B, perch\u00e9 l\u2019Ascoli dovrebbe cavarsela con i punti di penalizzazione. La societ\u00e0 marchigiana si trova in una situazione economica disperata e, salvo miracoli, subentrer\u00e0 una squadra tra Triestina e Verona. Nella classifica federale, per\u00f2, la Triestina, appena retrocesso in Lega Pro, \u00e8 in vantaggio rispetto ai gialloblu. La speranza sta, anche qui, nella situazione economica non ottimale in cui versa la Triestina, non in regola con gli oneri tributari. Perci\u00f2 la squadra che non ha problemi economici e che pu\u00f2 vantare un bilancio in regola \u00e8 proprio il Verona di <\/span><\/span><strong><span style=\"font-size: 10pt;\"><span style=\"font-family: verdana, geneva;\">Gepi<\/span><\/span><\/strong><span style=\"font-size: 10pt;\"><span style=\"font-family: verdana, geneva;\">.<\/span><\/span><\/p>\n<p style=\"text-align: justify;\"><span style=\"font-size: 10pt;\"><span style=\"font-family: verdana, geneva;\">Sarebbe un grandissimo riscatto per il calciatore ventisettenne, che, dopo un ottimo campionato, \u00e8 stato protagonista nella sfortunata finale d\u2019andata dei play-off contro il Pescara, dove il direttore di gara giudic\u00f2 il tocco di spalla di Gepi sulla linea di porta come tocco di braccio, dando rigore contro il Verona ed espulsione al giocatore.<\/span><\/span><\/p>\n<p style=\"text-align: justify;\"><span style=\"font-size: 10pt;\"><span style=\"font-family: verdana, geneva;\">Nei prossimi giorni verranno valutate le varie situazioni dei club coinvolti. Il 16 luglio ci sar\u00e0 la decisione del Consiglio Federale in merito ai ricorsi, mentre entro il 23 luglio si sapr\u00e0 il nome delle eventuali ripescate in serie B.<\/span><\/span><\/p>\n","protected":false},"excerpt":{"rendered":"<p><img loading=\"lazy\" decoding=\"async\" class=\" size-full wp-image-2075\" alt=\"gepi_pugliese\" height=\"150\" width=\"320\" src=\"https:\/\/archivioturi.lavocedelpaese.info\/wp-content\/uploads\/2010\/05\/gepi_pugliese.jpg\" srcset=\"https:\/\/archivioturi.lavocedelpaese.info\/wp-content\/uploads\/2010\/05\/gepi_pugliese.jpg 640w, https:\/\/archivioturi.lavocedelpaese.info\/wp-content\/uploads\/2010\/05\/gepi_pugliese-300x141.jpg 300w\" sizes=\"auto, (max-width: 320px) 100vw, 320px\" \/> <\/p>\n","protected":false},"author":1,"featured_media":2075,"comment_status":"open","ping_status":"closed","sticky":false,"template":"","format":"standard","meta":{"colormag_page_container_layout":"default_layout","colormag_page_sidebar_layout":"default_layout","footnotes":""},"categories":[5],"tags":[],"class_list":["post-2508","post","type-post","status-publish","format-standard","has-post-thumbnail","hentry","category-sport"],"_links":{"self":[{"href":"https:\/\/archivioturi.lavocedelpaese.info\/index.php\/wp-json\/wp\/v2\/posts\/2508","targetHints":{"allow":["GET"]}}],"collection":[{"href":"https:\/\/archivioturi.lavocedelpaese.info\/index.php\/wp-json\/wp\/v2\/posts"}],"about":[{"href":"https:\/\/archivioturi.lavocedelpaese.info\/index.php\/wp-json\/wp\/v2\/types\/post"}],"author":[{"embeddable":true,"href":"https:\/\/archivioturi.lavocedelpaese.info\/index.php\/wp-json\/wp\/v2\/users\/1"}],"replies":[{"embeddable":true,"href":"https:\/\/archivioturi.lavocedelpaese.info\/index.php\/wp-json\/wp\/v2\/comments?post=2508"}],"version-history":[{"count":0,"href":"https:\/\/archivioturi.lavocedelpaese.info\/index.php\/wp-json\/wp\/v2\/posts\/2508\/revisions"}],"wp:featuredmedia":[{"embeddable":true,"href":"https:\/\/archivioturi.lavocedelpaese.info\/index.php\/wp-json\/wp\/v2\/media\/2075"}],"wp:attachment":[{"href":"https:\/\/archivioturi.lavocedelpaese.info\/index.php\/wp-json\/wp\/v2\/media?parent=2508"}],"wp:term":[{"taxonomy":"category","embeddable":true,"href":"https:\/\/archivioturi.lavocedelpaese.info\/index.php\/wp-json\/wp\/v2\/categories?post=2508"},{"taxonomy":"post_tag","embeddable":true,"href":"https:\/\/archivioturi.lavocedelpaese.info\/index.php\/wp-json\/wp\/v2\/tags?post=2508"}],"curies":[{"name":"wp","href":"https:\/\/api.w.org\/{rel}","templated":true}]}}