{"id":2492,"date":"2010-07-09T12:35:14","date_gmt":"2010-07-09T12:35:14","guid":{"rendered":"https:\/\/archivioturi.lavocedelpaese.info\/index.php\/2010\/07\/09\/sindaco-sei-un-cialtrone-la-giunta-lavori-o-a-casa\/"},"modified":"2010-07-09T12:35:14","modified_gmt":"2010-07-09T12:35:14","slug":"sindaco-sei-un-cialtrone-la-giunta-lavori-o-a-casa","status":"publish","type":"post","link":"https:\/\/archivioturi.lavocedelpaese.info\/index.php\/2010\/07\/09\/sindaco-sei-un-cialtrone-la-giunta-lavori-o-a-casa\/","title":{"rendered":"\u2018SINDACO SEI UN CIALTRONE. LA GIUNTA LAVORI O A CASA\u2019"},"content":{"rendered":"<p><img loading=\"lazy\" decoding=\"async\" class=\" size-full wp-image-2323\" src=\"https:\/\/archivioturi.lavocedelpaese.info\/wp-content\/uploads\/2010\/06\/CONSIGLIO_1741.jpg\" width=\"320\" height=\"150\" alt=\"CONSIGLIO_1741\" \/> <\/p>\n<p style=\"text-align: justify;\"><span style=\"font-size: 10pt;\"><span style=\"font-family: verdana, geneva;\">Cos\u00ec come abbiamo riportato le dichiarazioni forti della dott.ssa Resta fatte durante lo scorso Consiglio comunale, oggi ci occupiamo delle <\/span><\/span><strong><span style=\"font-size: 10pt;\"><span style=\"font-family: verdana, geneva;\">dichiarazioni degli altri consiglieri di opposizione<\/span><\/span><\/strong><span style=\"font-size: 10pt;\"><span style=\"font-family: verdana, geneva;\">, altrettanto pungenti e concluse con l\u2019abbandono dell\u2019aula.<\/span><\/span><\/p>\n<p style=\"text-align: justify;\"><strong><span style=\"font-size: 10pt;\"><span style=\"font-family: verdana, geneva;\">Dott. Giuseppe Denovellis<\/span><\/span><\/strong><span style=\"font-size: 10pt;\"><span style=\"font-family: verdana, geneva;\">: \u201cHo richiesto gli studi di fattibilit\u00e0 ma mi \u00e8 stato dato un unico documento che riguarda il cimitero. Io invece voglio sapere tutto quello che concerne i lavori pubblici degli ultimi due anni. Via Schuman \u00e8 sparita dai programmi!<\/span><\/span><\/p>\n<p style=\"text-align: justify;\"><span style=\"font-size: 10pt;\"><span style=\"font-family: verdana, geneva;\"><strong>La politica sta gi\u00e0 sprofondando<\/strong>. Noi dobbiamo dare credibilit\u00e0 e questa giunta non ce l\u2019ha. Manca anche la trasparenza (tema su cui \u00e8 stato delegato l\u2019assessore D\u2019Autilia), tanto \u00e8 vero che non ho avuto ancora molti documenti richiesti. Ormai ci stiamo abituando a convocazioni anomale dei consigli, di lunedi o di mercoled\u00ec alle 15.30. Ci ritroviamo di fronte persone cacciate e ora di nuovo presenti. Non siamo credibili. Se tutto deve essere condizionato da persone e non si deve parlare di programmi non si pu\u00f2 arrivare in consiglio senza aver discusso le pi\u00f9 grosse problematiche.\u201d<\/span><\/span><\/p>\n<p style=\"text-align: justify;\"><span style=\"font-size: 10pt;\"><span style=\"font-family: verdana, geneva;\">Rivolgendosi al consigliere Boccardi: \u201cPensavo che dopo aver ottenuto la sua carica prendesse in mano la situazione, ma lei prima si carica di certe posizioni e poi scarica man mano le persone che lo aiutano. Promettere in continuazione cose a qualcuno e venir meno \u00e8 parte della politica, ma non sempre e non serve. Prima o poi sar\u00e0 abbandonato e lei trover\u00e0 altre sponde dove andare ad attingere. Lei \u00e8 stata l\u2019anima di questa amministrazione partita a razzo e ora si ritrova con una squadra mista. \u2018Stet a fe\u2019 le wagnari\u2019. Queste sono ragazzate\u201d.<\/span><\/span><\/p>\n<p style=\"text-align: justify;\"><span style=\"font-size: 10pt;\"><span style=\"font-family: verdana, geneva;\">Rivolgendosi al Sindaco: \u201cQuando saranno date le deleghe, quando in commissione ci saranno persone che sanno di cosa si parla e ci sar\u00e0 trasparenza verso chi chiede gli atti, allora io far\u00f2 parte di nuovo di questo Consiglio. Mi sento defraudato nel compiere i miei compiti istituzionali. La vostra giunta \u00e8 incapace di portare a termine il programma. Le dico che io le mie domande sull\u2019urbanistica le far\u00f2, a prescindere da chi avr\u00e0 la delega, sempre a lei e al vicesindaco D\u2019Addabbo, perch\u00e9 finora avete gestito tutto. Quando ci sar\u00e0 di nuovo la democrazia torner\u00f2 in aula.<\/span><\/span><\/p>\n<p style=\"text-align: justify;\"><strong><span style=\"font-size: 10pt;\"><span style=\"font-family: verdana, geneva;\">Franco Petrera<\/span><\/span><\/strong><span style=\"font-size: 10pt;\"><span style=\"font-family: verdana, geneva;\">: \u201cNelle comunicazioni mi aspettavo le deleghe della giunta. Non \u00e8 corretto che si faccia la giunta con gli assessori senza compiti. Non \u00e8 mai successo nella storia di Turi quello che sta avvenendo in questi mesi.<\/span><\/span><\/p>\n<p style=\"text-align: justify;\"><span style=\"font-size: 10pt;\"><span style=\"font-family: verdana, geneva;\"><strong>Sindaco, stai portando Turi ad un degrado<\/strong> che fa spavento ed \u00e8 frutto della pagliacciata che stai facendo. Voglio usare la parola che ha usato Tremonti per definirla:<strong> \u2018cialtrone\u2019.<\/strong> Non sta rispettando la cittadinanza. Viene in consiglio e ci convoca con argomenti di poca importanza, quando ci sarebbe da discutere del bilancio consultivo.<\/span><\/span><\/p>\n<p style=\"text-align: justify;\"><span style=\"font-size: 10pt;\"><span style=\"font-family: verdana, geneva;\">Ha fatto perdere l\u2019amore per la politica e si deve vergognare\u201d.<\/span><\/span><\/p>\n<p style=\"text-align: justify;\"><span style=\"font-size: 10pt;\"><span style=\"font-family: verdana, geneva;\">A quel punto l\u2019espressione del sindaco ha fatto alterare non poco il consigliere Petrera che alzando la voce ha detto: \u201cNon deve ridere, deve piangere. Si deve vergognare di cosa sta combinando in questo paese e in questo consiglio. Venga qui e dia le deleghe a chi deve lavorare per Turi.<\/span><\/span><\/p>\n<p style=\"text-align: justify;\"><span style=\"font-size: 10pt;\"><span style=\"font-family: verdana, geneva;\">E la strada LIDL? Cosa state facendo? La ditta \u00e8 pronta per fare i lavori? Cosa li blocca? Non si vogliono fare gli espropri agli amici degli amici? Pensate che noi dell\u2019opposizione siamo qui a guardare per aria? Noi abbiamo nelle mani la delibera di giunta che sar\u00e0 portata da via Rutigliano in via Ginestre in maniera rettilinea. Avete l\u2019obbligo di rispettare quel deliberato. Non potete fare una curva. Perch\u00e9 perdete tempo a ribaltare la situazione? Rispettate il progetto che voi stessi avete sottoscritto. E ricordate che su via Casamassima il progetto si conclude con la rotonda.<\/span><\/span><\/p>\n<p style=\"text-align: justify;\"><span style=\"font-size: 10pt;\"><span style=\"font-family: verdana, geneva;\"><strong>Lavorate o andate a casa.<\/strong> I numeri non li avete pi\u00f9 perch\u00e9 ve li danno i due amici dell\u2019opposizione Palasciano e D\u2019autilia. <strong>Lei \u00e8 solo un arrogante attaccato alla sedia.<\/strong> I cittadini non la sopportano pi\u00f9.<\/span><\/span><\/p>\n<p style=\"text-align: justify;\"><strong><span style=\"font-size: 10pt;\"><span style=\"font-family: verdana, geneva;\">Dott. Piero Risplendente<\/span><\/span><\/strong><span style=\"font-size: 10pt;\"><span style=\"font-family: verdana, geneva;\">: \u201cNon aggiungo altro a ci\u00f2 che \u00e8 stato detto dalla dott.ssa Resta. La chiarezza delle sue parole non lasciano spazio a molte altre parole. Siamo accomunati dall\u2019idea di essere qui senza sapere cosa si deve fare. Da venti giorni non ci sono le deleghe. Ha nominato gli assessori pronti a fare cosa? Non lo sappiamo. Si rischia di assistere ad un ennesimo cambio di deleghe non ancora assegnate. <strong>Onori il mandato che le \u00e8 stato affidato.<\/strong> Faccia il sindaco per gli interessi del paese. Quando riusciremo a capire che lei sta facendo questo allora rimarremo in consiglio a parlare dei punti all\u2019ordine del giorno che i suoi uomini, in commissione, non conoscevano.<\/span><\/span><\/p>\n<p style=\"text-align: justify;\"><strong><span style=\"font-size: 10pt;\"><span style=\"font-family: verdana, geneva;\">Dott. Mimmo Leogrande<\/span><\/span><\/strong><span style=\"font-size: 10pt;\"><span style=\"font-family: verdana, geneva;\">: \u201cCondivido le dichiarazioni della dott.ssa Resta. Che sia uno o l\u2019altro assessore poco importa. Chiunque sia nominato lo faccia e svolga bene il suo compito. La giunta nominata non \u00e8 definitiva. Chi sono gli interlocutori per in vari settori? Noi consiglieri di opposizione a chi dobbiamo rivolgerci per i problemi da risolvere? <strong>Sindaco lei \u00e8 responsabile del degrado della politica.<\/strong> La gente si chiede \u201cma che razza di consiglieri comunali siete se non siete in grado di portare avanti nulla?\u201d. La colpa \u00e8 sua. Sono meravigliato del suo atteggiamento. Qui c\u2019\u00e8 gente e lei in primis che ha dieci anni di esperienza amministrativa alle spalle. Mi sentivo tranquillo su quello che lei avrebbe potuto fare. Invece sono stato smentito e lei \u00e8 il responsabile di questa farsa. Ho conosciuto in questi anni un altro Gigantelli. Non \u00e8 stato capace di portare avanti nulla. Dal Gigantelli forte e tenace \u00e8 diventato un Gigantelli facile da smussare. Non me la sento di rimanere qui a discutere di nessun argomento\u201d.<\/span><\/span><\/p>\n<p style=\"text-align: justify;\"><span style=\"font-size: 10pt;\"><span style=\"font-family: verdana, geneva;\">Rivolgendosi ai consiglieri Palasciano e D\u2019Autilia (ex opposizione) di cui Leogrande \u00e8 stato il candidato sindaco durante le amministrative del 2007: \u201cVoi due siete i maggiori responsabili insieme al sindaco di questa situazione. Tenete in piedi questa condizione imbarazzante. Siete i responsabili di questo sfacelo con l\u2019appoggio che non avete dato sin dall\u2019inizio. Riflettete sulla vostra posizione. Facevate parte di un\u2019altra squadra con programmi ben diversi. Mi aspetto una reazione di seriet\u00e0.<\/span><\/span><\/p>\n<p style=\"text-align: justify;\"><span style=\"font-size: 10pt;\"><span style=\"font-family: verdana, geneva;\">Se \u00e8 un problema, sindaco, lei pu\u00f2 nominarli tutti assessori. Deve avere il coraggio di fare una giunta composta da lei e da soli tre altri assessori per portare avanti un programma finora inesistente. <strong>Non si pu\u00f2 cambiare ogni giorno persone e deleghe. <\/strong>Chi siede l\u00ec non ha nemmeno il tempo di affrontare i problemi, che sono tanti. Ci aspettiamo un atto di coraggio. Smettiamola con questi scambi. Se continuate sarete voi i responsabili di questo scempio.<\/span><\/span><\/p>\n<p style=\"text-align: justify;\"><span style=\"font-size: 10pt;\"><span style=\"font-family: verdana, geneva;\">Abbandono l\u2019aula e lo far\u00f2 sempre quando non potr\u00f2 sapere gli argomenti e non avr\u00f2 interlocutori\u201d.<\/span><\/span><\/p>\n<p style=\"text-align: justify;\"><span style=\"font-size: 10pt;\"><span style=\"font-family: verdana, geneva;\">Insieme a Leogrande ha abbandonato l\u2019aula anche Perniola, facente parte dello stesso gruppo consiliare.<\/span><\/span><\/p>\n","protected":false},"excerpt":{"rendered":"<p><img loading=\"lazy\" decoding=\"async\" class=\" size-full wp-image-2323\" src=\"https:\/\/archivioturi.lavocedelpaese.info\/wp-content\/uploads\/2010\/06\/CONSIGLIO_1741.jpg\" width=\"320\" height=\"150\" alt=\"CONSIGLIO_1741\" \/> <\/p>\n","protected":false},"author":1,"featured_media":2323,"comment_status":"open","ping_status":"closed","sticky":false,"template":"","format":"standard","meta":{"colormag_page_container_layout":"default_layout","colormag_page_sidebar_layout":"default_layout","footnotes":""},"categories":[4],"tags":[],"class_list":["post-2492","post","type-post","status-publish","format-standard","has-post-thumbnail","hentry","category-politica"],"_links":{"self":[{"href":"https:\/\/archivioturi.lavocedelpaese.info\/index.php\/wp-json\/wp\/v2\/posts\/2492","targetHints":{"allow":["GET"]}}],"collection":[{"href":"https:\/\/archivioturi.lavocedelpaese.info\/index.php\/wp-json\/wp\/v2\/posts"}],"about":[{"href":"https:\/\/archivioturi.lavocedelpaese.info\/index.php\/wp-json\/wp\/v2\/types\/post"}],"author":[{"embeddable":true,"href":"https:\/\/archivioturi.lavocedelpaese.info\/index.php\/wp-json\/wp\/v2\/users\/1"}],"replies":[{"embeddable":true,"href":"https:\/\/archivioturi.lavocedelpaese.info\/index.php\/wp-json\/wp\/v2\/comments?post=2492"}],"version-history":[{"count":0,"href":"https:\/\/archivioturi.lavocedelpaese.info\/index.php\/wp-json\/wp\/v2\/posts\/2492\/revisions"}],"wp:featuredmedia":[{"embeddable":true,"href":"https:\/\/archivioturi.lavocedelpaese.info\/index.php\/wp-json\/wp\/v2\/media\/2323"}],"wp:attachment":[{"href":"https:\/\/archivioturi.lavocedelpaese.info\/index.php\/wp-json\/wp\/v2\/media?parent=2492"}],"wp:term":[{"taxonomy":"category","embeddable":true,"href":"https:\/\/archivioturi.lavocedelpaese.info\/index.php\/wp-json\/wp\/v2\/categories?post=2492"},{"taxonomy":"post_tag","embeddable":true,"href":"https:\/\/archivioturi.lavocedelpaese.info\/index.php\/wp-json\/wp\/v2\/tags?post=2492"}],"curies":[{"name":"wp","href":"https:\/\/api.w.org\/{rel}","templated":true}]}}