{"id":2455,"date":"2010-07-03T05:37:55","date_gmt":"2010-07-03T05:37:55","guid":{"rendered":"https:\/\/archivioturi.lavocedelpaese.info\/index.php\/2010\/07\/03\/relazione-sulla-rete-consultoriale\/"},"modified":"2010-07-03T05:37:55","modified_gmt":"2010-07-03T05:37:55","slug":"relazione-sulla-rete-consultoriale","status":"publish","type":"post","link":"https:\/\/archivioturi.lavocedelpaese.info\/index.php\/2010\/07\/03\/relazione-sulla-rete-consultoriale\/","title":{"rendered":"RELAZIONE SULLA RETE CONSULTORIALE"},"content":{"rendered":"<p><img loading=\"lazy\" decoding=\"async\" class=\" size-full wp-image-1471\" height=\"150\" width=\"320\" src=\"https:\/\/archivioturi.lavocedelpaese.info\/wp-content\/uploads\/2010\/02\/tundo-schittulli.jpg\" alt=\"tundo-schittulli\" \/> <\/p>\n<p style=\"text-align: justify;\"><span style=\"font-family: verdana,geneva;\"><span style=\"font-size: 10pt;\">Nella seduta della Conferenza dei Sindaci tenutasi in data 14 giugno scorso, alla presenza dell\u2019Assessore Regionale\u00a0alle Politiche della Salute, Prof. Tommaso Fiore, \u00e8 stato concordato che ciascun direttore di distretto sanitario, incontrando i sindaci, inoltri un\u2019ulteriore relazione inerente la rete consultoriale.<\/span><\/span><\/p>\n<p style=\"text-align: justify;\"><span style=\"font-family: verdana,geneva;\"><span style=\"font-size: 10pt;\">La relazione conterr\u00e0 informazioni sulle attivit\u00e0 svolte nei vari consultori e terr\u00e0 conto delle esigenze assistenziali, sociali, delle possibilit\u00e0 organizzative, degli ambienti, delle caratteristiche tecniche e strutturali, dell\u2019andamento delle prestazioni, della domanda assistenziale, degli indici di funzionalit\u00e0.<\/span><\/span><\/p>\n<p style=\"text-align: justify;\"><span style=\"font-family: verdana,geneva;\"><span style=\"font-size: 10pt;\">Riguardo a ci\u00f2 l\u2019<strong>assessore Paolo Tundo<\/strong> ha espresso la propria opinione: \u201cSaremo chiamati a discutere. Speriamo di sottoscrivere un accordo\u00a0con i direttori sanitari che sia vantaggioso per Turi, perch\u00e9 solo cos\u00ec la Regione potrebbe chiudere un occhio. Pu\u00f2 anche restare a Turi un punto d\u2019accoglienza come previsto dalla legge regionale, ma se per ipotesi il servizio verr\u00e0 accorpato a Casamassima,\u00a0anche se spero fermamente che Casamassima\u00a0ne permetta\u00a0 lo spostamento\u00a0a Turi e che sia ugualmente efficiente, vorrei che vi fosse garantita una prestazione di qualit\u00e0 e di tutela\u00a0per la salute della persona con tempi ristretti di prenotazione con un\u2019attesa di massimo di due &#8211; tre giorni, un salto di qualit\u00e0 per salvaguardare la sicurezza dell\u2019ammalato.\u201d<\/span><\/span><\/p>\n","protected":false},"excerpt":{"rendered":"<p><img loading=\"lazy\" decoding=\"async\" class=\" size-full wp-image-1471\" height=\"150\" width=\"320\" src=\"https:\/\/archivioturi.lavocedelpaese.info\/wp-content\/uploads\/2010\/02\/tundo-schittulli.jpg\" alt=\"tundo-schittulli\" \/> <\/p>\n","protected":false},"author":1,"featured_media":1471,"comment_status":"open","ping_status":"closed","sticky":false,"template":"","format":"standard","meta":{"colormag_page_container_layout":"default_layout","colormag_page_sidebar_layout":"default_layout","footnotes":""},"categories":[6],"tags":[],"class_list":["post-2455","post","type-post","status-publish","format-standard","has-post-thumbnail","hentry","category-cultura"],"_links":{"self":[{"href":"https:\/\/archivioturi.lavocedelpaese.info\/index.php\/wp-json\/wp\/v2\/posts\/2455","targetHints":{"allow":["GET"]}}],"collection":[{"href":"https:\/\/archivioturi.lavocedelpaese.info\/index.php\/wp-json\/wp\/v2\/posts"}],"about":[{"href":"https:\/\/archivioturi.lavocedelpaese.info\/index.php\/wp-json\/wp\/v2\/types\/post"}],"author":[{"embeddable":true,"href":"https:\/\/archivioturi.lavocedelpaese.info\/index.php\/wp-json\/wp\/v2\/users\/1"}],"replies":[{"embeddable":true,"href":"https:\/\/archivioturi.lavocedelpaese.info\/index.php\/wp-json\/wp\/v2\/comments?post=2455"}],"version-history":[{"count":0,"href":"https:\/\/archivioturi.lavocedelpaese.info\/index.php\/wp-json\/wp\/v2\/posts\/2455\/revisions"}],"wp:featuredmedia":[{"embeddable":true,"href":"https:\/\/archivioturi.lavocedelpaese.info\/index.php\/wp-json\/wp\/v2\/media\/1471"}],"wp:attachment":[{"href":"https:\/\/archivioturi.lavocedelpaese.info\/index.php\/wp-json\/wp\/v2\/media?parent=2455"}],"wp:term":[{"taxonomy":"category","embeddable":true,"href":"https:\/\/archivioturi.lavocedelpaese.info\/index.php\/wp-json\/wp\/v2\/categories?post=2455"},{"taxonomy":"post_tag","embeddable":true,"href":"https:\/\/archivioturi.lavocedelpaese.info\/index.php\/wp-json\/wp\/v2\/tags?post=2455"}],"curies":[{"name":"wp","href":"https:\/\/api.w.org\/{rel}","templated":true}]}}