{"id":2454,"date":"2010-07-02T17:29:54","date_gmt":"2010-07-02T17:29:54","guid":{"rendered":"https:\/\/archivioturi.lavocedelpaese.info\/index.php\/2010\/07\/02\/cambiamenti-in-diocesi-don-nicola-donghia-in-vaticano\/"},"modified":"2010-07-02T17:29:54","modified_gmt":"2010-07-02T17:29:54","slug":"cambiamenti-in-diocesi-don-nicola-donghia-in-vaticano","status":"publish","type":"post","link":"https:\/\/archivioturi.lavocedelpaese.info\/index.php\/2010\/07\/02\/cambiamenti-in-diocesi-don-nicola-donghia-in-vaticano\/","title":{"rendered":"CAMBIAMENTI IN DIOCESI, DON NICOLA D\u2019ONGHIA IN VATICANO"},"content":{"rendered":"<p><img loading=\"lazy\" decoding=\"async\" class=\" size-full wp-image-2453\" height=\"150\" width=\"320\" src=\"https:\/\/archivioturi.lavocedelpaese.info\/wp-content\/uploads\/2010\/07\/parroci.jpg\" alt=\"parroci\" srcset=\"https:\/\/archivioturi.lavocedelpaese.info\/wp-content\/uploads\/2010\/07\/parroci.jpg 640w, https:\/\/archivioturi.lavocedelpaese.info\/wp-content\/uploads\/2010\/07\/parroci-300x141.jpg 300w\" sizes=\"auto, (max-width: 320px) 100vw, 320px\" \/> <\/p>\n<p style=\"text-align: justify;\"><span style=\"font-family: verdana,geneva;\"><span style=\"font-size: 10pt;\">Il 18 giugno scorso, il Vescovo della diocesi di Conversano-Monopoli, mons. <strong>Domenico Padovano<\/strong>, in occasione dell\u2019appuntamento annuale della giornata di spiritualit\u00e0 che trascorre con i sacerdoti della diocesi, <strong>ha comunicato\u00a0 le novit\u00e0<\/strong> che riguarderanno il Seminario Vescovile e moltissime parrocchie della nostra diocesi a partire dal prossimo settembre.<\/span><\/span><\/p>\n<p style=\"text-align: justify;\"><span style=\"font-family: verdana,geneva;\"><span style=\"font-size: 10pt;\">Cambiamenti che tuttavia non coinvolgeranno le nostre tre parrocchie, che vedono la <strong>conferma dell\u2019incarico per don Maurizio Cladararo e don Lino Fanelli<\/strong>. Anche l\u2019arciprete don <strong>Giovanni\u00a0 Amodio rester\u00e0 a Turi<\/strong>, smentendo le voci degli ultimi tempi che immaginavano un suo possibile trasferimento, dopo aver trascorso a Turi nove anni.<\/span><\/span><\/p>\n<p style=\"text-align: justify;\"><span style=\"font-family: verdana,geneva;\"><span style=\"font-size: 10pt;\">Invece <strong>mons. Lorenzo Renna<\/strong>, gi\u00e0 parroco a Turi presso la chiesa si San Giovanni Battista, e attualmente arciprete di Conversano, ha deciso di rinunciare all\u2019incarico per un fatto anagrafico; l\u2019arciprete di Conversano sar\u00e0 il rutiglianese don Felice Di Palma.<\/span><\/span><\/p>\n<p style=\"text-align: justify;\"><span style=\"font-family: verdana,geneva;\"><span style=\"font-size: 10pt;\">Ma una delle principali novit\u00e0 riguarda <strong>don Nicola D\u2019Onghia<\/strong>, che a Turi ha trascorso da diacono transeunte gli anni della preparazione al sacerdozio sotto la guida del nostro don Giovanni, in chiesa Madre.<\/span><\/span><\/p>\n<p style=\"text-align: justify;\"><span style=\"font-family: verdana,geneva;\"><span style=\"font-size: 10pt;\">Don Nicola, ordinato sacerdote il 20 settembre 2003, dopo l\u2019esperienza come vice parroco prima in chiesa Madre a Turi, poi in cattedrale a Conversano, nel 2008 era divenuto rettore del seminario Vescovile di Conversano.<\/span><\/span><\/p>\n<p style=\"text-align: justify;\"><span style=\"font-family: verdana,geneva;\"><span style=\"font-size: 10pt;\">Adesso \u00e8 invece chiamato ad un incarico di grande responsabilit\u00e0: <strong>sar\u00e0 collaboratore<\/strong> presso la Sezione per gli Affari Generali <strong>della Segreteria di Stato in Vaticano<\/strong>.<\/span><\/span><\/p>\n","protected":false},"excerpt":{"rendered":"<p><img loading=\"lazy\" decoding=\"async\" class=\" size-full wp-image-2453\" height=\"150\" width=\"320\" src=\"https:\/\/archivioturi.lavocedelpaese.info\/wp-content\/uploads\/2010\/07\/parroci.jpg\" alt=\"parroci\" srcset=\"https:\/\/archivioturi.lavocedelpaese.info\/wp-content\/uploads\/2010\/07\/parroci.jpg 640w, https:\/\/archivioturi.lavocedelpaese.info\/wp-content\/uploads\/2010\/07\/parroci-300x141.jpg 300w\" sizes=\"auto, (max-width: 320px) 100vw, 320px\" \/> <\/p>\n","protected":false},"author":1,"featured_media":2453,"comment_status":"open","ping_status":"closed","sticky":false,"template":"","format":"standard","meta":{"colormag_page_container_layout":"default_layout","colormag_page_sidebar_layout":"default_layout","footnotes":""},"categories":[6],"tags":[],"class_list":["post-2454","post","type-post","status-publish","format-standard","has-post-thumbnail","hentry","category-cultura"],"_links":{"self":[{"href":"https:\/\/archivioturi.lavocedelpaese.info\/index.php\/wp-json\/wp\/v2\/posts\/2454","targetHints":{"allow":["GET"]}}],"collection":[{"href":"https:\/\/archivioturi.lavocedelpaese.info\/index.php\/wp-json\/wp\/v2\/posts"}],"about":[{"href":"https:\/\/archivioturi.lavocedelpaese.info\/index.php\/wp-json\/wp\/v2\/types\/post"}],"author":[{"embeddable":true,"href":"https:\/\/archivioturi.lavocedelpaese.info\/index.php\/wp-json\/wp\/v2\/users\/1"}],"replies":[{"embeddable":true,"href":"https:\/\/archivioturi.lavocedelpaese.info\/index.php\/wp-json\/wp\/v2\/comments?post=2454"}],"version-history":[{"count":0,"href":"https:\/\/archivioturi.lavocedelpaese.info\/index.php\/wp-json\/wp\/v2\/posts\/2454\/revisions"}],"wp:featuredmedia":[{"embeddable":true,"href":"https:\/\/archivioturi.lavocedelpaese.info\/index.php\/wp-json\/wp\/v2\/media\/2453"}],"wp:attachment":[{"href":"https:\/\/archivioturi.lavocedelpaese.info\/index.php\/wp-json\/wp\/v2\/media?parent=2454"}],"wp:term":[{"taxonomy":"category","embeddable":true,"href":"https:\/\/archivioturi.lavocedelpaese.info\/index.php\/wp-json\/wp\/v2\/categories?post=2454"},{"taxonomy":"post_tag","embeddable":true,"href":"https:\/\/archivioturi.lavocedelpaese.info\/index.php\/wp-json\/wp\/v2\/tags?post=2454"}],"curies":[{"name":"wp","href":"https:\/\/api.w.org\/{rel}","templated":true}]}}