{"id":2442,"date":"2010-07-01T17:59:55","date_gmt":"2010-07-01T17:59:55","guid":{"rendered":"https:\/\/archivioturi.lavocedelpaese.info\/index.php\/2010\/07\/01\/tundo-vicesindaco-e-torna-antonio-tateo\/"},"modified":"2010-07-01T17:59:55","modified_gmt":"2010-07-01T17:59:55","slug":"tundo-vicesindaco-e-torna-antonio-tateo","status":"publish","type":"post","link":"https:\/\/archivioturi.lavocedelpaese.info\/index.php\/2010\/07\/01\/tundo-vicesindaco-e-torna-antonio-tateo\/","title":{"rendered":"TUNDO VICESINDACO E TORNA ANTONIO TATEO"},"content":{"rendered":"<p><img loading=\"lazy\" decoding=\"async\" class=\" alignleft size-full wp-image-2118\" height=\"150\" width=\"320\" src=\"https:\/\/archivioturi.lavocedelpaese.info\/wp-content\/uploads\/2010\/05\/giunta_gigantelli.jpg\" alt=\"giunta_gigantelli\" style=\"float: left;\" srcset=\"https:\/\/archivioturi.lavocedelpaese.info\/wp-content\/uploads\/2010\/05\/giunta_gigantelli.jpg 640w, https:\/\/archivioturi.lavocedelpaese.info\/wp-content\/uploads\/2010\/05\/giunta_gigantelli-300x140.jpg 300w\" sizes=\"auto, (max-width: 320px) 100vw, 320px\" \/> <\/p>\n<h4><span style=\"font-size: 10pt;\"><span style=\"font-family: verdana,geneva;\"><strong>ESCLUSIVO<\/strong> &#8211; La nuova giunta e colpi di scena.<\/span><\/span><\/h4>\n<p style=\"text-align: center;\"><span style=\"font-size: 10pt;\"><span style=\"font-family: verdana,geneva;\">\u00a0<\/span><\/span><\/p>\n<p style=\"text-align: center;\"><span style=\"font-size: 10pt;\"><span style=\"font-family: verdana,geneva;\">TUNDO VICESINDACO. ANTONIO TATEO ALLA COMUNICAZIONE.<\/span><\/span><\/p>\n<p><span style=\"font-size: 10pt;\"><span style=\"font-family: verdana,geneva;\">\u00a0<\/span><\/span><\/p>\n<p style=\"text-align: justify;\"><span style=\"font-size: 10pt;\"><span style=\"font-family: verdana,geneva;\">Clamoroso colpo di scena. La nuova giunta ha sub\u00ecto un altro scossone. Rivoltata. Rimescolata. Rimacinata. Insomma, quando la realt\u00e0 supera la fantasia. La giunta come via Lorenzo Scarnera. Fosse per loro, via Scarnera la cambierebbero a giorni alterni. Mentre per la giunta si accontentano di una volta la settimana.<\/span><\/span><\/p>\n<div style=\"text-align: justify;\"><span style=\"font-size: 10pt;\"><span style=\"font-family: verdana,geneva;\">\u00a0<\/span><\/span><\/div>\n<p style=\"text-align: justify;\"><span style=\"font-size: 10pt;\"><span style=\"font-family: verdana,geneva;\">Tutto ha avuto inizio stanotte all\u2019una e 15, quando mi \u00e8 arrivato un sms da un consigliere comunale di maggioranza: \u201cRiunione con botto\u201d. Oggi primo luglio giornata campale con gli esponenti della maggioranza a mentire e a smentire fatti e\u00a0 mis-fatti della riunione notturna durante la quale il sindaco ha pregato tutti i consiglieri presenti di tacere sulle clamorose \u00a0novit\u00e0.<\/span><\/span><\/p>\n<div style=\"text-align: justify;\"><span style=\"font-size: 10pt;\"><span style=\"font-family: verdana,geneva;\">\u00a0<\/span><\/span><\/div>\n<p style=\"text-align: justify;\"><span style=\"font-size: 10pt;\"><span style=\"font-family: verdana,geneva;\">Ma il futuro\u00a0vice-sindaco Paolo Tundo, stuzzicato ad arte dai colleghi alleati ad esponenti della stampa interessata all\u2019avvenimento, ha finito per ammettere almeno parte della nuova, ennesima giunta. Turiweb ha seguito per tutta la giornata il chiarirsi della situazione. Alle 20 siamo pronti per \u2018caricare\u2019 il pezzo nel quale sicuramente mancher\u00e0 qualcosa ma sicuramente informa quasi in tempo reale sugli avvenimenti odierni. Ricapitoliamo.<\/span><\/span><\/p>\n<div style=\"text-align: justify;\"><span style=\"font-size: 10pt;\"><span style=\"font-family: verdana,geneva;\">\u00a0<\/span><\/span><\/div>\n<p style=\"text-align: justify;\"><span style=\"font-size: 10pt;\"><span style=\"font-family: verdana,geneva;\">Ecco la giunta che si presenter\u00e0 ufficialmente luned\u00ec al consiglio comunale.<\/span><\/span><\/p>\n<div style=\"text-align: justify;\"><span style=\"font-size: 10pt;\"><span style=\"font-family: verdana,geneva;\">\u00a0<\/span><\/span><\/div>\n<p style=\"text-align: justify;\"><span style=\"font-size: 10pt;\"><span style=\"font-family: verdana,geneva;\"><strong>Sindaco<\/strong>: Vincenzo Gigantelli<\/span><\/span><\/p>\n<div style=\"text-align: justify;\"><span style=\"font-size: 10pt;\"><span style=\"font-family: verdana,geneva;\">\u00a0<\/span><\/span><\/div>\n<p style=\"text-align: justify;\"><span style=\"font-size: 10pt;\"><span style=\"font-family: verdana,geneva;\"><strong>Assessore vicesindaco<\/strong>: Paolo Tundo<\/span><\/span><\/p>\n<div style=\"text-align: justify;\"><span style=\"font-size: 10pt;\"><span style=\"font-family: verdana,geneva;\">\u00a0<\/span><\/span><\/div>\n<p style=\"text-align: justify;\"><span style=\"font-size: 10pt;\"><span style=\"font-family: verdana,geneva;\"><strong>Assessore (Esterno) alla comunicazione<\/strong>:Antonio Tateo<\/span><\/span><\/p>\n<div style=\"text-align: justify;\"><span style=\"font-size: 10pt;\"><span style=\"font-family: verdana,geneva;\">\u00a0<\/span><\/span><\/div>\n<p style=\"text-align: justify;\"><span style=\"font-size: 10pt;\"><span style=\"font-family: verdana,geneva;\"><strong>Consigliere\u00a0 comunale (forse) senza deleghe<\/strong>: Franco D\u2019Addabbo<\/span><\/span><\/p>\n<div style=\"text-align: justify;\"><span style=\"font-size: 10pt;\"><span style=\"font-family: verdana,geneva;\">\u00a0<\/span><\/span><\/div>\n<p style=\"text-align: justify;\"><span style=\"font-size: 10pt;\"><span style=\"font-family: verdana,geneva;\"><strong>Assessore alla cultura e alla scuola<\/strong>: Modesto Cazzetta<\/span><\/span><\/p>\n<div style=\"text-align: justify;\"><span style=\"font-size: 10pt;\"><span style=\"font-family: verdana,geneva;\">\u00a0<\/span><\/span><\/div>\n<p style=\"text-align: justify;\"><span style=\"font-size: 10pt;\"><span style=\"font-family: verdana,geneva;\"><strong>Assessore alla Polizia municipale<\/strong>: Gian Piero Luisi<\/span><\/span><\/p>\n<div style=\"text-align: justify;\"><span style=\"font-size: 10pt;\"><span style=\"font-family: verdana,geneva;\">\u00a0<\/span><\/span><\/div>\n<p style=\"text-align: justify;\"><span style=\"font-size: 10pt;\"><span style=\"font-family: verdana,geneva;\"><strong>Assessore all\u2019 urbanistica, forse Lavori pubblici, ma \u00a0senza Pip, Pug, Ecc<\/strong>.: Teresita De Florio<\/span><\/span><\/p>\n<div style=\"text-align: justify;\"><span style=\"font-size: 10pt;\"><span style=\"font-family: verdana,geneva;\">\u00a0<\/span><\/span><\/div>\n<p style=\"text-align: justify;\"><span style=\"font-size: 10pt;\"><span style=\"font-family: verdana,geneva;\"><strong>Assessore agli affari cimiteriali<\/strong>: Vito Totaro<\/span><\/span><\/p>\n<div style=\"text-align: justify;\"><span style=\"font-size: 10pt;\"><span style=\"font-family: verdana,geneva;\">\u00a0<\/span><\/span><\/div>\n<p style=\"text-align: justify;\"><span style=\"font-size: 10pt;\"><span style=\"font-family: verdana,geneva;\"><strong>Assessore alla trasparenza<\/strong>: GianFranco D\u2019Autilia<\/span><\/span><\/p>\n<div style=\"text-align: justify;\"><span style=\"font-size: 10pt;\"><span style=\"font-family: verdana,geneva;\">La giornata \u00e8 continuata con un incontro molto importante chiesto e voluto \u00a0dal sindaco, accompagnato, pare, dal vice-sindaco Tundo (sua prima apparizione come vice) per cercare di chiarire le problematiche con l\u2019ex assessore all\u2019agricoltura Giacomo Valentini. Pare che Gigantelli lo voglia semplice consigliere con la delega all\u2019agricoltura\u00a0e pare che gli abbia tolto la delega al verde pubblico. Valentini sembra non sia rimasto molto contento. Secondo il nostro umile parere Valentini pare abbia garantito a Gigantelli che non finir\u00e0 nel gruppone della minoranza, ma rester\u00e0 nella maggioranza ma di volta in volta decider\u00e0 di votare a favore o contro. Nei prossimi giorni cercheremo di chiarire altri aspetti di questa giunta a sorpresa.<\/span><\/span><\/div>\n","protected":false},"excerpt":{"rendered":"<p><img loading=\"lazy\" decoding=\"async\" class=\" alignleft size-full wp-image-2118\" height=\"150\" width=\"320\" src=\"https:\/\/archivioturi.lavocedelpaese.info\/wp-content\/uploads\/2010\/05\/giunta_gigantelli.jpg\" alt=\"giunta_gigantelli\" style=\"float: left;\" srcset=\"https:\/\/archivioturi.lavocedelpaese.info\/wp-content\/uploads\/2010\/05\/giunta_gigantelli.jpg 640w, https:\/\/archivioturi.lavocedelpaese.info\/wp-content\/uploads\/2010\/05\/giunta_gigantelli-300x140.jpg 300w\" sizes=\"auto, (max-width: 320px) 100vw, 320px\" \/> <\/p>\n","protected":false},"author":1,"featured_media":2118,"comment_status":"open","ping_status":"closed","sticky":false,"template":"","format":"standard","meta":{"colormag_page_container_layout":"default_layout","colormag_page_sidebar_layout":"default_layout","footnotes":""},"categories":[4],"tags":[],"class_list":["post-2442","post","type-post","status-publish","format-standard","has-post-thumbnail","hentry","category-politica"],"_links":{"self":[{"href":"https:\/\/archivioturi.lavocedelpaese.info\/index.php\/wp-json\/wp\/v2\/posts\/2442","targetHints":{"allow":["GET"]}}],"collection":[{"href":"https:\/\/archivioturi.lavocedelpaese.info\/index.php\/wp-json\/wp\/v2\/posts"}],"about":[{"href":"https:\/\/archivioturi.lavocedelpaese.info\/index.php\/wp-json\/wp\/v2\/types\/post"}],"author":[{"embeddable":true,"href":"https:\/\/archivioturi.lavocedelpaese.info\/index.php\/wp-json\/wp\/v2\/users\/1"}],"replies":[{"embeddable":true,"href":"https:\/\/archivioturi.lavocedelpaese.info\/index.php\/wp-json\/wp\/v2\/comments?post=2442"}],"version-history":[{"count":0,"href":"https:\/\/archivioturi.lavocedelpaese.info\/index.php\/wp-json\/wp\/v2\/posts\/2442\/revisions"}],"wp:featuredmedia":[{"embeddable":true,"href":"https:\/\/archivioturi.lavocedelpaese.info\/index.php\/wp-json\/wp\/v2\/media\/2118"}],"wp:attachment":[{"href":"https:\/\/archivioturi.lavocedelpaese.info\/index.php\/wp-json\/wp\/v2\/media?parent=2442"}],"wp:term":[{"taxonomy":"category","embeddable":true,"href":"https:\/\/archivioturi.lavocedelpaese.info\/index.php\/wp-json\/wp\/v2\/categories?post=2442"},{"taxonomy":"post_tag","embeddable":true,"href":"https:\/\/archivioturi.lavocedelpaese.info\/index.php\/wp-json\/wp\/v2\/tags?post=2442"}],"curies":[{"name":"wp","href":"https:\/\/api.w.org\/{rel}","templated":true}]}}