{"id":2439,"date":"2010-07-01T13:46:23","date_gmt":"2010-07-01T13:46:23","guid":{"rendered":"https:\/\/archivioturi.lavocedelpaese.info\/index.php\/2010\/07\/01\/commozione-per-il-pensionamento-di-tardi\/"},"modified":"2010-07-01T13:46:23","modified_gmt":"2010-07-01T13:46:23","slug":"commozione-per-il-pensionamento-di-tardi","status":"publish","type":"post","link":"https:\/\/archivioturi.lavocedelpaese.info\/index.php\/2010\/07\/01\/commozione-per-il-pensionamento-di-tardi\/","title":{"rendered":"COMMOZIONE PER IL PENSIONAMENTO DI TARDI"},"content":{"rendered":"<p><img loading=\"lazy\" decoding=\"async\" class=\" size-full wp-image-2438\" height=\"150\" width=\"320\" src=\"https:\/\/archivioturi.lavocedelpaese.info\/wp-content\/uploads\/2010\/07\/CIMG3551.jpg\" alt=\"CIMG3551\" srcset=\"https:\/\/archivioturi.lavocedelpaese.info\/wp-content\/uploads\/2010\/07\/CIMG3551.jpg 640w, https:\/\/archivioturi.lavocedelpaese.info\/wp-content\/uploads\/2010\/07\/CIMG3551-300x141.jpg 300w\" sizes=\"auto, (max-width: 320px) 100vw, 320px\" \/> <\/p>\n<p style=\"text-align: justify;\"><span style=\"font-size: 10pt;\"><span style=\"font-family: verdana,geneva;\">Un saluto commovente quello che ha ringraziato lo scorso 28 giugno il Dirigente della Scuola dell\u2019Infanzia e della Scuola Primaria di Turi, il <strong>dott. Enzo Tardi<\/strong> che lascia il suo incarico per <strong>pensionamento<\/strong>.<\/span><\/span><\/p>\n<p style=\"text-align: justify;\"><span style=\"font-size: 10pt;\"><span style=\"font-family: verdana,geneva;\">Tutti i presenti, dal personale scolastico alle autorit\u00e0 civili e religiose, hanno espresso profondo rammarico per la perdita di una figura cos\u00ec importante per la scuola e per i bambini del nostro paese.<\/span><\/span><\/p>\n<p style=\"text-align: justify;\"><span style=\"font-size: 10pt;\"><span style=\"font-family: verdana,geneva;\">Un incontro per pochi intimi, che ha riflettuto il carattere di un uomo, un dirigente scolastico, che non si \u00e8 mai interessato delle voci di paese ed ha sempre guardato al bisogno della sua scuola e dei bambini che ogni anno gli venivano affidati. Attento nei loro processi formativi ed educativi, ha spesso attratto verso di s\u00e9 critiche e discordie, ma con pazienza ed impegno ha reso il C. D. \u201cP. De Donato Giannini\u201d una realt\u00e0 riconosciuta e apprezzata da molti.<\/span><\/span><\/p>\n<p style=\"text-align: justify;\"><span style=\"font-size: 10pt;\"><span style=\"font-family: verdana,geneva;\">Una giornata ricca di ricordi in un excursus professionale del dott. Tardi, la cui vita \u00e8 stata dedita alla scuola. Un amore per la propria professione dimostrato con il passare del tempo e che l\u2019ha visto impegnato nella scuola, prima come insegnante e dopo come Dirigente. Durante la sua attivit\u00e0 ha dovuto dare prova di una grande fermezza ed autorit\u00e0 decisionale che non sempre \u00e8 stata compresa da chi lo ha incontrato.<\/span><\/span><\/p>\n<p style=\"text-align: justify;\"><span style=\"font-size: 10pt;\"><span style=\"font-family: verdana,geneva;\">Alla fine dei ringraziamenti del personale docente, \u00e8 stato lo stesso Dirigente ad esprimere il suo \u201cGrazie\u201d nei confronti dell\u2019intero Circolo Didattico di Turi per tutte le belle e significative esperienze che conserver\u00e0 nel suo cassetto dei ricordi.<\/span><\/span><\/p>\n","protected":false},"excerpt":{"rendered":"<p><img loading=\"lazy\" decoding=\"async\" class=\" size-full wp-image-2438\" height=\"150\" width=\"320\" src=\"https:\/\/archivioturi.lavocedelpaese.info\/wp-content\/uploads\/2010\/07\/CIMG3551.jpg\" alt=\"CIMG3551\" srcset=\"https:\/\/archivioturi.lavocedelpaese.info\/wp-content\/uploads\/2010\/07\/CIMG3551.jpg 640w, https:\/\/archivioturi.lavocedelpaese.info\/wp-content\/uploads\/2010\/07\/CIMG3551-300x141.jpg 300w\" sizes=\"auto, (max-width: 320px) 100vw, 320px\" \/> <\/p>\n","protected":false},"author":1,"featured_media":2438,"comment_status":"open","ping_status":"closed","sticky":false,"template":"","format":"standard","meta":{"colormag_page_container_layout":"default_layout","colormag_page_sidebar_layout":"default_layout","footnotes":""},"categories":[7],"tags":[],"class_list":["post-2439","post","type-post","status-publish","format-standard","has-post-thumbnail","hentry","category-attualita"],"_links":{"self":[{"href":"https:\/\/archivioturi.lavocedelpaese.info\/index.php\/wp-json\/wp\/v2\/posts\/2439","targetHints":{"allow":["GET"]}}],"collection":[{"href":"https:\/\/archivioturi.lavocedelpaese.info\/index.php\/wp-json\/wp\/v2\/posts"}],"about":[{"href":"https:\/\/archivioturi.lavocedelpaese.info\/index.php\/wp-json\/wp\/v2\/types\/post"}],"author":[{"embeddable":true,"href":"https:\/\/archivioturi.lavocedelpaese.info\/index.php\/wp-json\/wp\/v2\/users\/1"}],"replies":[{"embeddable":true,"href":"https:\/\/archivioturi.lavocedelpaese.info\/index.php\/wp-json\/wp\/v2\/comments?post=2439"}],"version-history":[{"count":0,"href":"https:\/\/archivioturi.lavocedelpaese.info\/index.php\/wp-json\/wp\/v2\/posts\/2439\/revisions"}],"wp:featuredmedia":[{"embeddable":true,"href":"https:\/\/archivioturi.lavocedelpaese.info\/index.php\/wp-json\/wp\/v2\/media\/2438"}],"wp:attachment":[{"href":"https:\/\/archivioturi.lavocedelpaese.info\/index.php\/wp-json\/wp\/v2\/media?parent=2439"}],"wp:term":[{"taxonomy":"category","embeddable":true,"href":"https:\/\/archivioturi.lavocedelpaese.info\/index.php\/wp-json\/wp\/v2\/categories?post=2439"},{"taxonomy":"post_tag","embeddable":true,"href":"https:\/\/archivioturi.lavocedelpaese.info\/index.php\/wp-json\/wp\/v2\/tags?post=2439"}],"curies":[{"name":"wp","href":"https:\/\/api.w.org\/{rel}","templated":true}]}}