{"id":2420,"date":"2010-07-04T05:04:19","date_gmt":"2010-07-04T05:04:19","guid":{"rendered":"https:\/\/archivioturi.lavocedelpaese.info\/index.php\/2010\/07\/04\/sguardo-alla-settimana-28-giugno-4-luglio\/"},"modified":"2010-07-04T05:04:19","modified_gmt":"2010-07-04T05:04:19","slug":"sguardo-alla-settimana-28-giugno-4-luglio","status":"publish","type":"post","link":"https:\/\/archivioturi.lavocedelpaese.info\/index.php\/2010\/07\/04\/sguardo-alla-settimana-28-giugno-4-luglio\/","title":{"rendered":"SGUARDO ALLA SETTIMANA 28 GIUGNO\/ 4 LUGLIO"},"content":{"rendered":"<p><img loading=\"lazy\" decoding=\"async\" class=\" size-full wp-image-2132\" height=\"150\" width=\"320\" src=\"https:\/\/archivioturi.lavocedelpaese.info\/wp-content\/uploads\/2010\/05\/collage_5.jpg\" alt=\"collage_5\" srcset=\"https:\/\/archivioturi.lavocedelpaese.info\/wp-content\/uploads\/2010\/05\/collage_5.jpg 640w, https:\/\/archivioturi.lavocedelpaese.info\/wp-content\/uploads\/2010\/05\/collage_5-300x141.jpg 300w\" sizes=\"auto, (max-width: 320px) 100vw, 320px\" \/> <\/p>\n<p><span style=\"font-family: verdana,geneva;\"><span style=\"font-size: 10pt;\"><strong>Luned\u00ec 28:<\/strong><\/span><\/span><\/p>\n<p style=\"text-align: justify;\"><span style=\"font-family: verdana,geneva;\"><span style=\"font-size: 10pt;\"><a target=\"_blank\" href=\"attualita\/1536-continuano-i-disagi-dellufficio-postale-di-turi.html?phpMyAdmin=249be9a92230f4edfb2945ad723064de\" rel=\"noopener\">CONTINUANO I DISAGI DELL\u2019UFFICIO POSTALE DI TURI<\/a>\u00a0<\/span><\/span><span style=\"FONT-SIZE: 10pt\"><span style=\"FONT-FAMILY: verdana,geneva\">Da diverso tempo si protraggono le lamentele nei confronti dell\u2019Ufficio Postale di Turi. Dai manifesti pubblici in piazza, ai gruppi di raccolta adesione sui pi\u00f9 noti social network, alle denunce esposte sugli organi di stampa. La situazione per\u00f2 continua a non cambiare.<\/span><\/span><\/p>\n<p style=\"text-align: justify;\"><span style=\"FONT-SIZE: 10pt\"><span style=\"FONT-FAMILY: verdana,geneva\"><a target=\"_blank\" href=\"la-voce-del-paese\/1537-mentre-si-vive-male-in-una-turi-che-affonda.html?phpMyAdmin=249be9a92230f4edfb2945ad723064de\" rel=\"noopener\">MENTRE SI VIVE ( MALE ) IN UNA TURI CHE AFFONDA\u2026<\/a>\u00a0<\/span><\/span><span style=\"FONT-SIZE: 10pt\"><span style=\"FONT-FAMILY: verdana,geneva\">Mentre sono gli ultimi giorni di giugno. <\/span><\/span><span style=\"FONT-SIZE: 10pt\"><span style=\"FONT-FAMILY: verdana,geneva\">Mentre chiss\u00e0 quante centinaia di migliaia di euro sono entrate a Turi grazie alle ciliegie, e noi ci chiediamo: che fine hanno \u00a0fatto o faranno le domande per la calamit\u00e0 che non c\u2019era? &#8230;. La satira di Occhiosalato.<\/span><\/span><\/p>\n<p style=\"text-align: justify;\"><span style=\"FONT-SIZE: 10pt\"><span style=\"FONT-FAMILY: verdana,geneva\"><a target=\"_blank\" href=\"politica\/1538-lagonia-delle-deleghe-termina-tra-poche-ore.html?phpMyAdmin=249be9a92230f4edfb2945ad723064de\" rel=\"noopener\">L\u2019AGONIA DELLE DELEGHE TERMINA TRA POCHE ORE<\/a>\u00a0<span style=\"FONT-FAMILY: verdana,geneva\"><span style=\"FONT-SIZE: 10pt\">Riunione di maggioranza stasera in Comune alle 19.30, per prendere finalmente le decisioni opportune per assegnare gli incarichi ai nuovi assessori. <\/span><\/span><\/span><\/span><\/p>\n<p style=\"text-align: justify;\"><span style=\"FONT-SIZE: 10pt\"><span style=\"FONT-FAMILY: verdana,geneva\"><span style=\"FONT-FAMILY: verdana,geneva\"><span style=\"FONT-SIZE: 10pt\">\u00a0<\/span><\/span><\/span><\/span><\/p>\n<p style=\"text-align: justify;\"><span style=\"font-family: verdana,geneva;\"><span style=\"font-size: 10pt;\"><strong>Marted\u00ec 29:<\/strong><\/span><\/span><\/p>\n<p style=\"text-align: justify;\"><span style=\"font-family: verdana,geneva;\"><span style=\"font-size: 10pt;\"><a target=\"_blank\" href=\"attualita\/1539-il-palazzetto-e-lo-sport-a-turi.html?phpMyAdmin=249be9a92230f4edfb2945ad723064de\" rel=\"noopener\">IL PALAZZETTO E LO SPORT A TURI<\/a>\u00a0<\/span><\/span><span style=\"FONT-SIZE: 10pt\"><span style=\"FONT-FAMILY: verdana,geneva\">Con la conclusione dei campionati maschili e femminili di pallavolo, non possiamo lamentarci circa i risultati conseguiti dalle nostre squadre. Una promozione sfiorata per la maschile ed una centrata in B2 per la femminile. Onori ed applausi, quindi, alle blues e ringraziamenti vivissimi ai colleghi maschi della B1.<\/span><\/span><\/p>\n<p style=\"text-align: justify;\"><span style=\"font-family: verdana,geneva;\"><span style=\"font-size: 10pt;\"><a target=\"_blank\" href=\"cronaca\/1543-incidente-sulla-turi-putignano.html?phpMyAdmin=249be9a92230f4edfb2945ad723064de\" rel=\"noopener\">INCIDENTE SULLA TURI- PUTIGNANO<\/a>\u00a0<span style=\"FONT-FAMILY: verdana,geneva\"><span style=\"FONT-SIZE: 10pt\">Luned\u00ec 28 si \u00e8 verificato un brutto incidente all\u2019incrocio tra Turi-Castellana, il tratto della SS172 Turi-Putignano e l\u2019imbocco della circonvallazione.<\/span><\/span><\/span><\/span><\/p>\n<p style=\"text-align: justify;\"><span style=\"font-family: verdana,geneva;\"><span style=\"font-size: 10pt;\"><span style=\"FONT-FAMILY: verdana,geneva\"><span style=\"FONT-SIZE: 10pt\"><a target=\"_blank\" href=\"attualita\/1541-un-lucchetto-che-vale-un-amore.html?phpMyAdmin=249be9a92230f4edfb2945ad723064de\" rel=\"noopener\">UN LUCCHETTO CHE VALE UN AMORE<\/a>\u00a0<span style=\"FONT-FAMILY: verdana,geneva\"><span style=\"FONT-SIZE: 10pt\">E cos\u00ec, anche Turi, con un bel po\u2019 di ritardo per la verit\u00e0, s\u2019\u00e8 fatto prendere dalla moda \u2018mocciana\u2019 delle dichiarazioni d\u2019amore attraverso il lucchetto dorato.<\/span><\/span><\/span><\/span><\/span><\/span><\/p>\n<p style=\"text-align: justify;\"><span style=\"font-family: verdana,geneva;\"><span style=\"font-size: 10pt;\"><span style=\"FONT-FAMILY: verdana,geneva\"><span style=\"FONT-SIZE: 10pt\"><span style=\"FONT-FAMILY: verdana,geneva\"><span style=\"FONT-SIZE: 10pt\"><a target=\"_blank\" href=\"cronaca\/1544-arrestato-un-sorvegliato-speciale.html?phpMyAdmin=249be9a92230f4edfb2945ad723064de\" rel=\"noopener\">ARRESTATO UN SORVEGLIATO SPECIALE<\/a>\u00a0<span style=\"FONT-FAMILY: verdana,geneva\"><span style=\"FONT-SIZE: 10pt\">Il 23enne G.L. \u00e8 stato arrestato dai CC di Turi dopo essere stato scoperto a parlare al cellulare.<\/span><\/span><\/span><\/span><\/span><\/span><\/span><\/span><\/p>\n<p style=\"text-align: justify;\"><span style=\"font-family: verdana,geneva;\"><span style=\"font-size: 10pt;\"><span style=\"FONT-FAMILY: verdana,geneva\"><span style=\"FONT-SIZE: 10pt\"><span style=\"FONT-FAMILY: verdana,geneva\"><span style=\"FONT-SIZE: 10pt\"><span style=\"FONT-FAMILY: verdana,geneva\"><span style=\"FONT-SIZE: 10pt\">\u00a0<\/span><\/span>\u00a0<\/span><\/span><\/span><\/span><\/span><\/span><\/p>\n<p style=\"text-align: justify;\"><span style=\"font-family: verdana,geneva;\"><span style=\"font-size: 10pt;\"><strong>Mercoled\u00ec 30:<\/strong><\/span><\/span><\/p>\n<p style=\"text-align: justify;\"><span style=\"font-family: verdana,geneva;\"><span style=\"font-size: 10pt;\"><a target=\"_blank\" href=\"politica\/1545-anche-giacomo-valentini-va-all-opposizione-.html?phpMyAdmin=249be9a92230f4edfb2945ad723064de\" rel=\"noopener\">ANCHE GIACOMO VALENTINI VA ALL\u2019 OPPOSIZIONE? <\/a><span style=\"FONT-SIZE: 10pt\"><span style=\"FONT-FAMILY: verdana,geneva\">Trascorre inesorabile il tempo e si continua, vita-natural-durante, con una giunta formata da assessori con competenze non assegnate, con deleghe solamente immaginate, accennate, ipotizzate, con poche\u00a0 certezze: togliere l\u2019assessorato a Giacomo Valentini\u00a0 e, al tempo stesso, fare tutti i tentativi possibili pur di\u00a0 non vederlo seduto insieme ai consiglieri di minoranza e di opposizione.\u00a0 <\/span><\/span><\/span><\/span><\/p>\n<p style=\"text-align: justify;\"><a target=\"_blank\" href=\"attualita\/1546-calendario-disinfestazione-e-derattizzazione.html?phpMyAdmin=249be9a92230f4edfb2945ad723064de\" rel=\"noopener\"><span style=\"font-size: 10pt;\"><span style=\"font-family: verdana,geneva;\">CALENDARIO DISINFESTAZIONE E DERATTIZZAZIONE<\/span><\/span><\/a>\u00a0<span style=\"font-family: verdana,geneva;\"><span style=\"font-size: 10pt;\">2010\/ 2011<\/span><\/span><\/p>\n<p style=\"text-align: justify;\"><a href=\"attualita\/1547-nuovo-agente-di-polizia-municipale.html?phpMyAdmin=249be9a92230f4edfb2945ad723064de\"><span style=\"font-size: 10pt;\"><span style=\"font-family: verdana,geneva;\">NUOVO AGENTE DI POLIZIA MUNICIPALE<\/span><\/span><\/a>\u00a0<span style=\"FONT-FAMILY: verdana,geneva\"><span style=\"FONT-SIZE: 10pt\">Come dichiarato nella delibera di G. C. n\u00b0 83 dello scorso 17 giugno, verr\u00e0 potenziato l\u2019organico del Settore di Polizia Municipale con una unit\u00e0 con il profilo professionale di Agente di Polizia Municipale, il cui nome sar\u00e0 attinto dalla graduatoria in corso di validit\u00e0.<\/span><\/span><\/p>\n<p style=\"text-align: justify;\">\u00a0<\/p>\n<p style=\"text-align: justify;\"><span style=\"font-family: verdana,geneva;\"><span style=\"font-size: 10pt;\"><strong>Gioved\u00ec 1:<\/strong><\/span><\/span><\/p>\n<p style=\"text-align: justify;\"><span style=\"font-family: verdana,geneva;\"><span style=\"font-size: 10pt;\"><a target=\"_blank\" href=\"attualita\/1548-manifestazione-cgil-a-bari.html?phpMyAdmin=249be9a92230f4edfb2945ad723064de\" rel=\"noopener\">MANIFESTAZIONE CGIL A BARI<\/a>\u00a0<\/span><\/span><span style=\"FONT-FAMILY: verdana,geneva\"><span style=\"FONT-SIZE: 10pt\">Venerd\u00ec scorso il circolo Antonio Gramsci (espressione di Sinistra Ecologia Libert\u00e0 e Federazione della Sinistra) con CGIL di Turi hanno aderito alla manifestazione provinciale di Bari indetta dalla CGIL per protestare contro la manovra del governo.<\/span><\/span><\/p>\n<p style=\"text-align: justify;\"><a target=\"_blank\" href=\"politica\/1549-gigantelli-il-capitano-di-una-nave-che-affonda.html?phpMyAdmin=249be9a92230f4edfb2945ad723064de\" rel=\"noopener\"><span style=\"font-family: verdana,geneva;\"><span style=\"font-size: 10pt;\">GIGANTELLI? IL CAPITANO DI UNA NAVE CHE AFFONDA<\/span><\/span><\/a><span style=\"font-family: verdana,geneva;\"><span style=\"font-size: 10pt;\">\u00a0\u201cPi\u00f9 si andr\u00e0 avanti e pi\u00f9 questa maggioranza perder\u00e0 pezzi e credibilit\u00e0.\u201d Cos\u00ec sentenzia il consigliere comunale Natalino Ventrella, un fiume in piena che rischia di esondare quando gli chiediamo di dirci cosa ne pensa dei nuovi assessori.<\/span><\/span><\/p>\n<p style=\"text-align: justify;\"><span style=\"font-family: verdana,geneva;\"><span style=\"font-size: 10pt;\"><a target=\"_blank\" href=\"politica\/1551-regione-insediate-stamane-le-commissioni-permanenti.html?phpMyAdmin=249be9a92230f4edfb2945ad723064de\" rel=\"noopener\">REGIONE: INSEDIATE STAMANE LE COMMISSIONI PERMANENTI<\/a>\u00a0<\/span><\/span><span style=\"FONT-SIZE: 10pt\"><span style=\"COLOR: #000000\"><span style=\"FONT-FAMILY: verdana,geneva\">Si sono insediate stamane le commissioni consiliari permanenti della Puglia, che hanno proceduto ad eleggere il presidente e l&#8217;ufficio di presidenza.<\/span><\/span><\/span><\/p>\n<p style=\"text-align: justify;\"><span style=\"FONT-SIZE: 10pt\"><span style=\"COLOR: #000000\"><span style=\"FONT-FAMILY: verdana,geneva\"><O:p><a target=\"_blank\" href=\"attualita\/1552-commozione-per-il-pensionamento-di-tardi.html?phpMyAdmin=249be9a92230f4edfb2945ad723064de\" rel=\"noopener\">COMMOZIONE PER IL PENSIONAMENTO DI TARDI<\/a>\u00a0<\/O:p><\/span><\/span><\/span><span style=\"FONT-SIZE: 10pt\"><span style=\"FONT-FAMILY: verdana,geneva\">Un saluto commovente quello che ha ringraziato lo scorso 28 giugno il Dirigente della Scuola dell\u2019Infanzia e della Scuola Primaria di Turi, il dott. Enzo Tardi che lascia il suo incarico per pensionamento.<\/span><\/span><\/p>\n<p style=\"text-align: justify;\"><span style=\"FONT-SIZE: 10pt\"><span style=\"FONT-FAMILY: verdana,geneva\"><a target=\"_blank\" href=\"attualita\/1553-tante-lodi-alla-scuola-media-r-resta.html?phpMyAdmin=249be9a92230f4edfb2945ad723064de\" rel=\"noopener\">TANTE LODI ALLA SCUOLA MEDIA \u201cR. RESTA\u201d<\/a>\u00a0<\/span><\/span><span style=\"FONT-SIZE: 10pt\"><span style=\"FONT-FAMILY: verdana,geneva\">Quest\u2019anno, novit\u00e0 assoluta per gli esami di scuola media, \u00e8 stata inserita nelle votazioni decimale gi\u00e0 dallo scorso anno secondo il decreto DPR 122\/2009, anche la lode.<\/span><\/span><\/p>\n<p style=\"text-align: justify;\"><span style=\"font-family: verdana,geneva;\"><span style=\"font-size: 10pt;\"><a target=\"_blank\" href=\"politica\/1554-tundo-vicesindaco-e-torna-antonio-tateo.html?phpMyAdmin=249be9a92230f4edfb2945ad723064de\" rel=\"noopener\">TUNDO VICESINDACO E TORNA ANTONIO TATEO<\/a>\u00a0<\/span><\/span><span style=\"font-family: verdana,geneva;\"><span style=\"font-size: 10pt;\">La nuova giunta e colpi di scena. Tundo Vicesindaco\u00a0e ANntonio Tateo alla Comunicazione.<\/span><\/span><\/p>\n<p style=\"text-align: justify;\"><span style=\"font-family: verdana,geneva;\"><span style=\"font-size: 10pt;\">\u00a0<\/span><\/span><\/p>\n<p style=\"text-align: justify;\"><span style=\"font-family: verdana,geneva;\"><span style=\"font-size: 10pt;\">\u00a0<\/span><\/span><span style=\"font-family: verdana,geneva;\"><span style=\"font-size: 10pt;\"><strong>Venerd\u00ec 2:<\/strong><\/span><\/span><\/p>\n<p style=\"text-align: justify;\"><span style=\"font-family: verdana,geneva;\"><span style=\"font-size: 10pt;\"><a target=\"_blank\" href=\"cultura\/1555-una-fiaba-musicale-e-per-chi-e-di-scena.html?phpMyAdmin=249be9a92230f4edfb2945ad723064de\" rel=\"noopener\">UNA FIABA MUSICALE E \u2026 PER CHI \u00c8 DI SCENA!?<\/a>\u00a0<span style=\"FONT-FAMILY: verdana,geneva\"><span style=\"FONT-SIZE: 10pt\">Non \u00e8 facile insegnare a piccoli allievi la musica e le diverse sfumature che questa pu\u00f2 creare. Lo hanno mostrato ieri sera presso l\u2019Associazione \u201cChi \u00e8 di scena!?\u201d i piccoli bambini del laboratorio didattico musicale di Maria Antonietta Buongiorno.<\/span><\/span><\/span><\/span><\/p>\n<p style=\"text-align: justify;\"><span style=\"font-family: verdana,geneva;\"><span style=\"font-size: 10pt;\"><span style=\"FONT-FAMILY: verdana,geneva\"><span style=\"FONT-SIZE: 10pt\"><a target=\"_blank\" href=\"politica\/1556-avanzo-di-amministrazione-di-318-mila-euro-troppa-grazia.html?phpMyAdmin=249be9a92230f4edfb2945ad723064de\" rel=\"noopener\">AVANZO DI AMMINISTRAZIONE DI 318 MILA EURO, TROPPA GRAZIA<\/a>\u00a0<\/span><\/span><\/span><\/span><span style=\"FONT-SIZE: 10pt\"><span style=\"FONT-FAMILY: verdana,geneva\">Nell\u2019attesa di conoscere la data del consiglio comunale che approver\u00e0 il conto consuntivo del 2009, il sito del Comune informa che la giunta, il 17 giugno scorso, ha adottato la delibera di approvazione del documenti contabili relativi allo scorso anno che evidenziano un avanzo di amministrazione di oltre 318.000 euro.<\/span><\/span><\/p>\n<p style=\"text-align: justify;\"><span style=\"FONT-SIZE: 10pt\"><span style=\"FONT-FAMILY: verdana,geneva\"><a target=\"_blank\" href=\"cultura\/1557-la-banda-cittadina-suona-le-marce-di-puglia-.html?phpMyAdmin=249be9a92230f4edfb2945ad723064de\" rel=\"noopener\">LA BANDA CITTADINA SUONA LE MARCE DI PUGLIA\u00a0<\/a><\/span><\/span><span style=\"FONT-FAMILY: verdana,geneva\"><span style=\"FONT-SIZE: 10pt\">Una serata all\u2019insegna della musica d\u2019autore, quella trascorsa il primo luglio dalla nostra cittadina. Nella suggestiva atmosfera della piazzetta antistante la Chiesa Madre di Turi, la Banda \u201cMaria SS. Ausiliatrice\u201d, da poche settimane riconosciuta come Banda Cittadina, ha suonato per il secondo incontro del progetto estivo \u201cFolklore e suoni pugliesi\u201d.<\/span><\/span><\/p>\n<p style=\"text-align: justify;\"><span style=\"FONT-FAMILY: verdana,geneva\"><span style=\"FONT-SIZE: 10pt\"><a target=\"_blank\" href=\"politica\/1558-aggiornamento-annuale-degli-inventari-comunali.html?phpMyAdmin=249be9a92230f4edfb2945ad723064de\" rel=\"noopener\">AGGIORNAMENTO ANNUALE DEGLI INVENTARI COMUNALI<\/a>\u00a0<\/span><\/span><span style=\"FONT-SIZE: 10pt\"><span style=\"FONT-FAMILY: verdana,geneva\">L\u2019Amministrazione Comunale, con Delibera n. 78, ha approvato l\u2019aggiornamento annuale degli inventari relativo all\u2019esercizio finanziario 2009.<\/span><\/span><\/p>\n<p style=\"text-align: justify;\"><a href=\"sport\/1559-cs84-dopo-la-festa-il-ritorno-in-campo-a-rimini.html?phpMyAdmin=249be9a92230f4edfb2945ad723064de\"><span style=\"font-size: 10pt;\"><span style=\"font-family: verdana,geneva;\">CS84: DOPO LA FESTA IL RITORNO IN CAMPO A RIMINI<\/span><\/span><\/a>\u00a0<span style=\"FONT-FAMILY: verdana,geneva\"><span style=\"FONT-SIZE: 10pt\">Se da un lato \u00e8 cominciata a pieno ritmo la nuova stagione agonistica che vedr\u00e0 l\u2019Acqua Amata Turi impegnata nel prossimo campionato di serie B2 femminile, dall\u2019altro lato la gioia e l\u2019entusiasmo per la promozione nella quarta serie nazionale non si sono ancora placati.<\/span><\/span><\/p>\n<p style=\"text-align: justify;\"><span style=\"FONT-FAMILY: verdana,geneva\"><span style=\"FONT-SIZE: 10pt\"><a target=\"_blank\" href=\"politica\/1560-news-boccardi-importante-nomina-in-commissione-consiliare.html?phpMyAdmin=249be9a92230f4edfb2945ad723064de\" rel=\"noopener\">NEWS: BOCCARDI, IMPORTANTE NOMINA IN COMMISSIONE CONSILIARE<\/a>\u00a0<span style=\"FONT-FAMILY: verdana,geneva\"><span style=\"FONT-SIZE: 10pt\">Il consigliere Regionale Michele Boccardi ha ottenuto la nomina di Vice Presidente della Seconda Commissione Consiliare &#8211; Affari Generali e Personale &#8211; (Commissione II: Affari generali, Personale e struttura degli Uffici regionali e di Enti regionali, Polizia urbana e rurale, Tempo libero, Sport, Pesca sportiva e caccia).<\/span><\/span><\/span><\/span><\/p>\n<p style=\"text-align: justify;\"><a target=\"_blank\" href=\"cultura\/1561-cambiamenti-in-diocesi-don-nicola-donghia-in-vaticano.html?phpMyAdmin=249be9a92230f4edfb2945ad723064de\" rel=\"noopener\"><span style=\"font-size: 10pt;\"><span style=\"font-family: verdana,geneva;\">CAMBIAMENTI IN DIOCESI, DON NICOLA D\u2019ONGHIA IN VATICANO<\/span><\/span><\/a>\u00a0<span style=\"FONT-FAMILY: verdana,geneva\"><span style=\"FONT-SIZE: 10pt\">Il 18 giugno scorso, il Vescovo della diocesi di Conversano-Monopoli, mons. Domenico Padovano, in occasione dell\u2019appuntamento annuale della giornata di spiritualit\u00e0 che trascorre con i sacerdoti della diocesi, ha comunicato\u00a0 le novit\u00e0 che riguarderanno il Seminario Vescovile e moltissime parrocchie della nostra diocesi a partire dal prossimo settembre.<\/span><\/span><\/p>\n<p style=\"text-align: justify;\"><span style=\"FONT-FAMILY: verdana,geneva\"><span style=\"FONT-SIZE: 10pt\">\u00a0<\/span><\/span><\/p>\n<p style=\"text-align: justify;\"><span style=\"font-family: verdana,geneva;\"><span style=\"font-size: 10pt;\"><strong>Sabato 3:<\/strong><\/span><\/span><\/p>\n<p style=\"text-align: justify;\"><span style=\"font-family: verdana,geneva;\"><span style=\"font-size: 10pt;\"><a target=\"_blank\" href=\"cultura\/1562-relazione-sulla-rete-consultoriale.html?phpMyAdmin=249be9a92230f4edfb2945ad723064de\" rel=\"noopener\">RELAZIONE SULLA RETE CONSULTORIALE<\/a>\u00a0<\/span><\/span><span style=\"FONT-FAMILY: verdana,geneva\"><span style=\"FONT-SIZE: 10pt\">Nella seduta della Conferenza dei Sindaci tenutasi in data 14 giugno scorso, alla presenza dell\u2019Assessore Regionale\u00a0alle Politiche della Salute, Prof. Tommaso Fiore, \u00e8 stato concordato che ciascun direttore di distretto sanitario, incontrando i sindaci, inoltri un\u2019ulteriore relazione inerente la rete consultoriale.<\/span><\/span><\/p>\n<p style=\"text-align: justify;\"><span style=\"FONT-FAMILY: verdana,geneva\"><span style=\"FONT-SIZE: 10pt\"><a target=\"_blank\" href=\"politica\/1563-rimodulazione-pirp-e-riqualificazione-area-ex-ospedale.html?phpMyAdmin=249be9a92230f4edfb2945ad723064de\" rel=\"noopener\">PIRP E RIQUALIFICAZIONE AREA EX-OSPEDALE<\/a>\u00a0<\/span><\/span><span style=\"FONT-FAMILY: verdana,geneva\"><span style=\"FONT-SIZE: 10pt\">\u00c8 stata approvata la proposta di PIRP rimodulata con la variazione del progetto di riqualificazione dell\u2019area \u201cex Ospedale\u201d di Via Conversano<strong>,<\/strong> attraverso la demolizione della struttura e la sistemazione a verde dell\u2019area e un progetto di realizzazione di 12 alloggi di edilizia sovvenzionata.<\/span><\/span><\/p>\n<p style=\"text-align: justify;\"><span style=\"FONT-FAMILY: verdana,geneva\"><span style=\"FONT-SIZE: 10pt\"><a target=\"_blank\" href=\"attualita\/1564-rientro-presso-la-struttura-del-carcere-di-turi.html?phpMyAdmin=249be9a92230f4edfb2945ad723064de\" rel=\"noopener\">RIENTRO PERSONALE PRESSO IL CARCERE DI TURI<\/a>\u00a0<\/span><\/span><span style=\"font-family: verdana,geneva;\"><span style=\"font-size: 10pt;\">Richiesta rientro presso la struttura CR Turi dal distacco del personale di Polizia Penitenziaria da tempo mantenuti\u00a0presso la Struttura Penitenziaria Altamura e Prap Bari nonostante la grave carenza in 20 unit\u00e0 di polizia nella sede effettiva. <\/span><\/span><\/p>\n<p>\u00a0<\/p>\n","protected":false},"excerpt":{"rendered":"<p><img loading=\"lazy\" decoding=\"async\" class=\" size-full wp-image-2132\" height=\"150\" width=\"320\" src=\"https:\/\/archivioturi.lavocedelpaese.info\/wp-content\/uploads\/2010\/05\/collage_5.jpg\" alt=\"collage_5\" srcset=\"https:\/\/archivioturi.lavocedelpaese.info\/wp-content\/uploads\/2010\/05\/collage_5.jpg 640w, https:\/\/archivioturi.lavocedelpaese.info\/wp-content\/uploads\/2010\/05\/collage_5-300x141.jpg 300w\" sizes=\"auto, (max-width: 320px) 100vw, 320px\" \/> <\/p>\n","protected":false},"author":1,"featured_media":2132,"comment_status":"open","ping_status":"closed","sticky":false,"template":"","format":"standard","meta":{"colormag_page_container_layout":"default_layout","colormag_page_sidebar_layout":"default_layout","footnotes":""},"categories":[9],"tags":[],"class_list":["post-2420","post","type-post","status-publish","format-standard","has-post-thumbnail","hentry","category-la-voce-del-paese"],"_links":{"self":[{"href":"https:\/\/archivioturi.lavocedelpaese.info\/index.php\/wp-json\/wp\/v2\/posts\/2420","targetHints":{"allow":["GET"]}}],"collection":[{"href":"https:\/\/archivioturi.lavocedelpaese.info\/index.php\/wp-json\/wp\/v2\/posts"}],"about":[{"href":"https:\/\/archivioturi.lavocedelpaese.info\/index.php\/wp-json\/wp\/v2\/types\/post"}],"author":[{"embeddable":true,"href":"https:\/\/archivioturi.lavocedelpaese.info\/index.php\/wp-json\/wp\/v2\/users\/1"}],"replies":[{"embeddable":true,"href":"https:\/\/archivioturi.lavocedelpaese.info\/index.php\/wp-json\/wp\/v2\/comments?post=2420"}],"version-history":[{"count":0,"href":"https:\/\/archivioturi.lavocedelpaese.info\/index.php\/wp-json\/wp\/v2\/posts\/2420\/revisions"}],"wp:featuredmedia":[{"embeddable":true,"href":"https:\/\/archivioturi.lavocedelpaese.info\/index.php\/wp-json\/wp\/v2\/media\/2132"}],"wp:attachment":[{"href":"https:\/\/archivioturi.lavocedelpaese.info\/index.php\/wp-json\/wp\/v2\/media?parent=2420"}],"wp:term":[{"taxonomy":"category","embeddable":true,"href":"https:\/\/archivioturi.lavocedelpaese.info\/index.php\/wp-json\/wp\/v2\/categories?post=2420"},{"taxonomy":"post_tag","embeddable":true,"href":"https:\/\/archivioturi.lavocedelpaese.info\/index.php\/wp-json\/wp\/v2\/tags?post=2420"}],"curies":[{"name":"wp","href":"https:\/\/api.w.org\/{rel}","templated":true}]}}