{"id":2412,"date":"2010-06-26T13:09:57","date_gmt":"2010-06-26T13:09:57","guid":{"rendered":"https:\/\/archivioturi.lavocedelpaese.info\/index.php\/2010\/06\/26\/il-pip-e-la-speranza-dei-giovani\/"},"modified":"2010-06-26T13:09:57","modified_gmt":"2010-06-26T13:09:57","slug":"il-pip-e-la-speranza-dei-giovani","status":"publish","type":"post","link":"https:\/\/archivioturi.lavocedelpaese.info\/index.php\/2010\/06\/26\/il-pip-e-la-speranza-dei-giovani\/","title":{"rendered":"IL PIP E LA SPERANZA DEI GIOVANI"},"content":{"rendered":"<p><img loading=\"lazy\" decoding=\"async\" class=\" size-full wp-image-1023\" height=\"150\" width=\"320\" src=\"https:\/\/archivioturi.lavocedelpaese.info\/wp-content\/uploads\/2009\/12\/PIP.jpg\" alt=\"PIP\" srcset=\"https:\/\/archivioturi.lavocedelpaese.info\/wp-content\/uploads\/2009\/12\/PIP.jpg 640w, https:\/\/archivioturi.lavocedelpaese.info\/wp-content\/uploads\/2009\/12\/PIP-300x141.jpg 300w\" sizes=\"auto, (max-width: 320px) 100vw, 320px\" \/> <\/p>\n<p style=\"text-align: justify;\"><span style=\"font-family: verdana,geneva;\"><span style=\"font-size: 10pt;\">Sono trascorsi circa 40 mesi da quel lontano marzo 2007 quando <strong>24 imprese<\/strong> comunicarono al Comune la volont\u00e0 di insediarsi nel realizzando PIP mediante l\u2019occupazione, con proprie strutture produttive, di 16 dei 18 ettari disponibili.<\/span><\/span><\/p>\n<p style=\"text-align: justify;\"><span style=\"font-family: verdana,geneva;\"><span style=\"font-size: 10pt;\">La volont\u00e0 degli amministratori dell\u2019epoca era quella di dotare il nostro Comune di un\u2019area per le attivit\u00e0 produttive seguendo la procedura del \u201c PIP pubblico\u201d. Per questo fu richiesto un finanziamento a fondo perduto al PIT della Murgia di circa 1 milione di euro, e da questo accordato per avviare le urbanizzazioni all\u2019interno dell\u2019area PIP il cui progetto era stato approvato dalla Regione Puglia nell\u2019aprile del 2005. In un momento successivo, si pensava di poter attingere ad ulteriori finanziamenti, tramite i POR 2007 \u2013 2013, che permettessero di realizzare le urbanizzazioni, di fatto, a carico di soggetti pubblici diversi dal nostro Comune.<\/span><\/span><\/p>\n<p style=\"text-align: justify;\"><span style=\"font-family: verdana,geneva;\"><span style=\"font-size: 10pt;\"><strong>Il cambio dell\u2019Amministrazione<\/strong> determin\u00f2 una modifica a 360 gradi dell\u2019indirizzo politico da dare alla realizzazione dell\u2019 area per gli insediamenti produttivi: dal PIP \u201cpubblico\u201d si pass\u00f2 al PIP \u201cprivato\u201d mediante la procedura del \u201cproject financing\u201d. Questa variazione di percorso fu ufficializzata in una riunione dei Comuni aderenti al PIT della Murgia a Santeramo durante la quale l\u2019assessore rappresentante il nostro Comune comunic\u00f2 che non era pi\u00f9 di interesse della nostra Citt\u00e0 ricevere quel finanziamento ( ripeto a fondo perduto ) di circa 2 miliardi delle vecchie lire perch\u00e9 era cambiata la prospettiva politica della realizzazione dell\u2019area. Quel finanziamento, conseguentemente, fu\u00a0 accordato ad altri Comuni del territorio murgiano.<\/span><\/span><\/p>\n<p style=\"text-align: justify;\"><span style=\"font-family: verdana,geneva;\"><span style=\"font-size: 10pt;\">E\u2019 di appena qualche settimana fa la notizia dell\u2019<strong>inammissibilit\u00e0<\/strong> <strong>della richiesta<\/strong> di finanziamento presentata dal nostro Comune alla Regione Puglia nell\u2019ottobre scorso.<\/span><\/span><\/p>\n<p style=\"text-align: justify;\"><span style=\"font-family: verdana,geneva;\"><span style=\"font-size: 10pt;\">Da quanto precede si comprende come tutte le opportunit\u00e0 di finanziamento pubbliche nel tempo siano state vanificate per una chiara e ferma volont\u00e0 (fino all\u2019autolesionismo) di cambiare strategia \u201cpolitica\u201d, ripeto da PIP pubblico a PIP privato.<\/span><\/span><\/p>\n<p style=\"text-align: justify;\"><span style=\"font-family: verdana,geneva;\"><span style=\"font-size: 10pt;\">Stando cos\u00ec le cose, l\u2019unica chance che ci rimane \u00e8 sperare che al bando per il project financing partecipi almeno una impresa interessata ad investire circa 62 milioni di euro per il PIP a Turi (con un sistema infrastrutturale ad \u201cimbuto\u201d, si pensi alla Turi-Casamassima e alla Turi-Sammichele ed una crisi economica generale da far tremare i polsi).<\/span><\/span><\/p>\n<p style=\"text-align: justify;\"><span style=\"font-family: verdana,geneva;\"><span style=\"font-size: 10pt;\">Ma ci sar\u00e0 questa impresa? Speriamo di si. E se non ci fosse? Allora si che si sarebbe consumato il pi\u00f9 tragico tradimento delle aspettative dei nostri giovani (occupazione e reddito) immolate sull\u2019altare su di una \u201cvolont\u00e0 politica\u201d (PIP privato) delle cui conseguenze gli autori dovrebbero pure dar conto a tutta la cittadinanza. Anche perch\u00e9, a quel punto, le probabilit\u00e0 che a Turi si possa realizzare un\u2019area per gli insediamenti produttivi sarebbe pari a zero.<\/span><\/span><\/p>\n","protected":false},"excerpt":{"rendered":"<p><img loading=\"lazy\" decoding=\"async\" class=\" size-full wp-image-1023\" height=\"150\" width=\"320\" src=\"https:\/\/archivioturi.lavocedelpaese.info\/wp-content\/uploads\/2009\/12\/PIP.jpg\" alt=\"PIP\" srcset=\"https:\/\/archivioturi.lavocedelpaese.info\/wp-content\/uploads\/2009\/12\/PIP.jpg 640w, https:\/\/archivioturi.lavocedelpaese.info\/wp-content\/uploads\/2009\/12\/PIP-300x141.jpg 300w\" sizes=\"auto, (max-width: 320px) 100vw, 320px\" \/> <\/p>\n","protected":false},"author":1,"featured_media":1023,"comment_status":"open","ping_status":"closed","sticky":false,"template":"","format":"standard","meta":{"colormag_page_container_layout":"default_layout","colormag_page_sidebar_layout":"default_layout","footnotes":""},"categories":[4],"tags":[],"class_list":["post-2412","post","type-post","status-publish","format-standard","has-post-thumbnail","hentry","category-politica"],"_links":{"self":[{"href":"https:\/\/archivioturi.lavocedelpaese.info\/index.php\/wp-json\/wp\/v2\/posts\/2412","targetHints":{"allow":["GET"]}}],"collection":[{"href":"https:\/\/archivioturi.lavocedelpaese.info\/index.php\/wp-json\/wp\/v2\/posts"}],"about":[{"href":"https:\/\/archivioturi.lavocedelpaese.info\/index.php\/wp-json\/wp\/v2\/types\/post"}],"author":[{"embeddable":true,"href":"https:\/\/archivioturi.lavocedelpaese.info\/index.php\/wp-json\/wp\/v2\/users\/1"}],"replies":[{"embeddable":true,"href":"https:\/\/archivioturi.lavocedelpaese.info\/index.php\/wp-json\/wp\/v2\/comments?post=2412"}],"version-history":[{"count":0,"href":"https:\/\/archivioturi.lavocedelpaese.info\/index.php\/wp-json\/wp\/v2\/posts\/2412\/revisions"}],"wp:featuredmedia":[{"embeddable":true,"href":"https:\/\/archivioturi.lavocedelpaese.info\/index.php\/wp-json\/wp\/v2\/media\/1023"}],"wp:attachment":[{"href":"https:\/\/archivioturi.lavocedelpaese.info\/index.php\/wp-json\/wp\/v2\/media?parent=2412"}],"wp:term":[{"taxonomy":"category","embeddable":true,"href":"https:\/\/archivioturi.lavocedelpaese.info\/index.php\/wp-json\/wp\/v2\/categories?post=2412"},{"taxonomy":"post_tag","embeddable":true,"href":"https:\/\/archivioturi.lavocedelpaese.info\/index.php\/wp-json\/wp\/v2\/tags?post=2412"}],"curies":[{"name":"wp","href":"https:\/\/api.w.org\/{rel}","templated":true}]}}