{"id":2404,"date":"2010-06-26T05:23:59","date_gmt":"2010-06-26T05:23:59","guid":{"rendered":"https:\/\/archivioturi.lavocedelpaese.info\/index.php\/2010\/06\/26\/votato-il-pist-tra-le-polemiche-dellopposizione\/"},"modified":"2010-06-26T05:23:59","modified_gmt":"2010-06-26T05:23:59","slug":"votato-il-pist-tra-le-polemiche-dellopposizione","status":"publish","type":"post","link":"https:\/\/archivioturi.lavocedelpaese.info\/index.php\/2010\/06\/26\/votato-il-pist-tra-le-polemiche-dellopposizione\/","title":{"rendered":"VOTATO IL PIST TRA LE POLEMICHE DELL\u2019OPPOSIZIONE"},"content":{"rendered":"<p><img loading=\"lazy\" decoding=\"async\" class=\" size-full wp-image-474\" height=\"150\" width=\"300\" src=\"https:\/\/archivioturi.lavocedelpaese.info\/wp-content\/uploads\/2009\/10\/comune-turi.jpg\" alt=\"comune-turi\" \/> \u00a0 <\/p>\n<p style=\"text-align: justify;\"><span style=\"font-family: verdana,geneva;\"><span style=\"font-size: 10pt;\">Nel trambusto dell\u2019azzeramento delle deleghe della vecchia giunta, della nomina di nuovi assessori e delle lamentele dell\u2019opposizione, c\u2019\u00e8 stato anche il tempo di votare, durante l\u2019ultimo Consiglio Comunale, il punto all\u2019ordine del giorno relativo all\u2019approvazione dello schema di convenzione per la redazione del <strong>PIST (Piano Integrato di Sviluppo Territoriale)<\/strong>.<\/span><\/span><\/p>\n<p style=\"text-align: justify;\"><span style=\"font-family: verdana,geneva;\"><span style=\"font-size: 10pt;\">Gioved\u00ec 16, durante il primo dei tre consigli avvenuti uno dopo l\u2019altro, l\u2019assessore Tateo avrebbe dovuto relazionare sull\u2019 argomento (questo fa pensare ad un\u2019inaspettata defenestrazione) ma, prima ancora di farlo, avvenne il patatrac di cui tutti i nostri lettori, ormai, sono al corrente. Due giorni dopo \u00e8 toccato al vicesindaco Franco D\u2019Addabbo spiegare i cavilli di tale provvedimento. Quasi scontata la scontentezza della minoranza rispetto alle delucidazioni ricevute.<\/span><\/span><\/p>\n<p style=\"text-align: justify;\"><span style=\"font-family: verdana,geneva;\"><span style=\"font-size: 10pt;\">Sempre in merito a questo argomento, l\u2019opposizione non ha ottenuto come richiesto una rivisitazione del punto che, per una maggiore chiarezza, avrebbe dovuto essere diviso in due parti: l\u2019approvazione dello schema di convenzione e la variazione di bilancio ad esso correlato. La segretaria generale, dott.ssa Anglana, ha ribadito pi\u00f9 volte che tale procedimento non era illegittima. Quindi la richiesta non \u00e8 stata accolta e la maggioranza ha portato a casa i voti contrari di una minoranza che, in realt\u00e0, avrebbe voluto votare favorevolmente un tema che sta a cuore a tutti.<\/span><\/span><\/p>\n<p style=\"text-align: justify;\"><span style=\"font-family: verdana,geneva;\"><span style=\"font-size: 10pt;\">Con il PIST i comuni di Gioia del Colle, Sammichele, Turi e Casamassima sintetizzeranno gli elementi strategici che serviranno ad intervenire nel recupero dei centri urbani. Il progetto coster\u00e0 28mila euro a totale, e Turi contribuir\u00e0 con un importo di poco superiore ai 5mila euro in virt\u00f9 della proporzione demografica rappresentata nel gruppo dei comuni su citati. Come gi\u00e0 avvenuto in passato, la minoranza, in particolar modo la dott.ssa Resta, il dott. Leogrande e il dott. Denovellis, ha lamentato lo scarso coinvolgimento dei cittadini nella redazione di tale piano.<\/span><\/span><\/p>\n","protected":false},"excerpt":{"rendered":"<p><img loading=\"lazy\" decoding=\"async\" class=\" size-full wp-image-474\" height=\"150\" width=\"300\" src=\"https:\/\/archivioturi.lavocedelpaese.info\/wp-content\/uploads\/2009\/10\/comune-turi.jpg\" alt=\"comune-turi\" \/> \u00a0 <\/p>\n","protected":false},"author":1,"featured_media":474,"comment_status":"open","ping_status":"closed","sticky":false,"template":"","format":"standard","meta":{"colormag_page_container_layout":"default_layout","colormag_page_sidebar_layout":"default_layout","footnotes":""},"categories":[4],"tags":[],"class_list":["post-2404","post","type-post","status-publish","format-standard","has-post-thumbnail","hentry","category-politica"],"_links":{"self":[{"href":"https:\/\/archivioturi.lavocedelpaese.info\/index.php\/wp-json\/wp\/v2\/posts\/2404","targetHints":{"allow":["GET"]}}],"collection":[{"href":"https:\/\/archivioturi.lavocedelpaese.info\/index.php\/wp-json\/wp\/v2\/posts"}],"about":[{"href":"https:\/\/archivioturi.lavocedelpaese.info\/index.php\/wp-json\/wp\/v2\/types\/post"}],"author":[{"embeddable":true,"href":"https:\/\/archivioturi.lavocedelpaese.info\/index.php\/wp-json\/wp\/v2\/users\/1"}],"replies":[{"embeddable":true,"href":"https:\/\/archivioturi.lavocedelpaese.info\/index.php\/wp-json\/wp\/v2\/comments?post=2404"}],"version-history":[{"count":0,"href":"https:\/\/archivioturi.lavocedelpaese.info\/index.php\/wp-json\/wp\/v2\/posts\/2404\/revisions"}],"wp:featuredmedia":[{"embeddable":true,"href":"https:\/\/archivioturi.lavocedelpaese.info\/index.php\/wp-json\/wp\/v2\/media\/474"}],"wp:attachment":[{"href":"https:\/\/archivioturi.lavocedelpaese.info\/index.php\/wp-json\/wp\/v2\/media?parent=2404"}],"wp:term":[{"taxonomy":"category","embeddable":true,"href":"https:\/\/archivioturi.lavocedelpaese.info\/index.php\/wp-json\/wp\/v2\/categories?post=2404"},{"taxonomy":"post_tag","embeddable":true,"href":"https:\/\/archivioturi.lavocedelpaese.info\/index.php\/wp-json\/wp\/v2\/tags?post=2404"}],"curies":[{"name":"wp","href":"https:\/\/api.w.org\/{rel}","templated":true}]}}