{"id":2389,"date":"2010-06-24T14:36:35","date_gmt":"2010-06-24T14:36:35","guid":{"rendered":"https:\/\/archivioturi.lavocedelpaese.info\/index.php\/2010\/06\/24\/gigantelli-sono-il-sindaco-di-chi-mi-sostiene\/"},"modified":"2010-06-24T14:36:35","modified_gmt":"2010-06-24T14:36:35","slug":"gigantelli-sono-il-sindaco-di-chi-mi-sostiene","status":"publish","type":"post","link":"https:\/\/archivioturi.lavocedelpaese.info\/index.php\/2010\/06\/24\/gigantelli-sono-il-sindaco-di-chi-mi-sostiene\/","title":{"rendered":"GIGANTELLI: SONO IL SINDACO DI CHI MI SOSTIENE"},"content":{"rendered":"<p><object data=\"http:\/\/www.youtube.com\/v\/AIpaWao2i6A&amp;hl=it_IT&amp;fs=1&amp;rel=0&amp;hd=1&amp;border=1\" type=\"application\/x-shockwave-flash\" height=\"200\" width=\"299\"><param name=\"allowfullscreen\" value=\"true\" \/><param name=\"allowscriptaccess\" value=\"always\" \/><param name=\"src\" value=\"http:\/\/www.youtube.com\/v\/AIpaWao2i6A&amp;hl=it_IT&amp;fs=1&amp;rel=0&amp;hd=1&amp;border=1\" \/><\/object><\/p>\n<p style=\"text-align: justify;\"><span style=\"font-family: verdana,geneva;\"><span style=\"font-size: 10pt;\">Ancora consiglio. Stavolta riportiamo le dichiarazioni dette in sala consiliare dall\u2019opposizione, mai cos\u00ec unita come in questo momento, sull\u2019argomento rimpasto.<\/span><\/span><\/p>\n<p style=\"text-align: justify;\"><span style=\"font-family: verdana,geneva;\"><span style=\"font-size: 10pt;\"><strong>Risplendente <\/strong>ha paragonato il rimpasto e l\u2019attuale situazione politica alla sconfitta di Waterloo subita da Napoleone, proprio il 18 giugno del 1815 (stesso giorno in cui \u00e8 avvenuto l\u2019ennesimo rimpasto). \u201cPresentando questa giunta sta trafiggendo l\u2019ultima speranza, personale, ma di molti altri, che in un momento di orgoglio e di rispetto per il paese lei avrebbe avuto il coraggio di mandare a casa questa amministrazione. Lei \u00e8 vittima di una guerra di potere che non ha saputo gestire e si presenta con il frutto di un compromesso che lei sta subendo\u201d. \u201cLei ci ha parlato di un sindaco attento alle esigente del paese, non piegato ai ricatti e alle forzature e insistenze di chicchessia. Invece lei ha perso definitivamente la credibilit\u00e0 politica e la sua capacita di amministrare il paese.\u201d<\/span><\/span><\/p>\n<p style=\"text-align: justify;\"><span style=\"font-family: verdana,geneva;\"><span style=\"font-size: 10pt;\"><strong>Leogrande<\/strong>: \u201cHo colto molto imbarazzo nel suo intervento. Non il tono del primo Gigantelli. Questa situazione passer\u00e0 alla storia per l\u2019incapacit\u00e0 di gestire e di creare un gruppo che potesse lavorare per la comunit\u00e0 turese\u201d.<\/span><\/span><\/p>\n<p style=\"text-align: justify;\"><span style=\"font-family: verdana,geneva;\"><span style=\"font-size: 10pt;\">\u201cIeri (17 giugno) abbiamo assistito ad una penosa farsa in cui lei da solo ci ha fatto perdere tempo per un\u2019ora, attendendo una maggioranza che sapeva non sarebbe mai arrivata. Volendo dimostrare cosa?<\/span><\/span><\/p>\n<p style=\"text-align: justify;\"><span style=\"font-family: verdana,geneva;\"><span style=\"font-size: 10pt;\">Non \u00e8 stato capace, come sempre, di intraprendere rapporti di dialogo con l\u2019opposizione nemmeno in questa occasione. Ha intrapreso una strada che l\u2019ha portata in una situazione di debolezza. Lei \u00e8 un sindaco debole. E ha perso l\u2019autorevolezza di inizio mandato.<\/span><\/span><\/p>\n<p style=\"text-align: justify;\"><span style=\"font-family: verdana,geneva;\"><span style=\"font-size: 10pt;\">L\u2019Amministrazione fino ad oggi non ha prodotto nulla;<strong> l\u2019assessore Tateo che fino all\u2019altro giorno era sembrato indispensabile ora non c\u2019\u00e8 pi\u00f9. <\/strong>Assurdo. Tutte le volte che c\u2019\u00e8 stato un cambiamento di un assessore o di giunta non \u00e8 stata mai detta la motivazione programmatica, politica e previsionale. Solo un cambio di nomi. Ora non sappiamo nemmeno le deleghe, sintomo di indecisione e di debolezza di un sindaco che pu\u00f2 cadere da un momento all\u2019altro\u201d.<\/span><\/span><\/p>\n<p style=\"text-align: justify;\"><span style=\"font-family: verdana,geneva;\"><span style=\"font-size: 10pt;\">Leogrande ha poi ricordato al sindaco di avere attualmente 11 componenti a suo favore, di cui due sono stati eletti in altre liste. &#8220;Lei non \u00e8 stato capace di mantenere un gruppo unito. Ora lei \u00e8 un sindaco assoggettato e assoggettabile dagli umori della sua amministrazione. Chiss\u00e0 cosa potrebbe succedere in futuro&#8221;.<\/span><\/span><\/p>\n<p style=\"text-align: justify;\"><span style=\"font-family: verdana,geneva;\"><span style=\"font-size: 10pt;\">Il sindaco ha voluto rispondere soltanto alla questione del rispetto: \u201cLa mia apertura nei vostri confronti \u00e8 stata totale tanto da aver avuto momento di condivisione con la Resta e Risplendente. Poi \u00e8 venuto a mancare il numero legale, quindi ieri (17 giugno) potevamo gi\u00e0 essere in seconda convocazione. Ma poi \u00e8 mancato il numero legale, \u00e8 stato riconvocato e poi siamo giunti ad oggi. Nella notte qualcuno ha voluto sfruttare questa situazione come una situazione di non responsabilit\u00e0 ma per creare un confronto. Quindi su questo tema abbiamo preso tempo. Mi sono trovato solo in aula mentre rispettava quella che era una sua volont\u00e0, cio\u00e8 di andare in prima convocazione. Si sperava che la crisi si risolvesse ma non \u00e8 stato cos\u00ec, tanto \u00e8 vero che c\u2019\u00e8 stato tanto vuoto intorno a me e voi invece eravate compatti e presenti.<\/span><\/span><\/p>\n<p style=\"text-align: justify;\"><span style=\"font-family: verdana,geneva;\"><span style=\"font-size: 10pt;\">E questa \u00e8 stata la molla che oggi ha fatto scattare gli altri. Non sono schiavo di questa maggioranza ma la sua espressione. Se siamo maggioranza allora seguiamo il sindaco. Oggi siamo undici e manca il dodicesimo (ex assessore Valentini, ndr). Manca Tateo e questa scelta \u00e8 stata dettata da ragioni di opportunit\u00e0 e responsabilizzazione della maggioranza. Perch\u00e9 se la maggioranza vuole sostenermi lo deve fare venendo ai consigli e dando il proprio voto. Ma quale Waterloo! Forse di chi aveva in mente immaginari strategici non verificatisi. Io ho i piedi per terra e faccio il sindaco di quelli che mi sostengono. Se non avr\u00f2 i numeri non avr\u00f2 alcuna difficolt\u00e0 a farmi da parte&#8221;.<\/span><\/span><\/p>\n<p style=\"text-align: justify;\"><span style=\"font-family: verdana,geneva;\"><span style=\"font-size: 10pt;\"><strong>Petrera<\/strong> irrompe alla fine del discorso del sindaco dicendo che tutto ci\u00f2 \u201c\u00e8 una pagliacciata\u201d. E il sindaco: \u201cI pagliacci si possono confrontare con gli altri pagliacci\u201d.<\/span><\/span><\/p>\n<p style=\"text-align: justify;\"><span style=\"font-family: verdana,geneva;\"><span style=\"font-size: 10pt;\"><strong>Resta<\/strong>: \u201cNoi non gradivamo il settimo assessore, non a livello personale, perch\u00e9 abbiamo sempre ritenuto che in un Comune con 12mila abitanti sei assessori fossero sufficienti. Dopo due anni ora non serve pi\u00f9. Questa decisione \u00e8 nata solo perch\u00e8 non si fa una valutazione sulla progettualit\u00e0 e bravura ma solo sulle beghe e veti incrociati.<\/span><\/span><\/p>\n<p style=\"text-align: justify;\"><span style=\"font-family: verdana,geneva;\"><span style=\"font-size: 10pt;\">Queste tre giornate sono state laceranti a livello politico. Lei ha chiesto una sospensione e io sono stata d\u2019accordo. Non ho mai, insieme ai colleghi, abbandonato l\u2019aula. Mentre i suoi alleati discutevano sulle fette di torta noi provavamo a trovare delle soluzioni per Turi. Fare sempre riferimento al passato per giustificare il presente non ha senso. Giustifichi la sua progettualit\u00e0 e vada avanti per la sua strada. E sappia che noi siamo ancora qu\u00ec seri nel nostro ruolo.<\/span><\/span><\/p>\n<p style=\"text-align: justify;\"><span style=\"font-family: verdana,geneva;\"><span style=\"font-size: 10pt;\">Il fatto che ieri si sia ritrovato da solo l\u2019ha costretta a prendere decisioni che erano nell\u2019aria da mesi. Non \u00e8 stata l\u2019aula vuota a farle prendere una decisioni ma l\u2019out out dei suoi consiglieri.\u00a0Lei per terminare il suo mandato \u00e8 stato costretto ad accettare quello che tempo fa non voleva accettare. Non \u00e8 importante il ruolo, i cambiamenti, perch\u00e8 sono cose che avvengono, ma la responsabilit\u00e0 di una amministrazione oltre a pensare a se stessa ogni tanto deve aprire la finestra e deve pensare che ci sono problemi da risolvere. Non si pu\u00f2 far passare tanto tempo a discutere di questa cosa. I giornali non hanno parlato d\u2019altro&#8221;.<\/span><\/span><\/p>\n<p style=\"text-align: justify;\"><span style=\"font-family: verdana,geneva;\"><span style=\"font-size: 10pt;\"><strong>Petrera<\/strong>: \u201cIn quel consiglio in cui sei rimasto da solo mi facevi pena. Non si \u00e8 mai vista una cosa cos\u00ec in trent\u2019anni. Ringrazi chi l\u2019ha costretta a rifare la giunta perch\u00e9 altrimenti lei non sarebbe stato qui. E Tateo dopo due anni \u00e8 stato rimandato a casa. Non lo accetto.<\/span><\/span><\/p>\n<p style=\"text-align: justify;\"><span style=\"font-family: verdana,geneva;\"><span style=\"font-size: 10pt;\">Lei disse che chi \u00e8 assente ha sempre torto. Invece hanno avuto ragione. Chi mancava ora fa l\u2019assessore. Lei ha subito passivamente questa giunta.<\/span><\/span><\/p>\n<p style=\"text-align: justify;\"><span style=\"font-family: verdana,geneva;\"><span style=\"font-size: 10pt;\">Un suggerimento agli assessori: non fatelo sulla carta ma di fatto. Dobbiamo pensare ai fatti seri. Se non condividete dei provvedimenti, bocciateli.\u201d<\/span><\/span><\/p>\n<p style=\"text-align: justify;\"><span style=\"font-family: verdana,geneva;\"><span style=\"font-size: 10pt;\"><strong>Denovellis<\/strong>:\u00a0\u201cLei \u00e8 forte con i deboli ma debole con i forti. Ora \u00e8 un pochino debole. Lei aveva una possibilit\u00e0 di essere forte perch\u00e8 forte \u00e8 chi con il dialogo con tutti ha il bene di tutti. Il provvedimento che stiamo portando adesso, per la terza volta, \u00e8 stato da noi tutti studiato e con modifiche poteva esser portato a buon fine. Con un provvedimento del genere nessuno cade. Lo sanno tutti. E ha dimostrato la sua debolezza.<\/span><\/span><\/p>\n<p style=\"text-align: justify;\"><span style=\"font-family: verdana,geneva;\"><span style=\"font-size: 10pt;\">Ieri Palasciano, Luisi e Totaro non c\u2019erano. Sono qui perch\u00e8 hanno avuto qualcosa. Per imporsi da lei bisogna renderla debole? Non si governa bene cos\u00ec ma parlando con le persone.<\/span><\/span><\/p>\n<p style=\"text-align: justify;\"><span style=\"font-family: verdana,geneva;\"><span style=\"font-size: 10pt;\">Carenza lei non sa fare niente a \u2018sto punto. Non pu\u00f2 fare niente in questa amministrazione.<\/span><\/span><\/p>\n<p style=\"text-align: justify;\"><span style=\"font-family: verdana,geneva;\"><span style=\"font-size: 10pt;\">Valentini non \u00e8 qui, ma \u00e8 stato defenestrato per corrispondenza. Non ha avuto nemmeno il coraggio di dirlo ad una persona. Non ho capito perch\u00e9 la giunta \u00e8 stata rinnovata. Per incapacit\u00e0 o perche \u00e8 stato preteso? Per programmi da cambiare o programmi non attuati? O \u00e8 una questione di stipendio. Vorrei motivazione politica, programmatica. Qualcosa di concreto. Mi dispiace che Boccardi sia assente. Come \u00e8 tornato lui vi siete messi d\u2019accordo. Ieri sera ci ha fatto perdere tempo. \u00c8 inaccettabile. A cosa serviva? La prossima volta abbia pi\u00f9 rispetto.<\/span><\/span><\/p>\n<p style=\"text-align: justify;\"><span style=\"font-family: verdana,geneva;\"><span style=\"font-size: 10pt;\">Non so cosa augurare alla giunta perch\u00e9 non mi avete detto cosa farete\u201d.<\/span><\/span><\/p>\n<p style=\"text-align: justify;\"><span style=\"font-family: verdana,geneva;\"><span style=\"font-size: 10pt;\">Al termine di tutte le sfuriate della minoranza, ha provato a prendere la parola il consigliere <strong>Palasciano<\/strong>, ma \u00e8 stato bloccato dal Sindaco.<\/span><\/span><\/p>\n<p style=\"text-align: justify;\"><span style=\"font-family: verdana,geneva;\"><span style=\"font-size: 10pt;\">La cosa ha lasciato tutti senza troppe parole<\/span><\/span>.<\/p>\n","protected":false},"excerpt":{"rendered":"<p><object data=\"http:\/\/www.youtube.com\/v\/AIpaWao2i6A&amp;hl=it_IT&amp;fs=1&amp;rel=0&amp;hd=1&amp;border=1\" type=\"application\/x-shockwave-flash\" height=\"200\" width=\"299\"><param name=\"allowfullscreen\" value=\"true\" \/><param name=\"allowscriptaccess\" value=\"always\" \/><param name=\"src\" value=\"http:\/\/www.youtube.com\/v\/AIpaWao2i6A&amp;hl=it_IT&amp;fs=1&amp;rel=0&amp;hd=1&amp;border=1\" \/><\/object><\/p>\n","protected":false},"author":1,"featured_media":0,"comment_status":"open","ping_status":"closed","sticky":false,"template":"","format":"standard","meta":{"colormag_page_container_layout":"default_layout","colormag_page_sidebar_layout":"default_layout","footnotes":""},"categories":[4],"tags":[],"class_list":["post-2389","post","type-post","status-publish","format-standard","hentry","category-politica"],"_links":{"self":[{"href":"https:\/\/archivioturi.lavocedelpaese.info\/index.php\/wp-json\/wp\/v2\/posts\/2389","targetHints":{"allow":["GET"]}}],"collection":[{"href":"https:\/\/archivioturi.lavocedelpaese.info\/index.php\/wp-json\/wp\/v2\/posts"}],"about":[{"href":"https:\/\/archivioturi.lavocedelpaese.info\/index.php\/wp-json\/wp\/v2\/types\/post"}],"author":[{"embeddable":true,"href":"https:\/\/archivioturi.lavocedelpaese.info\/index.php\/wp-json\/wp\/v2\/users\/1"}],"replies":[{"embeddable":true,"href":"https:\/\/archivioturi.lavocedelpaese.info\/index.php\/wp-json\/wp\/v2\/comments?post=2389"}],"version-history":[{"count":0,"href":"https:\/\/archivioturi.lavocedelpaese.info\/index.php\/wp-json\/wp\/v2\/posts\/2389\/revisions"}],"wp:attachment":[{"href":"https:\/\/archivioturi.lavocedelpaese.info\/index.php\/wp-json\/wp\/v2\/media?parent=2389"}],"wp:term":[{"taxonomy":"category","embeddable":true,"href":"https:\/\/archivioturi.lavocedelpaese.info\/index.php\/wp-json\/wp\/v2\/categories?post=2389"},{"taxonomy":"post_tag","embeddable":true,"href":"https:\/\/archivioturi.lavocedelpaese.info\/index.php\/wp-json\/wp\/v2\/tags?post=2389"}],"curies":[{"name":"wp","href":"https:\/\/api.w.org\/{rel}","templated":true}]}}