{"id":2372,"date":"2010-06-23T07:11:47","date_gmt":"2010-06-23T07:11:47","guid":{"rendered":"https:\/\/archivioturi.lavocedelpaese.info\/index.php\/2010\/06\/23\/gigantelli-rimpasto-nel-2010-no-grazie\/"},"modified":"2010-06-23T07:11:47","modified_gmt":"2010-06-23T07:11:47","slug":"gigantelli-rimpasto-nel-2010-no-grazie","status":"publish","type":"post","link":"https:\/\/archivioturi.lavocedelpaese.info\/index.php\/2010\/06\/23\/gigantelli-rimpasto-nel-2010-no-grazie\/","title":{"rendered":"GIGANTELLI: RIMPASTO NEL 2010? NO, GRAZIE!"},"content":{"rendered":"<p><img loading=\"lazy\" decoding=\"async\" class=\" size-full wp-image-2067\" height=\"150\" width=\"320\" src=\"https:\/\/archivioturi.lavocedelpaese.info\/wp-content\/uploads\/2010\/05\/OCCHIOSALATO_SATIRA.jpg\" alt=\"OCCHIOSALATO_SATIRA\" srcset=\"https:\/\/archivioturi.lavocedelpaese.info\/wp-content\/uploads\/2010\/05\/OCCHIOSALATO_SATIRA.jpg 640w, https:\/\/archivioturi.lavocedelpaese.info\/wp-content\/uploads\/2010\/05\/OCCHIOSALATO_SATIRA-300x141.jpg 300w\" sizes=\"auto, (max-width: 320px) 100vw, 320px\" \/> <\/p>\n<p style=\"text-align: justify;\"><span style=\"font-family: verdana,geneva;\"><span style=\"font-size: 10pt;\">Questo il titolo che il settimanale Fax, in un\u2019intervista in terza pagina, dedicava alla questione rimpasto del quale noi scrivevamo\u00a0da tempo. E Fax ribadiva nell\u2019occhiello che \u201cil primo cittadino esclude la possibilit\u00e0 di rivedere l\u2019assetto della giunta e traccia un bilancio del 2009\u201d. L\u2019 intervista a Gigantelli era di Aniello Greco\u00a0che poneva la domanda: \u201cAlcune voci in libert\u00e0 parlano di un rimpasto nei prossimi mesi all\u2019interno della giunta. C\u2019\u00e8 qualcosa di vero al riguardo?\u201d Risposta del sindaco: \u201cNon sento alcun bisogno di rivedere l\u2019attuale organizzazione delle competenze. Confermo la fiducia nella squadra che mi sostiene\u201d.<\/span><\/span><\/p>\n<p style=\"text-align: justify;\"><span style=\"font-family: verdana,geneva;\"><span style=\"font-size: 10pt;\">\u00a0<\/span><\/span><\/p>\n<p style=\"text-align: center;\"><span style=\"font-family: verdana,geneva;\"><span style=\"font-size: 10pt;\">\u00a0 <span style=\"font-size: 12pt;\"><strong>GIGANTELLI SMENTISCE SE STESSO. S\u00ec AL RIMPASTO<\/strong><\/span><\/span><\/span><\/p>\n<p style=\"text-align: center;\"><span style=\"font-family: verdana,geneva;\"><span style=\"font-size: 10pt;\"><span style=\"font-size: 12pt;\">\u00a0<\/span>\u00a0<\/span><\/span><\/p>\n<p style=\"text-align: justify;\"><span style=\"font-family: verdana,geneva;\"><span style=\"font-size: 10pt;\">E \u00a0rimpasto invece c\u2019\u00e8 stato. Preceduto dall\u2019antipasto. Un antipasto\u00a0 durato un paio di mesi buoni. In pi\u00f9 c\u2019\u00e8 stato l\u2019azzeramento. Dicesi azzeramento modalit\u00e0 indolore per \u2018azzerare\u2019, eliminare Giacomino. Spedito in Marocco come assessore all\u2019agricoltura, \u00a0tornato come assessore di niente. Scippato. E vogliono fargli credere che gli scippatori erano del posto. E intanto ci mette alcuni giorni per rimettersi in sesto. Escono Tateo, Valentini, Cazzetta. Per ognuno dei tre tracciamo un tracciato.<\/span><\/span><\/p>\n<p style=\"text-align: justify;\"><span style=\"font-family: verdana,geneva;\"><span style=\"font-size: 10pt;\"><strong>ANTONIO TATEO:<\/strong> L\u2019uomo delle autodefinizioni. Definitosi \u2018animale politico\u2019, \u2018assessore senza voti\u2019,\u00a0 \u2018politico vincente,\u2019 ma stavolta ha perso la poltrona. Hanno approfittato che si era alzato per toglierla da sotto il sedere. Iper-attivo. Ha dato il meglio di s\u00e9. Adrenalinico. Faceva in un giorno mille cose. Un \u2018acquisto\u2019 rivelatosi perfetto. Diminuite e pi\u00f9 soft alcune sue note spigolosit\u00e0\u00a0 caratteriali. Tutto in Comune passava dalle sue mani. A volte autocelebrativo. A volte teneva in via xx settembre \u00a0discorsi ad personam. Un minuto di comizio &#8216;pro domo sua&#8217; in cui mancava solo che si auto-applaudisse.<\/span><\/span><\/p>\n<p style=\"text-align: justify;\"><span style=\"font-family: verdana,geneva;\"><span style=\"font-size: 10pt;\"><strong>GIACOMO VALENTINI:<\/strong> Ha osato tenere testa per oltre 2 mesi a Gigantelli. Si era cos\u00ec calato nel ruolo di assessore che non lo voleva mollare. Sappiamo come \u00e8 andata a finire. L\u2019ha pagata cara ma non si \u00e8 piegato. Uomo tutto d\u2019un pezzo, ha detto\u00a0sempre di no. L\u2019uomo del PISTACCHIO ha detto no. Uomo che non scende a compromessi. Tenace-testardo-persistente. Ma autentico come un primitivo (il vino, ovviamente). Ormai ex-assessore affabile, tenero, tenerone, coccolone. Aveva fatto tanto per quella delega. E\u2019 tornato di nuovo\u00a0senza. E quante ne ha dovuto ascoltare! Ma Giacomo \u00e8 un uomo di spirito. Tanti saluti. Ci vediamo su via Putignano. Verr\u00f2 da te a comprare le percoche.<\/span><\/span><\/p>\n<p style=\"text-align: justify;\"><span style=\"font-family: verdana,geneva;\"><span style=\"font-size: 10pt;\"><strong>MODESTO CAZZETTA:<\/strong> Buono come il pane fatto in casa. Senza brio per\u00f2. Blando. Ma mai borioso. E\u2019 stato un assessore TRISTE, sottoesposto, obiettivamente sfuocato e SOTTO le righe. E sempre con le GOMME a terra. Ultimamente \u00e8 sembrato stanco, assente. Di certo ha classe ma si impegna poco. Da assessore \u00e8 entrato nella storia di Turi. Peccato (per lui!) che ne sia uscito presto. In Consiglio non \u00e8 intervenuto quasi mai. Lui \u00e8 dell\u2019avviso che in politica bisogna essere di poche parole e molti fatti. Solo che i fatti, caro ex assessore, chi li ha visti?<\/span><\/span><\/p>\n<p style=\"text-align: justify;\"><span style=\"font-family: verdana,geneva;\"><span style=\"font-size: 10pt;\">\u00a0<\/span><\/span><\/p>\n<p style=\"text-align: center;\"><span style=\"font-family: verdana,geneva;\"><span style=\"font-size: 10pt;\">\u00a0<\/span><\/span><span style=\"font-family: verdana,geneva;\"><span style=\"font-size: 12pt;\"><strong>ORMAI <\/strong><strong>\u00c9<\/strong><strong> UN\u2019 AMMINISTRAZIONE APPESA A UN\u2026 NASTRO!<\/strong><\/span><\/span><\/p>\n<p style=\"text-align: justify;\"><span style=\"font-family: verdana,geneva;\"><span style=\"font-size: 12pt;\"><img loading=\"lazy\" decoding=\"async\" class=\" size-full wp-image-1309\" height=\"300\" width=\"640\" src=\"https:\/\/archivioturi.lavocedelpaese.info\/wp-content\/uploads\/2010\/01\/vignetta.jpg\" alt=\"vignetta\" \/><\/span><\/span><\/p>\n","protected":false},"excerpt":{"rendered":"<p><img loading=\"lazy\" decoding=\"async\" class=\" size-full wp-image-2067\" height=\"150\" width=\"320\" src=\"https:\/\/archivioturi.lavocedelpaese.info\/wp-content\/uploads\/2010\/05\/OCCHIOSALATO_SATIRA.jpg\" alt=\"OCCHIOSALATO_SATIRA\" srcset=\"https:\/\/archivioturi.lavocedelpaese.info\/wp-content\/uploads\/2010\/05\/OCCHIOSALATO_SATIRA.jpg 640w, https:\/\/archivioturi.lavocedelpaese.info\/wp-content\/uploads\/2010\/05\/OCCHIOSALATO_SATIRA-300x141.jpg 300w\" sizes=\"auto, (max-width: 320px) 100vw, 320px\" \/> <\/p>\n","protected":false},"author":1,"featured_media":2067,"comment_status":"open","ping_status":"closed","sticky":false,"template":"","format":"standard","meta":{"colormag_page_container_layout":"default_layout","colormag_page_sidebar_layout":"default_layout","footnotes":""},"categories":[9],"tags":[],"class_list":["post-2372","post","type-post","status-publish","format-standard","has-post-thumbnail","hentry","category-la-voce-del-paese"],"_links":{"self":[{"href":"https:\/\/archivioturi.lavocedelpaese.info\/index.php\/wp-json\/wp\/v2\/posts\/2372","targetHints":{"allow":["GET"]}}],"collection":[{"href":"https:\/\/archivioturi.lavocedelpaese.info\/index.php\/wp-json\/wp\/v2\/posts"}],"about":[{"href":"https:\/\/archivioturi.lavocedelpaese.info\/index.php\/wp-json\/wp\/v2\/types\/post"}],"author":[{"embeddable":true,"href":"https:\/\/archivioturi.lavocedelpaese.info\/index.php\/wp-json\/wp\/v2\/users\/1"}],"replies":[{"embeddable":true,"href":"https:\/\/archivioturi.lavocedelpaese.info\/index.php\/wp-json\/wp\/v2\/comments?post=2372"}],"version-history":[{"count":0,"href":"https:\/\/archivioturi.lavocedelpaese.info\/index.php\/wp-json\/wp\/v2\/posts\/2372\/revisions"}],"wp:featuredmedia":[{"embeddable":true,"href":"https:\/\/archivioturi.lavocedelpaese.info\/index.php\/wp-json\/wp\/v2\/media\/2067"}],"wp:attachment":[{"href":"https:\/\/archivioturi.lavocedelpaese.info\/index.php\/wp-json\/wp\/v2\/media?parent=2372"}],"wp:term":[{"taxonomy":"category","embeddable":true,"href":"https:\/\/archivioturi.lavocedelpaese.info\/index.php\/wp-json\/wp\/v2\/categories?post=2372"},{"taxonomy":"post_tag","embeddable":true,"href":"https:\/\/archivioturi.lavocedelpaese.info\/index.php\/wp-json\/wp\/v2\/tags?post=2372"}],"curies":[{"name":"wp","href":"https:\/\/api.w.org\/{rel}","templated":true}]}}