{"id":2371,"date":"2010-06-23T07:01:34","date_gmt":"2010-06-23T07:01:34","guid":{"rendered":"https:\/\/archivioturi.lavocedelpaese.info\/index.php\/2010\/06\/23\/scatta-lora-degli-esami-di-maturita-allitc\/"},"modified":"2010-06-23T07:01:34","modified_gmt":"2010-06-23T07:01:34","slug":"scatta-lora-degli-esami-di-maturita-allitc","status":"publish","type":"post","link":"https:\/\/archivioturi.lavocedelpaese.info\/index.php\/2010\/06\/23\/scatta-lora-degli-esami-di-maturita-allitc\/","title":{"rendered":"SCATTA L&#8217;ORA DEGLI ESAMI DI MATURITA&#8217; ALL&#8217;ITC"},"content":{"rendered":"<p><img loading=\"lazy\" decoding=\"async\" class=\" size-full wp-image-2370\" height=\"150\" width=\"320\" src=\"https:\/\/archivioturi.lavocedelpaese.info\/wp-content\/uploads\/2010\/06\/foto_itc_elena.jpg\" alt=\"foto_itc_elena\" \/> <\/p>\n<p style=\"text-align: justify;\"><span style=\"font-family: verdana,geneva;\"><span style=\"font-size: 10pt;\">Ore 7:50: gli studenti maturandi <strong>dell&#8217;Istituto Tecnico Commerciale &#8220;S. Pertini&#8221;<\/strong> sono pronti per il via agli <strong>esami di maturit\u00e0<\/strong>. Determinati, non spaventati, con prospettive inquadrate post-maturit\u00e0 (lavoro o studio), i ragazzi affrontano la prima prova con tranquillit\u00e0. L&#8217;ansia \u00e8 pronta ad esplodere in vista della seconda prova e del &#8220;quizzone&#8221;, che presenta pi\u00f9 materie e molti concetti stretti da memorizzare.<\/span><\/span><\/p>\n<p style=\"text-align: justify;\"><span style=\"font-family: verdana,geneva;\"><span style=\"font-size: 10pt;\">I ragazzi si sono accuratamente preparati per la prova d&#8217;Italiano, dall&#8217;Italia postunitaria sino agli autori del &#8216;900 quali Levi e Morante, approfondendo anche tematiche di attualit\u00e0.<\/span><\/span><\/p>\n<p style=\"text-align: justify;\"><span style=\"font-family: verdana,geneva;\"><span style=\"font-size: 10pt;\">Le <strong>4 classi quinte<\/strong> sono state divise in due tronconi: uno nella palestra e uno nel corridoio.<\/span><\/span><\/p>\n<p style=\"text-align: justify;\"><span style=\"font-family: verdana,geneva;\"><span style=\"font-size: 10pt;\">Le tracce tra cui si poteva scegliere erano:<\/span><\/span><\/p>\n<p style=\"text-align: justify;\"><span style=\"font-family: verdana,geneva;\"><span style=\"font-size: 10pt;\">-Saggio breve: Ricerca della felicit\u00e0, Ruolo dei giovani nella storia e nella politica (pareri dei leader), Piacere e Piaceri da Botticelli a D&#8217;Annunzio, Siamo soli? Interrogativi dei filosofi;<\/span><\/span><\/p>\n<p style=\"text-align: justify;\"><span style=\"font-family: verdana,geneva;\"><span style=\"font-size: 10pt;\">-Analisi del Testo: Primo Levi;<\/span><\/span><\/p>\n<p style=\"text-align: justify;\"><span style=\"font-family: verdana,geneva;\"><span style=\"font-size: 10pt;\">&#8211; Tema storico: Italiani e le foibe (confine orientale);<\/span><\/span><\/p>\n<p style=\"text-align: justify;\"><span style=\"font-family: verdana,geneva;\"><span style=\"font-size: 10pt;\">-Tema libero: il ruolo della musica (citazione di Aristotele).<\/span><\/span><\/p>\n<p style=\"text-align: justify;\"><span style=\"font-family: verdana,geneva;\"><span style=\"font-size: 10pt;\">La maggior parte degli studenti che abbiamo intervistato ha dichiarato di aver scelto il saggio breve o il tema libero. Qualcuno ha portato con s\u00e8 la tesina gi\u00e0 pronta per essere consegnata alla commissione. I pi\u00f9 ritardatari hanno tempo fino al 25 giugno, in concomitanza con lo svogimento della terza prova. Esse vertono prevalentemente su problematiche socio-economiche del 1900, economia, famiglia, tecnologia, teatro dell&#8217;assurdo, Unit\u00e0 d&#8217;Italia, estetismo, discriminazione raziale, crisi greca ecc.<\/span><\/span><\/p>\n<p style=\"text-align: justify;\"><span style=\"font-family: verdana,geneva;\"><span style=\"font-size: 10pt;\">I non ammessi agli esami sono 3 e ci\u00f2 ha creato sincero sgomento da parte di molti studenti; i non ammessi agli anni sucessivi, invece, sono 61. Pi\u00f9 di uno su dieci!<\/span><\/span><\/p>\n<p style=\"text-align: justify;\"><span style=\"font-family: verdana,geneva;\"><span style=\"font-size: 10pt;\">Inoltre \u00e8 rilevante ricordare che quest&#8217;anno, per la prima volta, \u00e8 stata rispettata la regola che prevede il rispetto della privacy per i maturandi: i loro voti e crediti non sono stati esposti. Per avere accesso a tali dati ogni studente ha dovuto recarsi in segreteria e ricevere personalmente un foglio con l&#8217;esito degli scrutini. Stesso discorso per coloro che hanno avuto i debiti formativi.<\/span><\/span><\/p>\n<p style=\"text-align: justify;\"><span style=\"font-family: verdana,geneva;\"><span style=\"font-size: 10pt;\">In questo senso \u00e8 possibile fare una semplice statistica sulle classi &#8220;meno studiose&#8221; e &#8220;pi\u00f9 studiose&#8221;. In base ad una rilevazione delle medie esposte fuori l&#8217;Istituto &#8220;Pertini&#8221; la classe pi\u00f9 in gamba \u00e8 risultata la 1\u00b0D Iter con due soli bocciati e nessun debito formativo; maglia nera per la 3\u00b0A Erica con nove bocciati.<\/span><\/span><\/p>\n<p style=\"text-align: justify;\"><span style=\"font-family: verdana,geneva;\"><span style=\"font-size: 10pt;\">Un grande in bocca al lupo a tutti i maturandi da tutta la redazione di TURIWEB. Forza ragazzi!<\/span><\/span><\/p>\n","protected":false},"excerpt":{"rendered":"<p><img loading=\"lazy\" decoding=\"async\" class=\" size-full wp-image-2370\" height=\"150\" width=\"320\" src=\"https:\/\/archivioturi.lavocedelpaese.info\/wp-content\/uploads\/2010\/06\/foto_itc_elena.jpg\" alt=\"foto_itc_elena\" \/> <\/p>\n","protected":false},"author":1,"featured_media":2370,"comment_status":"open","ping_status":"closed","sticky":false,"template":"","format":"standard","meta":{"colormag_page_container_layout":"default_layout","colormag_page_sidebar_layout":"default_layout","footnotes":""},"categories":[6],"tags":[],"class_list":["post-2371","post","type-post","status-publish","format-standard","has-post-thumbnail","hentry","category-cultura"],"_links":{"self":[{"href":"https:\/\/archivioturi.lavocedelpaese.info\/index.php\/wp-json\/wp\/v2\/posts\/2371","targetHints":{"allow":["GET"]}}],"collection":[{"href":"https:\/\/archivioturi.lavocedelpaese.info\/index.php\/wp-json\/wp\/v2\/posts"}],"about":[{"href":"https:\/\/archivioturi.lavocedelpaese.info\/index.php\/wp-json\/wp\/v2\/types\/post"}],"author":[{"embeddable":true,"href":"https:\/\/archivioturi.lavocedelpaese.info\/index.php\/wp-json\/wp\/v2\/users\/1"}],"replies":[{"embeddable":true,"href":"https:\/\/archivioturi.lavocedelpaese.info\/index.php\/wp-json\/wp\/v2\/comments?post=2371"}],"version-history":[{"count":0,"href":"https:\/\/archivioturi.lavocedelpaese.info\/index.php\/wp-json\/wp\/v2\/posts\/2371\/revisions"}],"wp:featuredmedia":[{"embeddable":true,"href":"https:\/\/archivioturi.lavocedelpaese.info\/index.php\/wp-json\/wp\/v2\/media\/2370"}],"wp:attachment":[{"href":"https:\/\/archivioturi.lavocedelpaese.info\/index.php\/wp-json\/wp\/v2\/media?parent=2371"}],"wp:term":[{"taxonomy":"category","embeddable":true,"href":"https:\/\/archivioturi.lavocedelpaese.info\/index.php\/wp-json\/wp\/v2\/categories?post=2371"},{"taxonomy":"post_tag","embeddable":true,"href":"https:\/\/archivioturi.lavocedelpaese.info\/index.php\/wp-json\/wp\/v2\/tags?post=2371"}],"curies":[{"name":"wp","href":"https:\/\/api.w.org\/{rel}","templated":true}]}}