{"id":2358,"date":"2010-06-27T06:12:00","date_gmt":"2010-06-27T06:12:00","guid":{"rendered":"https:\/\/archivioturi.lavocedelpaese.info\/index.php\/2010\/06\/27\/sguardo-alla-settimana-21-27-giugno\/"},"modified":"2010-06-27T06:12:00","modified_gmt":"2010-06-27T06:12:00","slug":"sguardo-alla-settimana-21-27-giugno","status":"publish","type":"post","link":"https:\/\/archivioturi.lavocedelpaese.info\/index.php\/2010\/06\/27\/sguardo-alla-settimana-21-27-giugno\/","title":{"rendered":"SGUARDO ALLA SETTIMANA 21 \/ 27 GIUGNO"},"content":{"rendered":"<p><img loading=\"lazy\" decoding=\"async\" class=\" size-full wp-image-2072\" src=\"https:\/\/archivioturi.lavocedelpaese.info\/wp-content\/uploads\/2010\/05\/collage_4.jpg\" alt=\"collage_4\" width=\"320\" height=\"150\" srcset=\"https:\/\/archivioturi.lavocedelpaese.info\/wp-content\/uploads\/2010\/05\/collage_4.jpg 640w, https:\/\/archivioturi.lavocedelpaese.info\/wp-content\/uploads\/2010\/05\/collage_4-300x141.jpg 300w\" sizes=\"auto, (max-width: 320px) 100vw, 320px\" \/><\/p>\n<p><strong><span style=\"font-family: verdana,geneva;\"><span style=\"font-size: 10pt;\">Luned\u00ec 21:<\/span><\/span><\/strong><\/p>\n<p><span style=\"font-family: verdana,geneva;\"><span style=\"font-size: 10pt;\"><a target=\"_blank\" href=\"politica\/1498-lenato-contro-gigantelli-e-daddabbo.html?phpMyAdmin=249be9a92230f4edfb2945ad723064de\" rel=\"noopener\">LENATO CONTRO GIGANTELLI E D&#8217;ADDABBO<\/a> <\/span><\/span><span style=\"font-size: 10pt;\"><span style=\"font-family: verdana,geneva;\">Vi <\/span><\/span><span style=\"font-size: 10pt;\"><span style=\"font-family: verdana,geneva;\">proponiamo il video integrale del secondo intervento in piazza di Vito Lenato. A breve altri approfondimenti.<\/span><\/span><\/p>\n<p><span style=\"font-size: 10pt;\"><span style=\"font-family: verdana,geneva;\"><a target=\"_blank\" href=\"attualita\/1500-prevenzione-del-cancro-del-collo-dellutero.html?phpMyAdmin=249be9a92230f4edfb2945ad723064de\" rel=\"noopener\">PREVENZIONE DEL CANCRO DEL COLLO DELL\u2019UTERO<\/a> <\/span><\/span><span style=\"font-family: verdana,geneva;\"><span style=\"font-size: 10pt;\">L<\/span><\/span><span style=\"FONT-FAMILY: verdana,geneva\">\u2019A<\/span><span style=\"FONT-FAMILY: verdana,geneva\"><span style=\"FONT-SIZE: 10pt\">zi<\/span><span style=\"FONT-SIZE: 10pt\"><span style=\"FONT-FAMILY: verdana,geneva\">en<\/span>da Sanitaria Locale della Provincia di Bari, in coerenza con gli obiettivi prioritari del Piano Sanitario Nazionale, all\u2019interno del programma di prevenzione del cancro del collo dell\u2019utero, offre la possibilit\u00e0 di effettuare gratuitamente il Pap-Test a tutte le donne nella fascia di et\u00e0 tra i 25 ed i 64 anni, presso il Consultorio Familiare Turi, sito in Via De Donato Giannini.<\/span><\/span><\/p>\n<p><a target=\"_blank\" href=\"cultura\/1499-pulcinella-nel-teatro-nazionale-dei-burattini-.html?phpMyAdmin=249be9a92230f4edfb2945ad723064de\" rel=\"noopener\"><span style=\"font-family: verdana,geneva;\"><span style=\"font-size: 10pt;\">PU<\/span><\/span><span style=\"font-family: verdana,geneva;\"><span style=\"font-size: 10pt;\">LCINELLA AL TEATRO NAZIONALE DEI BURATTINI <\/span><\/span><\/a><span style=\"FONT-FAMILY: verdana,geneva\"><span style=\"FONT-SIZE: 10pt\">In Piazza della Santissima Annunziata (alle spalle della chiesa di San Rocco) sabato 19 e domenica 20 giugno, si sono tenuti spettacoli dal titolo \u201cL\u2019antica arte dello spettacolo dei burattini\u201d. Patrocinati dal Comune di Turi, su proposta degli Assessori alle Politiche per la Scuola e alla Cultura, i cittadini presenti all\u2019evento hanno assistito a due spettacoli per sera, ore 18,30 e ore 20,30, dal titolo \u2018Pulcinella e il mago Solombrone\u2019 e \u2018Pulcinella barbiere del futuro\u2019.<\/span><\/span><\/p>\n<p><span style=\"FONT-FAMILY: verdana,geneva\"><span style=\"FONT-SIZE: 10pt\"><a target=\"_blank\" href=\"cultura\/1502-e-petruzzi-rifiuto-la-collaborazione-della-pro-loco.html?phpMyAdmin=249be9a92230f4edfb2945ad723064de\" rel=\"noopener\">PETRUZZI RIFIUTA L\u2019ALLEANZA CON PROLOCO<\/a> <\/span><\/span><span style=\"FONT-FAMILY: verdana,geneva\"><span style=\"FONT-SIZE: 10pt\">Un anno fa circa nasceva la nuova Pro Loco. Veniva alla luce intorno ad un presidente giovane, pieno di entusiasmo: Giuseppe Mezzapesa. A distanza di 12 mesi abbiamo voluto parlare con il suddetto presidente del primo dei tre anni\u00a0 di cui \u00e8 composto il suo mandato.<\/span><\/span><\/p>\n<p><span style=\"FONT-FAMILY: verdana,geneva\"><span style=\"FONT-SIZE: 10pt\"><a target=\"_blank\" href=\"cultura\/1501-la-fidas-dona-con-i-falchi-lanari.html?phpMyAdmin=249be9a92230f4edfb2945ad723064de\" rel=\"noopener\">LA FIDAS DONA CON I FALCHI LANARI<\/a> <\/span><\/span><span style=\"FONT-SIZE: 10pt\"><span style=\"FONT-FAMILY: verdana,geneva\">La mattinata del 20 Giugno ha richiamato tantissimi volontari, soci e curiosi vicino la villa comunale, pronti a partecipare alla consueta donazione del sangue del gruppo FIDAS \u2013 TURI. Oltre ai donatori turesi, pi\u00f9 di 100 motoguzzisti di varie parti d\u2019Italia sono giunti a Turi per una giornata all\u2019insegna della solidariet\u00e0 e della collaborazione.<\/span><\/span><\/p>\n<p><a target=\"_blank\" href=\"cronaca\/1504-incidente-nei-pressi-della-chiesa-di-san-giovanni.html?phpMyAdmin=249be9a92230f4edfb2945ad723064de\" rel=\"noopener\"><span style=\"font-family: verdana,geneva;\"><span style=\"font-size: 10pt;\">INCIDENTE NEI PRESSI DELLA CHIESA DI SAN GIOVANNI<\/span><\/span><\/a> <span style=\"FONT-FAMILY: verdana,geneva\"><span style=\"FONT-SIZE: 10pt\">Domenica 20 giugno, intorno alle 20.15, si \u00e8 verificato un rocambolesco incidente nei pressi della chiesa di San Giovanni<\/span><\/span>.<\/p>\n<p>\u00a0<\/p>\n<p><strong><span style=\"font-family: verdana,geneva;\"><span style=\"font-size: 10pt;\">Marted\u00ec 22:<\/span><\/span><\/strong><\/p>\n<p><a target=\"_blank\" href=\"attualita\/1507-tirocinio-per-segretario-comunale-o-provinciale.html?phpMyAdmin=249be9a92230f4edfb2945ad723064de\" rel=\"noopener\"><span style=\"font-family: verdana,geneva;\"><span style=\"font-size: 10pt;\">TIROCINIO PER SEGRETARIO COMUNALE O PROVINCIALE<\/span><\/span><\/a> <span style=\"FONT-FAMILY: verdana,geneva\"><span style=\"FONT-SIZE: 10pt\">Presso il Comune di Turi, come esposto nella Delibera G.C. n\u00b077, sar\u00e0 avviato il tirocinio formativo relativo al corso-concorso di accesso in carriera per i segretari comunali e provinciali denominato \u201cCO.A.3\u201d. Presso l\u2019Ente comunale, la corsista, dott.ssa Marida Urbano, frequenter\u00e0 la terza edizione del suddetto corso-concorso, a seguito della disponibilit\u00e0 manifestata dal Segretario comunale, dott.ssa Christiana Anglana.<\/span><\/span><\/p>\n<p><a href=\"attualita\/1505-mozzarelle-blu-a-turi-il-primo-sequestro-in-puglia.html?phpMyAdmin=249be9a92230f4edfb2945ad723064de\"><span style=\"font-size: 10pt;\"><span style=\"font-family: verdana,geneva;\">MOZZARELLE BLU: A TURI IL PRIMO SEQUESTRO IN PUGLIA<\/span><\/span><\/a> <span style=\"line-height: 16px; font-size: 12px;\"><span style=\"font-family: verdana,geneva;\"><span style=\"font-size: 10pt;\">Ieri un cittadino di Turi che aveva acquistato in un supermercato ( LIDL ) una confezione di mozzarelle, dopo un primo assaggio, avendo accusato disturbi e notando che il prodotto era diventato di colore blu, ha chiamato i carabinieri del Nas.<\/span><\/span><\/span><\/p>\n<p><span style=\"line-height: 16px; font-size: 12px;\"><span style=\"font-family: verdana,geneva;\"><span style=\"font-size: 10pt;\"><a target=\"_blank\" href=\"cultura\/1506-la-palestra-butterfly-inscena-mery-poppins.html?phpMyAdmin=249be9a92230f4edfb2945ad723064de\" rel=\"noopener\">LA PALESTRA BUTTERFLY INSCENA MERY POPPINS<\/a> <span style=\"FONT-FAMILY: verdana,geneva\">Nella serata del 20 giugno, il Palazzetto dello Sport di Turi si \u00e8 acceso di musica e colori per l\u2019esibizione del saggio di fine anno 2009\/2010 della Palestra Butterfly di Turi.<\/span><\/span><\/span><\/span><\/p>\n<p><span style=\"line-height: 16px; font-size: 12px;\"><span style=\"font-family: verdana,geneva;\"><span style=\"font-size: 10pt;\"><span style=\"FONT-FAMILY: verdana,geneva\"><a target=\"_blank\" href=\"attualita\/1509-tutto-e-bene-quel-che-finisce-bene-speriamo.html?phpMyAdmin=249be9a92230f4edfb2945ad723064de\" rel=\"noopener\">TUTTO E\u2019 BENE QUEL CHE FINISCE BENE. SPERIAMO!<\/a> <\/span><\/span><\/span><\/span><span style=\"FONT-SIZE: 10pt\"><span style=\"FONT-FAMILY: verdana,geneva\">E\u2019 di alcuni giorni fa la notizia che, per il progetto delle \u201cacque meteoriche\u201d, \u00e8 stata esperita la gara ed aggiudicata ad una impresa che ha offerto il 53,186% di ribasso.<\/span><\/span><\/p>\n<p><span style=\"line-height: 16px; font-size: 12px;\"><span style=\"font-family: verdana,geneva;\"><span style=\"font-size: 10pt;\"><span style=\"FONT-FAMILY: verdana,geneva\"><a target=\"_blank\" href=\"politica\/1510-pensaci-giacomino-intervista-a-tundo.html?phpMyAdmin=249be9a92230f4edfb2945ad723064de\" rel=\"noopener\">PENSACI, GIACOMINO! INTERVISTA A TUNDO<\/a> \u201cPensaci, Giacomino!\u201d. E\u2019 il titolo della famosa commedia in tre atti di Pirandello. Giacomino \u00e8 un personaggio paradossale, affetto da crisi d\u2019identit\u00e0 e sdoppiamento dei ruoli.<\/span><\/span><\/span><\/span><\/p>\n<p><span style=\"line-height: 16px; font-size: 12px;\"><span style=\"font-family: verdana,geneva;\"><span style=\"font-size: 10pt;\"><span style=\"FONT-FAMILY: verdana,geneva\"> <\/span><\/span><\/span><\/span><\/p>\n<p><strong><span style=\"font-family: verdana,geneva;\"><span style=\"font-size: 10pt;\">Mercoled\u00ec 23:<\/span><\/span><\/strong><\/p>\n<p><span style=\"font-family: verdana,geneva;\"><span style=\"font-size: 10pt;\"><a href=\"cultura\/1511-biodiversita-e-prodotti-biogrande-risorsa.html?phpMyAdmin=249be9a92230f4edfb2945ad723064de\">BIODIVERSIT\u00c0 E PRODOTTI BIO:GRANDE RISORSA<\/a> <\/span><\/span><span style=\"FONT-FAMILY: verdana,geneva\"><span style=\"FONT-SIZE: 10pt\">Lo scoso 15 giugno, presso l\u2019ex-forno comunale, l\u2019incontro \u201cBiodiversit\u00e0 e sviluppo rurale\u201d, promosso dall\u2019Associazione Lavoratori Produttori dell\u2019Agroalimentare della Cgil (Alpa-Cgil).<\/span><\/span><\/p>\n<p><span style=\"FONT-FAMILY: verdana,geneva\"><span style=\"FONT-SIZE: 10pt\"><a target=\"_blank\" href=\"cultura\/1512-scatta-lora-degli-esami-di-maturita-allitc.html?phpMyAdmin=249be9a92230f4edfb2945ad723064de\" rel=\"noopener\">SCATTA L&#8217;ORA DEGLI ESAMI DI MATURITA&#8217; ALL&#8217;ITC<\/a> <span style=\"FONT-FAMILY: verdana,geneva\"><span style=\"FONT-SIZE: 10pt\">Ore 7:50: gli studenti maturandi dell&#8217;Istituto Tecnico Commerciale &#8220;S. Pertini&#8221; sono pronti per il via agli esami di maturit\u00e0. Determinati, non spaventati, con prospettive inquadrate post-maturit\u00e0 (lavoro o studio), i ragazzi affrontano la prima prova con tranquillit\u00e0. L&#8217;ansia \u00e8 pronta ad esplodere in vista della seconda prova e del &#8220;quizzone&#8221;, che presenta pi\u00f9 materie e molti concetti stretti da memorizzare.<\/span><\/span><\/span><\/span><\/p>\n<p><a target=\"_blank\" href=\"attualita\/1514-lettera-alla-cittadinanza-.html?phpMyAdmin=249be9a92230f4edfb2945ad723064de\" rel=\"noopener\"><span style=\"font-size: 10pt;\"><span style=\"font-family: verdana,geneva;\">LETTERA ALLA CITTADINANZA <\/span><\/span><\/a><span style=\"FONT-FAMILY: verdana,geneva\"><span style=\"FONT-SIZE: 10pt\">Il Circolo Antonio Gramsci, espressione di Sinistra, Ecologia e Libert\u00e0 e della Federazione della Sinistra, alla luce della fallimentare amministrazione Gigantelli, emersa in tutta la sua evidenza nella crisi del consiglio comunale\u00a0 negli ultimi giorni, si rivolge ai cittadini di Turi per comunicare e condividere il proprio progetto politico.<\/span><\/span><\/p>\n<p><span style=\"FONT-FAMILY: verdana,geneva\"><span style=\"FONT-SIZE: 10pt\"><span style=\"FONT-FAMILY: verdana,geneva\"><span style=\"FONT-SIZE: 10pt\"><a target=\"_blank\" href=\"la-voce-del-paese\/1513-gigantelli-rimpasto-nel-2010-no-grazie.html?phpMyAdmin=249be9a92230f4edfb2945ad723064de\" rel=\"noopener\">GIGANTELLI: RIMPASTO NEL 2010? NO, GRAZIE!<\/a> La satira di Occhiosalato.<\/span><\/span><\/span><\/span><\/p>\n<p><span style=\"FONT-FAMILY: verdana,geneva\"><span style=\"FONT-SIZE: 10pt\"><span style=\"FONT-FAMILY: verdana,geneva\"><span style=\"FONT-SIZE: 10pt\"><a target=\"_blank\" href=\"attualita\/1516-estate-temperature-al-di-sotto-delle-medie.html?phpMyAdmin=249be9a92230f4edfb2945ad723064de\" rel=\"noopener\">ESTATE? TEMPERATURE AL DI SOTTO DELLE MEDIE<\/a> <\/span><\/span><\/span><\/span><span style=\"FONT-FAMILY: verdana,geneva\"><span style=\"FONT-SIZE: 10pt\">A soli pochi giorni dall\u2019inizio della periodo pi\u00f9 caldo dell\u2019anno, il nostro territorio e l\u2019intera Italia fanno i conti con temporali, forti raffiche di vento e temperature in calo.<\/span><\/span><\/p>\n<p><span style=\"FONT-FAMILY: verdana,geneva\"><span style=\"FONT-SIZE: 10pt\"><a target=\"_blank\" href=\"cultura\/1515-anche-turi-ne-la-murgia-di-allen.html?phpMyAdmin=249be9a92230f4edfb2945ad723064de\" rel=\"noopener\">ANCHE TURI NE \u201cLA MURGIA DI ALLEN\u201d<\/a> La Dott.ssa Campanella, a nome del comune capofila del progetto, Locorotondo, ha battezzato <st1:personname productid=\"la Murgia\" w:st=\"on\">la Murgia<\/st1:personname> dei Trulli e delle Grotte, circoscritta\u00a0 da Allen, un\u2019\u201cIsola nella Penisola\u201d e proposto a 32 comuni, identificati come suoi ideali confini, (citiamo tra questi: Alberobello, Carovigno, Casamassima, Castellana Grotte, Cisternino, Conversano, Crispiano, Fasano,Gioia, Latiano, Martina Franca, Mola di Bari, Monopoli, Mottola, Noci, Ostuni, Polignano, Putignano, Rutigliano, Sammichele di Bari, Turi) la realizzazione di una guida che consenta ai moderni turisti di muoversi facilmente in un caleidoscopio di attrattive, pur rimanendo nel raggio di poche centinaia di chilometri quadrati, alla scoperta di percorsi turistici alternativi.<\/span><\/span><\/p>\n<p><span style=\"FONT-FAMILY: verdana,geneva\"><span style=\"FONT-SIZE: 10pt\"><span style=\"FONT-FAMILY: verdana,geneva\"><span style=\"FONT-SIZE: 10pt\"> <\/span><\/span><\/span><\/span><\/p>\n<p><strong><span style=\"font-family: verdana,geneva;\"><span style=\"font-size: 10pt;\">Gioved\u00ec 24:<\/span><\/span><\/strong><\/p>\n<p><a target=\"_blank\" href=\"attualita\/1518-servizio-assistenza-per-anziani-e-disabili.html?phpMyAdmin=249be9a92230f4edfb2945ad723064de\" rel=\"noopener\"><span style=\"font-family: verdana,geneva;\"><span style=\"font-size: 10pt;\">SERVIZIO ASSISTENZA PER ANZIANI E DISABILI<\/span><\/span><\/a> <span style=\"FONT-FAMILY: verdana,geneva\"><span style=\"FONT-SIZE: 10pt\">Dal periodo 01 Luglio &#8211; 31 Dicembre, il Comune di Turi garantir\u00e0 la prosecuzione del Servizio di Assistenza Domiciliare agli anziani e disabili. Questa \u00e8 una prestazione che gi\u00e0 attualmente viene erogata, ma la Giunta ne definisce la sua continuazione stanziando, a tal fine, l\u2019importo di \u20ac 52.000,00 sul Cap. 10405\/3 \u201cInterventi in favore degli anziani\u201d del Bilancio 2010.<\/span><\/span><\/p>\n<p><span style=\"FONT-FAMILY: verdana,geneva\"><span style=\"FONT-SIZE: 10pt\"><a target=\"_blank\" href=\"attualita\/1519-animali-spot-e-appelli-contro-il-loro-abbandono.html?phpMyAdmin=249be9a92230f4edfb2945ad723064de\" rel=\"noopener\">ANIMALI: SPOT E APPELLI CONTRO IL LORO ABBANDONO<\/a> <span style=\"FONT-FAMILY: verdana,geneva\"><span style=\"FONT-SIZE: 10pt\">Come ogni anno, a partire dal mese di Giugno, le organizzazioni animaliste lanciano un appello contro l\u2019abbandono estivo degli animali domestici. <\/span><\/span><\/span><\/span><span style=\"FONT-FAMILY: verdana,geneva\"><span style=\"FONT-SIZE: 10pt\">Come i nostri amici volontari del Canile di Turi ci scrivono sul loro gruppo Facebook, la situazione all\u2019interno della struttura non \u00e8 tranquilla.<\/span><\/span><\/p>\n<p><span style=\"FONT-FAMILY: verdana,geneva\"><span style=\"FONT-SIZE: 10pt\"><a target=\"_blank\" href=\"cronaca\/1520-si-finge-funzionario-del-comune-di-turi-e-truffa-anziana.html?phpMyAdmin=249be9a92230f4edfb2945ad723064de\" rel=\"noopener\">SI FINGE FUNZIONARIO DEL COMUNE DI TURI E TRUFFA ANZIANA<\/a> <\/span><\/span><span style=\"font-family: verdana,geneva;\"><span style=\"font-size: 10pt;\">Dopo essersi presentato come dipendente comunale, \u00e8 entrato in casa di un\u2019anziana strappandole di mano 300 euro che la vittima aveva appena prelevato da un contenitore in camera da letto. Sorpreso dal nipote dell\u2019anziana, che in quel momento stava entrando nell\u2019appartamento, \u00e8 stato bloccato dai Carabinieri.<\/span><\/span><\/p>\n<p><span style=\"font-family: verdana,geneva;\"><span style=\"font-size: 10pt;\"><a target=\"_blank\" href=\"politica\/1521-gigantelli-governa-con-due-ruote-di-scorta.html?phpMyAdmin=249be9a92230f4edfb2945ad723064de\" rel=\"noopener\">GIGANTELLI GOVERNA CON DUE RUOTE DI SCORTA<\/a> <\/span><\/span><span style=\"FONT-FAMILY: verdana,geneva\"><span style=\"FONT-SIZE: 10pt\">Non si sono ancora placati gli animi dopo il Consiglio Comunale di qualche giorno fa in cui c\u2019\u00e8 stato il quarto rimpasto dell\u2019Amministrazione Gigantelli.<\/span><\/span><\/p>\n<p><span style=\"FONT-FAMILY: verdana,geneva\"><span style=\"FONT-SIZE: 10pt\"> <\/span><\/span><\/p>\n<p><strong><span style=\"font-family: verdana,geneva;\"><span style=\"font-size: 10pt;\">Venerd\u00ec 25:<\/span><\/span><\/strong><\/p>\n<p><span style=\"font-family: verdana,geneva;\"><span style=\"font-size: 10pt;\"><a target=\"_blank\" href=\"cultura\/1524-proverbi-na-dije-acchijbbe-e-chiobbe.html?phpMyAdmin=249be9a92230f4edfb2945ad723064de\" rel=\"noopener\">PROVERBI: NA D\u00ecJE ACCH\u00ecJBBE E CHI\u00f2BBE<\/a> Antichi proverbi di Turi.<\/span><\/span><\/p>\n<p><a target=\"_blank\" href=\"politica\/1525-antonio-coppi-perche-e-fuori-antonio-tateo.html?phpMyAdmin=249be9a92230f4edfb2945ad723064de\" rel=\"noopener\"><span style=\"font-size: 10pt;\"><span style=\"font-family: verdana,geneva;\">ANTONIO COPPI: PERCHE\u2019 \u00c8 FUORI ANTONIO TATEO?<\/span><\/span><\/a> <span style=\"FONT-FAMILY: verdana,geneva\"><span style=\"FONT-SIZE: 10pt\">Sull\u2019azzeramento e sulle nuove nomine continua il chiacchiericcio (politico?), anche perch\u00e9 si sanno a chi sono andati gli assessorati ma delle deleghe si sono perse le tracce e non si sa ancora nulla. Soprattutto di questo ma anche di altro abbiamo parlato con l\u2019ex senatore Antonio Coppi in una breve intervista.<\/span><\/span><\/p>\n<p><span style=\"FONT-FAMILY: verdana,geneva\"><span style=\"FONT-SIZE: 10pt\"><a target=\"_blank\" href=\"cultura\/1527-le-mule-di-turi-alla-festa-della-trebbiatura.html?phpMyAdmin=249be9a92230f4edfb2945ad723064de\" rel=\"noopener\">LE MULE DI TURI ALLA FESTA DELLA TREBBIATURA<\/a> <\/span><\/span><span style=\"FONT-SIZE: 10pt\"><span style=\"FONT-FAMILY: verdana, geneva\">Si rinnova anche quest\u2019anno il tradizionale appuntamento con la Festa della Trebbiatura presso l\u2019Agriturismo Amicizia di Cassano delle Murge. Si parte sabato 26 giugno con inizio alle 19.30. La festa termina domenica 27. Due giorni all\u2019insegna della tradizione.<\/span><\/span><\/p>\n<p><span style=\"FONT-SIZE: 10pt\"><span style=\"FONT-FAMILY: verdana, geneva\"><a target=\"_blank\" href=\"cultura\/1526-la-grande-musica-vola-alto.html?phpMyAdmin=249be9a92230f4edfb2945ad723064de\" rel=\"noopener\">LA GRANDE MUSICA VOLA ALTO<\/a> <\/span><\/span><span style=\"FONT-FAMILY: verdana,geneva\"><span style=\"FONT-SIZE: 10pt\">Ha fatto da anfiteatro paesano alla nota \u201cMarcia Nuziale\u201d, tratta da \u201cSogno di una mezza estate\u201d di Felix Mendelssohn, l\u2019acustica perfetta di Piazza Silvio Orlandi.<\/span><\/span><\/p>\n<p><a href=\"sport\/1528-lacqua-amata-turi-riparte-da-moramarco.html?phpMyAdmin=249be9a92230f4edfb2945ad723064de\"><span style=\"font-family: verdana,geneva;\"><span style=\"font-size: 10pt;\">L\u2019ACQUA AMATA TURI RIPARTE DA MORAMARCO<\/span><\/span><\/a> <span style=\"FONT-FAMILY: verdana,geneva\"><span style=\"FONT-SIZE: 10pt\">Sono passate circa due settimane dal termine dei playoff e dalla promozione in serie B2 dell\u2019Acqua Amata Turi e la societ\u00e0 del presidente Raffaele Tardi gi\u00e0 comincia a programmare l\u2019immediato futuro.<\/span><\/span><\/p>\n<p><span style=\"FONT-FAMILY: verdana,geneva\"><span style=\"FONT-SIZE: 10pt\"><a target=\"_blank\" href=\"attualita\/1529-anche-a-turi-chiude-il-consultorio-.html?phpMyAdmin=249be9a92230f4edfb2945ad723064de\" rel=\"noopener\">ANCHE A TURI CHIUDE IL CONSULTORIO ? <\/a><\/span><\/span><span style=\"FONT-FAMILY: verdana,geneva\"><span style=\"FONT-SIZE: 10pt\">Il 14 giugno scorso presso <st1:personname productid=\"la Sala Consiliare\" w:st=\"on\"><st1:personname productid=\"la Sala\" w:st=\"on\">la Sala<\/st1:personname> Consiliare<\/st1:personname> del Comune di Bari si \u00e8 tenuta la Conferenza dei Sindaci Asl Bari, per discutere sulla deliberazione della Giunta Regionale n.735 del 15 marzo 2010. Presidente della conferenza, il sindaco Emiliano. Presenti al tavolo, l\u2019assessore regionale alla sanit\u00e0 Fiore, il presidente della regione Puglia Vendola, il responsabile della direzione sanitaria Calasso ed il responsabile manager Asl Pansini, che ha condiviso le linee di Fiore. <\/span><\/span><span style=\"FONT-FAMILY: verdana,geneva\"><span style=\"FONT-SIZE: 10pt\">A rappresentare Turi l\u2019assessore alla sanit\u00e0 Paolo Tundo.<\/span><\/span><\/p>\n<p><span style=\"FONT-FAMILY: verdana,geneva\"><span style=\"FONT-SIZE: 10pt\"> <\/span><\/span><\/p>\n<p><strong><span style=\"font-family: verdana,geneva;\"><span style=\"font-size: 10pt;\">Sabato 26:<\/span><\/span><\/strong><\/p>\n<p><a target=\"_blank\" href=\"politica\/1530-votato-il-pist-tra-le-polemiche-dellopposizione.html?phpMyAdmin=249be9a92230f4edfb2945ad723064de\" rel=\"noopener\"><span style=\"font-family: verdana,geneva;\"><span style=\"font-size: 10pt;\">VOTATO IL PIST TRA LE POLEMICHE DELL\u2019OPPOSIZIONE<\/span><\/span><\/a><span style=\"FONT-FAMILY: verdana,geneva\"><span style=\"FONT-SIZE: 10pt\"> Nel trambusto dell\u2019azzeramento delle deleghe della vecchia giunta, della nomina di nuovi assessori e delle lamentele dell\u2019opposizione, c\u2019\u00e8 stato anche il tempo di votare, durante l\u2019ultimo Consiglio Comunale, il punto all\u2019ordine del giorno relativo all\u2019approvazione dello schema di convenzione per la redazione del PIST (Piano Integrato di Sviluppo Territoriale).<\/span><\/span><\/p>\n<p><a href=\"cultura\/1531-tre-pecore-viziose-con-lute.html?phpMyAdmin=249be9a92230f4edfb2945ad723064de\"><span style=\"font-size: 10pt;\"><span style=\"font-family: verdana,geneva;\">\u201cTRE PECORE VIZIOSE\u201d CON I CORSISTI DELL\u2019UTE<\/span><\/span><\/a> <span style=\"FONT-FAMILY: verdana,geneva\"><span style=\"FONT-SIZE: 10pt\">Nella sala teatro della Scuola Media \u201cRaffaele Resta\u201d di Turi, nel pomeriggio di ieri 25 giugno, l\u2019UTE ha portato in scena l\u2019esilarante commedia \u201cTre Pecore Viziose\u201d.<\/span><\/span><\/p>\n<p><span style=\"FONT-FAMILY: verdana,geneva\"><span style=\"FONT-SIZE: 10pt\"><a target=\"_blank\" href=\"cultura\/1532-la-regia-dellanima-in-scena.html?phpMyAdmin=249be9a92230f4edfb2945ad723064de\" rel=\"noopener\">LA REGIA DELL\u2019ANIMA \u2026 IN SCENA &#8230; ALL&#8217;ITC<\/a> <\/span><\/span><span style=\"FONT-SIZE: 10pt\"><span style=\"FONT-FAMILY: verdana,geneva\">In un cocktail di luci, suoni, voci e danza, si \u00e8 esibita ieri sera, presso l\u2019ITC \u201cSandro Pertini\u201d di Turi, l\u2019Accademia \u201cChi \u00e8 di scena!?\u201d del maestro Ferdinando Redavid.<\/span><\/span><\/p>\n<p><span style=\"FONT-SIZE: 10pt\"><span style=\"FONT-FAMILY: verdana,geneva\"><a target=\"_blank\" href=\"politica\/1533-il-pip-e-la-speranza-dei-giovani.html?phpMyAdmin=249be9a92230f4edfb2945ad723064de\" rel=\"noopener\">IL PIP E LA SPERANZA DEI GIOVANI<\/a> <\/span><\/span><span style=\"FONT-FAMILY: verdana,geneva\"><span style=\"FONT-SIZE: 10pt\">Sono trascorsi circa 40 mesi da quel lontano marzo 2007 quando 24 imprese comunicarono al Comune la volont\u00e0 di insediarsi nel realizzando PIP mediante l\u2019occupazione, con proprie strutture produttive, di 16 dei 18 ettari disponibili.<\/span><\/span><\/p>\n<p><span style=\"FONT-FAMILY: verdana,geneva\"><span style=\"FONT-SIZE: 10pt\"> <\/span><\/span><\/p>\n<p><span style=\"FONT-FAMILY: verdana,geneva\"><span style=\"FONT-SIZE: 10pt\"><strong>Domenica 27:<\/strong><\/span><\/span><\/p>\n<p><a target=\"_blank\" href=\"cultura\/1534-e-petruzzi-ha-risposto-per-le-rime-a-mezzapesa.html?phpMyAdmin=249be9a92230f4edfb2945ad723064de\" rel=\"noopener\"><span style=\"font-size: 10pt;\"><span style=\"font-family: verdana,geneva;\">E PETRUZZI HA RISPOSTO PER LE RIME A MEZZAPESA<\/span><\/span><\/a> <span style=\"FONT-FAMILY: verdana,geneva\"><span style=\"FONT-SIZE: 10pt\">Il presidente dell\u2019 associazione \u2018Turi in\u2026 evidenza\u2019, <strong>Vincenzo Petruzzi<\/strong>, \u2018attaccato\u2019 sul nostro sito, anche se in maniera soft dal presidente della Pro loco, Giuseppe Mezzapesa, non ha fatto trascorrere molto tempo per la sua \u00a0risposta.<\/span><\/span><\/p>\n","protected":false},"excerpt":{"rendered":"<p><img loading=\"lazy\" decoding=\"async\" class=\" size-full wp-image-2072\" src=\"https:\/\/archivioturi.lavocedelpaese.info\/wp-content\/uploads\/2010\/05\/collage_4.jpg\" alt=\"collage_4\" width=\"320\" height=\"150\" srcset=\"https:\/\/archivioturi.lavocedelpaese.info\/wp-content\/uploads\/2010\/05\/collage_4.jpg 640w, https:\/\/archivioturi.lavocedelpaese.info\/wp-content\/uploads\/2010\/05\/collage_4-300x141.jpg 300w\" sizes=\"auto, (max-width: 320px) 100vw, 320px\" \/><\/p>\n","protected":false},"author":1,"featured_media":2072,"comment_status":"open","ping_status":"closed","sticky":false,"template":"","format":"standard","meta":{"colormag_page_container_layout":"default_layout","colormag_page_sidebar_layout":"default_layout","footnotes":""},"categories":[9],"tags":[],"class_list":["post-2358","post","type-post","status-publish","format-standard","has-post-thumbnail","hentry","category-la-voce-del-paese"],"_links":{"self":[{"href":"https:\/\/archivioturi.lavocedelpaese.info\/index.php\/wp-json\/wp\/v2\/posts\/2358","targetHints":{"allow":["GET"]}}],"collection":[{"href":"https:\/\/archivioturi.lavocedelpaese.info\/index.php\/wp-json\/wp\/v2\/posts"}],"about":[{"href":"https:\/\/archivioturi.lavocedelpaese.info\/index.php\/wp-json\/wp\/v2\/types\/post"}],"author":[{"embeddable":true,"href":"https:\/\/archivioturi.lavocedelpaese.info\/index.php\/wp-json\/wp\/v2\/users\/1"}],"replies":[{"embeddable":true,"href":"https:\/\/archivioturi.lavocedelpaese.info\/index.php\/wp-json\/wp\/v2\/comments?post=2358"}],"version-history":[{"count":0,"href":"https:\/\/archivioturi.lavocedelpaese.info\/index.php\/wp-json\/wp\/v2\/posts\/2358\/revisions"}],"wp:featuredmedia":[{"embeddable":true,"href":"https:\/\/archivioturi.lavocedelpaese.info\/index.php\/wp-json\/wp\/v2\/media\/2072"}],"wp:attachment":[{"href":"https:\/\/archivioturi.lavocedelpaese.info\/index.php\/wp-json\/wp\/v2\/media?parent=2358"}],"wp:term":[{"taxonomy":"category","embeddable":true,"href":"https:\/\/archivioturi.lavocedelpaese.info\/index.php\/wp-json\/wp\/v2\/categories?post=2358"},{"taxonomy":"post_tag","embeddable":true,"href":"https:\/\/archivioturi.lavocedelpaese.info\/index.php\/wp-json\/wp\/v2\/tags?post=2358"}],"curies":[{"name":"wp","href":"https:\/\/api.w.org\/{rel}","templated":true}]}}