{"id":235,"date":"2009-08-20T08:01:03","date_gmt":"2009-08-20T08:01:03","guid":{"rendered":"https:\/\/archivioturi.lavocedelpaese.info\/index.php\/2009\/08\/20\/passato-e-presente-la-storia-di-santoronzo\/"},"modified":"2009-08-20T08:01:03","modified_gmt":"2009-08-20T08:01:03","slug":"passato-e-presente-la-storia-di-santoronzo","status":"publish","type":"post","link":"https:\/\/archivioturi.lavocedelpaese.info\/index.php\/2009\/08\/20\/passato-e-presente-la-storia-di-santoronzo\/","title":{"rendered":"PASSATO E  PRESENTE: LA STORIA DI SANT\u2019ORONZO"},"content":{"rendered":"<p><img loading=\"lazy\" decoding=\"async\" class=\" size-full wp-image-232\" alt=\"turiba_grotta-di-santoro\" src=\"https:\/\/archivioturi.lavocedelpaese.info\/wp-content\/uploads\/2009\/08\/turiba_grotta-di-santoro.jpg\" height=\"156\" width=\"320\" srcset=\"https:\/\/archivioturi.lavocedelpaese.info\/wp-content\/uploads\/2009\/08\/turiba_grotta-di-santoro.jpg 410w, https:\/\/archivioturi.lavocedelpaese.info\/wp-content\/uploads\/2009\/08\/turiba_grotta-di-santoro-300x146.jpg 300w\" sizes=\"auto, (max-width: 320px) 100vw, 320px\" \/> <\/p>\n<p>\u00a0<\/p>\n<p style=\"text-align: right;\">\u201cPaolo si dedic\u00f2 tutto alla predicazione, affermando davanti ai Giudei che Ges\u00f9 era il Cristo. Ma poich\u00e9 essi gli si opponevano\u2026 disse: \u201c\u2026da ora in poi io andr\u00f2 dai pagani\u201d. E andatosene di l\u00e0, entr\u00f2 nella casa di un tale chiamato Tizio Giusto, che onorava Dio\u2026\u201d<\/p>\n<p style=\"text-align: right;\"><em>Atti degli Apostoli, 18, 5-7<\/em><\/p>\n<p style=\"text-align: justify;\"><strong>Sant\u2019Oronzo. La fede che fa risorgere.<\/strong><\/p>\n<div style=\"text-align: justify;\"><\/div>\n<p style=\"text-align: justify;\">Le\u00a0 prime notizie che riguardano le vicende di Oronzo risalgono ad <strong>un\u2019antica pergamena del secolo XII<\/strong>, oggi scomparsa. Ci affidiamo alla leggenda, a una tradizione tramandata da secoli immemorabili che, a partire dagli Atti degli Apostoli, si snoda nel passato, lambisce le nostre coste e la citt\u00e0 di Turi, per rimanerne saldamente legata, fino ai nostri giorni.<\/p>\n<div style=\"text-align: justify;\"><\/div>\n<p style=\"text-align: justify;\"><strong>La leggenda vuole che un giorno san Paolo<\/strong>, l\u2019Apostolo delle genti,\u00a0 consegnasse una sua Lettera a Tizio Giusto di Corinto, affinch\u00e9 la recapitasse a Roma. Mentre era in viaggio, Giusto naufrag\u00f2 presso l\u2019attuale spiaggia di san Cataldo,\u00a0e qui incontr\u00f2 Publio, giovane leccese di una nobile famiglia pagana, mentre era a caccia insieme a suo nipote Fortunato.<\/p>\n<div style=\"text-align: justify;\"><\/div>\n<p style=\"text-align: justify;\">Ospite da Publio, <strong>fu Giusto a raccontargli per la prima volta di Ges\u00f9<\/strong>. Publio ne fu talmente affascinato da abbracciare la fede cristiana con grande ardore, completamente. Domand\u00f2 di essere battezzato, e volle cambiare il suo nome in Oronzo, che rimanda all\u2019etimologia di \u201crisorto\u201d. La sua vita era cambiata per sempre.<\/p>\n<div style=\"text-align: justify;\"><\/div>\n<p style=\"text-align: justify;\">Giusto prosegu\u00ec per Roma. Al ritorno a Lecce, Oronzo lo preg\u00f2 di condurlo a Corinto, da Paolo. <strong>A quel giovane leccese, <\/strong>Paolo raccont\u00f2 dell\u2019amore di Ges\u00f9, di come anch\u2019egli fosse \u201crisorto\u201d, di ci\u00f2 che aveva visto sulla via di Damasco. Gli impose le mani, <strong>consacrandolo primo Vescovo della Iapigia<\/strong>, la Puglia di oggi.<\/p>\n<div style=\"text-align: justify;\"><\/div>\n<p style=\"text-align: justify;\"><strong><br \/> <\/strong>Sant\u2019Oronzo torn\u00f2 dunque nella sua terra, per predicare Cristo, e in molti si convertirono. Ma erano gli anni delle persecuzioni di Nerone. Essere cristiani all\u2019epoca era una condanna a morte. Lasciarono Lecce, rifugiandosi prima a Ostuni, poi a Turi.<\/p>\n<p style=\"text-align: center;\"><img loading=\"lazy\" decoding=\"async\" class=\" size-full wp-image-233\" alt=\"IMG_0433\" src=\"https:\/\/archivioturi.lavocedelpaese.info\/wp-content\/uploads\/2009\/08\/IMG_0433.jpg\" height=\"427\" width=\"640\" srcset=\"https:\/\/archivioturi.lavocedelpaese.info\/wp-content\/uploads\/2009\/08\/IMG_0433.jpg 640w, https:\/\/archivioturi.lavocedelpaese.info\/wp-content\/uploads\/2009\/08\/IMG_0433-300x200.jpg 300w\" sizes=\"auto, (max-width: 640px) 100vw, 640px\" \/><\/p>\n<div style=\"text-align: justify;\"><\/div>\n<p style=\"text-align: justify;\">Qui\u00a0 a Turi, nella \u201cgrotta\u201d che poi ha assunto il suo nome, <strong>Oronzo predicava il Vangelo,<\/strong> battezzava, celebrava l\u2019Eucarestia assieme ai nostri antenati. Perseguitato, lasci\u00f2 Turi per recarsi a Potenza, a Taranto, infine ritorn\u00f2 a Lecce, dove consacr\u00f2 a Maria Madre di Dio la prima chiesa. \u00a0Fu imprigionato e, dopo undici giorni di carcere, fu decapitato, rendendo testimonianza a Dio col sacrificio della vita. <strong>Era l\u2019alba del 26 agosto 68. <\/strong><\/p>\n<div style=\"text-align: justify;\"><\/div>\n<p style=\"text-align: justify;\">I secoli trascorsero, ma non cancellarono la memoria che del Santo aveva la comunit\u00e0 turese. L\u2019ingresso della grotta, per\u00f2, rest\u00f2 sepolto dalla campagna e dal tempo.<\/p>\n<div style=\"text-align: justify;\"><\/div>\n<p style=\"text-align: justify;\"><strong>Durante la pestilenza degli anni 1656-1658<\/strong>, sant\u2019Oronzo apparve ad una ragazza, le assicur\u00f2 che l\u2019epidemia sarebbe presto terminata, e le svel\u00f2 l\u2019ingresso della grotta. L\u00ec furono rinvenuti i segni della sua presenza nell\u2019et\u00e0 apostolica: due ampolle, un panno, simbolo che l\u00ec sotto, nell\u2019umidit\u00e0 della roccia, 1500 anni prima qualcuno aveva celebrato l\u2019Eucarestia.<\/p>\n<div style=\"text-align: justify;\"><\/div>\n<p style=\"text-align: justify;\">In seguito al terremoto del 1731, <strong>sant\u2019Oronzo fu proclamato Protettore di Turi<\/strong> e Patrono \u201cmeno principale\u201d, perch\u00e9 il Patrono, da tempo immemorabile, era san Giovanni Battista.<\/p>\n<div style=\"text-align: justify;\"><\/div>\n<p style=\"text-align: justify;\">Il 22 giugno 1819 Papa Pio VII concesse al clero turese la facolt\u00e0 di celebrare il 26 agosto di ogni anno la messa e l\u2019ufficio divino propri di Sant\u2019Oronzo, vescovo e martire.<\/p>\n<div style=\"text-align: justify;\"><\/div>\n<p style=\"text-align: justify;\">Nel 1851 i turesi vollero onorare il loro protettore costruendo un carro trionfale.<\/p>\n<div style=\"text-align: justify;\"><\/div>\n<p style=\"text-align: justify;\">Oggi la devozione per il Santo si articola in quattro momenti particolari.<\/p>\n<div style=\"text-align: justify;\"><\/div>\n<p style=\"text-align: justify;\"><strong>La Sacra Undena<\/strong>, in ricordo degli undici giorni di prigionia che Oronzo affront\u00f2 prima del martirio, consta di undici celebrazioni, alle ore 19 in chiesa Madre, a partire dalla sera del 15 agosto.<\/p>\n<div style=\"text-align: justify;\"><\/div>\n<p style=\"text-align: justify;\"><strong>La mattina del 26 agosto, all\u2019alba<\/strong>, si ricorda presso la grotta il martirio del\u00a0 Santo.<\/p>\n<p style=\"text-align: justify;\">\u00a0<\/p>\n<p style=\"text-align: center;\"><img loading=\"lazy\" decoding=\"async\" class=\" size-full wp-image-234\" alt=\"IMG_0828\" src=\"https:\/\/archivioturi.lavocedelpaese.info\/wp-content\/uploads\/2009\/08\/IMG_0828.jpg\" height=\"427\" width=\"640\" srcset=\"https:\/\/archivioturi.lavocedelpaese.info\/wp-content\/uploads\/2009\/08\/IMG_0828.jpg 640w, https:\/\/archivioturi.lavocedelpaese.info\/wp-content\/uploads\/2009\/08\/IMG_0828-300x200.jpg 300w\" sizes=\"auto, (max-width: 640px) 100vw, 640px\" \/><\/p>\n<div style=\"text-align: justify;\"><\/div>\n<p style=\"text-align: justify;\">Pi\u00f9 tardi, alle ore 10, in chiesa Madre, <strong>la celebrazione dell\u2019ufficio divino proprio di Sant\u2019Oronzo<\/strong>, a cui segue la processione della statua del santo lungo le vie della citt\u00e0.<\/p>\n<div style=\"text-align: justify;\"><\/div>\n<p style=\"text-align: justify;\">Infine, intorno alle ore 22,30, <strong>l\u2019accoglienza di Oronzo, trionfale<\/strong>, nella piazza del paese. Il carro trionfale attuale, il quarto in ordine di tempo, trainato da sei mule, in partenza dalla grotta dove il santo trov\u00f2 \u00a0rifugio, attraversa il paese per fermarsi nella piazza del Comune, ad un passo dal campanile della chiesa Madre.<\/p>\n<div style=\"text-align: justify;\"><\/div>\n<p style=\"text-align: justify;\">Cos\u00ec la comunit\u00e0 turese condivide con il suo protettore la prigionia, il martirio, la morte,<strong> risorgendo con lui<\/strong>, in un clima di festosa gioia.<\/p>\n<div style=\"text-align: justify;\"><\/div>\n<p style=\"text-align: justify;\">L\u2019arcipretura di Turi ha iniziato il percorso per chiedere che sant\u2019Oronzo possa diventare <strong>al pi\u00f9 presto Patrono principale<\/strong> assieme a San Giovanni Battista.<\/p>\n<p style=\"text-align: justify;\">Tuttavia notiamo che il libello del Programma delle manifestazioni regligiose, civili e musicali, realizzato come ogni anno dal Comitato Feste Patronali anticipa i tempi, riportando la dicitura: Solenni festeggiamenti in onore del Patrono. Sar\u00e0 forse per il prossimo anno. Buona festa a tutti!<\/p>\n<p style=\"text-align: center;\"><img decoding=\"async\" src=\"archivio\/images\/stories\/IMG_0414.JPG\" alt=\"Sant'Oronzo 2088\" title=\"Sant'Oronzo 2008\" \/><\/p>\n<p style=\"text-align: center;\"><img decoding=\"async\" src=\"archivio\/images\/stories\/IMG_0751.JPG\" alt=\"Sant'Oronzo 2088\" title=\"Sant'Oronzo 2008\" \/><\/p>\n<p style=\"text-align: center;\"><img decoding=\"async\" src=\"archivio\/images\/stories\/IMG_0850.JPG\" alt=\"Sant'Oronzo 2088\" title=\"Sant'Oronzo 2008\" \/><\/p>\n<p style=\"text-align: center;\"><img decoding=\"async\" src=\"archivio\/images\/stories\/IMG_0934.JPG\" alt=\"Sant'Oronzo 2088\" title=\"Sant'Oronzo 2008\" \/><\/p>\n<p style=\"text-align: center;\"><img decoding=\"async\" src=\"archivio\/images\/stories\/IMG_0957.JPG\" alt=\"Sant'Oronzo 2088\" title=\"Sant'Oronzo 2008\" \/><\/p>\n","protected":false},"excerpt":{"rendered":"<p><img loading=\"lazy\" decoding=\"async\" class=\" size-full wp-image-232\" alt=\"turiba_grotta-di-santoro\" src=\"https:\/\/archivioturi.lavocedelpaese.info\/wp-content\/uploads\/2009\/08\/turiba_grotta-di-santoro.jpg\" height=\"156\" width=\"320\" srcset=\"https:\/\/archivioturi.lavocedelpaese.info\/wp-content\/uploads\/2009\/08\/turiba_grotta-di-santoro.jpg 410w, https:\/\/archivioturi.lavocedelpaese.info\/wp-content\/uploads\/2009\/08\/turiba_grotta-di-santoro-300x146.jpg 300w\" sizes=\"auto, (max-width: 320px) 100vw, 320px\" \/> <\/p>\n","protected":false},"author":1,"featured_media":232,"comment_status":"open","ping_status":"closed","sticky":false,"template":"","format":"standard","meta":{"colormag_page_container_layout":"default_layout","colormag_page_sidebar_layout":"default_layout","footnotes":""},"categories":[6],"tags":[],"class_list":["post-235","post","type-post","status-publish","format-standard","has-post-thumbnail","hentry","category-cultura"],"_links":{"self":[{"href":"https:\/\/archivioturi.lavocedelpaese.info\/index.php\/wp-json\/wp\/v2\/posts\/235","targetHints":{"allow":["GET"]}}],"collection":[{"href":"https:\/\/archivioturi.lavocedelpaese.info\/index.php\/wp-json\/wp\/v2\/posts"}],"about":[{"href":"https:\/\/archivioturi.lavocedelpaese.info\/index.php\/wp-json\/wp\/v2\/types\/post"}],"author":[{"embeddable":true,"href":"https:\/\/archivioturi.lavocedelpaese.info\/index.php\/wp-json\/wp\/v2\/users\/1"}],"replies":[{"embeddable":true,"href":"https:\/\/archivioturi.lavocedelpaese.info\/index.php\/wp-json\/wp\/v2\/comments?post=235"}],"version-history":[{"count":0,"href":"https:\/\/archivioturi.lavocedelpaese.info\/index.php\/wp-json\/wp\/v2\/posts\/235\/revisions"}],"wp:featuredmedia":[{"embeddable":true,"href":"https:\/\/archivioturi.lavocedelpaese.info\/index.php\/wp-json\/wp\/v2\/media\/232"}],"wp:attachment":[{"href":"https:\/\/archivioturi.lavocedelpaese.info\/index.php\/wp-json\/wp\/v2\/media?parent=235"}],"wp:term":[{"taxonomy":"category","embeddable":true,"href":"https:\/\/archivioturi.lavocedelpaese.info\/index.php\/wp-json\/wp\/v2\/categories?post=235"},{"taxonomy":"post_tag","embeddable":true,"href":"https:\/\/archivioturi.lavocedelpaese.info\/index.php\/wp-json\/wp\/v2\/tags?post=235"}],"curies":[{"name":"wp","href":"https:\/\/api.w.org\/{rel}","templated":true}]}}