{"id":2321,"date":"2010-06-17T15:09:22","date_gmt":"2010-06-17T15:09:22","guid":{"rendered":"https:\/\/archivioturi.lavocedelpaese.info\/index.php\/2010\/06\/17\/san-luigi-e-la-grandine-storie-dal-passato\/"},"modified":"2010-06-17T15:09:22","modified_gmt":"2010-06-17T15:09:22","slug":"san-luigi-e-la-grandine-storie-dal-passato","status":"publish","type":"post","link":"https:\/\/archivioturi.lavocedelpaese.info\/index.php\/2010\/06\/17\/san-luigi-e-la-grandine-storie-dal-passato\/","title":{"rendered":"SAN LUIGI E LA GRANDINE, STORIE DAL PASSATO"},"content":{"rendered":"<p><img loading=\"lazy\" decoding=\"async\" class=\" size-full wp-image-2320\" alt=\"San_Luigi_Gonzaga\" src=\"https:\/\/archivioturi.lavocedelpaese.info\/wp-content\/uploads\/2010\/06\/San_Luigi_Gonzaga.jpg\" width=\"320\" height=\"150\" srcset=\"https:\/\/archivioturi.lavocedelpaese.info\/wp-content\/uploads\/2010\/06\/San_Luigi_Gonzaga.jpg 640w, https:\/\/archivioturi.lavocedelpaese.info\/wp-content\/uploads\/2010\/06\/San_Luigi_Gonzaga-300x141.jpg 300w\" sizes=\"auto, (max-width: 320px) 100vw, 320px\" \/><\/p>\n<p><span style=\"font-size: 10pt;\"><span style=\"font-family: verdana,geneva;\"><strong>C&#8217;era  una volta<\/strong> a Turi, il 21 giugno di ogni anno, la processione di <strong>San Luigi.<\/strong><br \/><span style=\"line-height: 14px;\"><\/p>\n<p style=\"margin-top: 10px; margin-bottom: 15px;\" align=\"justify\">Da tempo immemorabile, a Turi  vi era una fervente devozione nei confronti di San Luigi, patrono dei  giovani. Il 21 giugno di ogni anno vi era un processione solenne, e la  statua del santo veniva portata a spalla per le vie del nostro paese.\u00a0  Per  il resto dell\u2019anno,\u00a0 era ospitata in una delle cappelle laterali della  chiesa Madre.\u00a0<\/p>\n<p>Ma questo accadeva tanto tempo fa \u2026\u00a0<\/p>\n<p><strong>Un  21 giugno<\/strong> di tanti anni fa, agli inizi degli anni Trenta, ci  fu una violenta grandinata, tra le peggiori che le generazioni contadine  potessero ricordare, una gradinata che distrusse i campi di grano,  oltre a danneggiare gli alberi delle ciliegie (a quei tempi, senza  alcun &#8220;anticipo&#8221; climatico o chimico, \u00a0in questi giorni si era nel pieno  della raccolta).<\/p>\n<p><strong>Ci\u00f2 fu giudicato imperdonabile<\/strong> da  parte del Santo, a cui era dedicata una cos\u00ec sentita devozione. Come  poteva San Luigi aver permesso una cosa simile? Fu cos\u00ec che la comunit\u00e0  turese decise, a furor di popolo, che San Luigi non meritava alcuna  devozione e che non sarebbe stato portato in processione mai pi\u00f9, e cos\u00ec  \u00e8 stato fino ai giorni nostri!<\/p>\n<p>La statua \u00e8  rimasta nella Chiesa Madre per anni, dimenticata da tutti, e i particolari  di questa storia si sono in parte persi nella trama della memoria.\u00a0\u00a0<\/p>\n<p>Oggi,  la statua di san Luigi non \u00e8 pi\u00f9 esposta alla devozione della  cittadinanza. Non sappiamo se sia stata conservata da qualche parte o  se si sia deteriorata col passare degli anni.\u00a0<\/p>\n<p><strong>Ma ancora  oggi<\/strong> c&#8217;\u00e8 chi, bambino all\u2019epoca dei fatti, <strong>ricorda<\/strong> questa vicenda, e, per chiudere in maniera bonaria amichevoli  discussioni con parenti\u00a0 o amici\u00a0 che portano il nome di Luigi, non  esita a rivangare il passato: &#8220;<em>St\u00e0tte cj\u00ectte t\u00f9je! Che &#8216;na v\u00f2lta  t&#8217;ass\u00e8rene e gran&#8217;n\u00ecsti<\/em>!&#8221; (Stai zitto tu \u2026 dato che una volta ti  portarono in processione \u2026 e facesti grandinare!)<\/p>\n<p style=\"margin-top: 10px; margin-bottom: 15px;\" align=\"justify\"><strong>CHI  ERA SAN LUIGI<br \/><\/strong><br \/>San Luigi Gonzaga viene ricordato il 21  giugno, nel giorno della sua morte, avvenuta nel 1591.\u00a0 Figlio del duca  di Mantova, a 10 anni aveva chiaro\u00a0 in mente come sarebbe stata la sua  vita:\u00a0 avrebbe seguito Cristo. A 12 anni ricevette la prima comunione da  san Carlo Borromeo;\u00a0 rinunci\u00f2 all\u2019eredit\u00e0 paterna, condusse una vita  semplice, a servizio degli ultimi. Mor\u00ec 23enne durante l\u2019epidemia di  peste, contagiato mentre trasportava sulle spalle un moribondo.<\/p>\n<p><\/span><\/span><\/span><\/p>\n","protected":false},"excerpt":{"rendered":"<p><img loading=\"lazy\" decoding=\"async\" class=\" size-full wp-image-2320\" alt=\"San_Luigi_Gonzaga\" src=\"https:\/\/archivioturi.lavocedelpaese.info\/wp-content\/uploads\/2010\/06\/San_Luigi_Gonzaga.jpg\" width=\"320\" height=\"150\" srcset=\"https:\/\/archivioturi.lavocedelpaese.info\/wp-content\/uploads\/2010\/06\/San_Luigi_Gonzaga.jpg 640w, https:\/\/archivioturi.lavocedelpaese.info\/wp-content\/uploads\/2010\/06\/San_Luigi_Gonzaga-300x141.jpg 300w\" sizes=\"auto, (max-width: 320px) 100vw, 320px\" \/><\/p>\n","protected":false},"author":1,"featured_media":2320,"comment_status":"open","ping_status":"closed","sticky":false,"template":"","format":"standard","meta":{"colormag_page_container_layout":"default_layout","colormag_page_sidebar_layout":"default_layout","footnotes":""},"categories":[6],"tags":[],"class_list":["post-2321","post","type-post","status-publish","format-standard","has-post-thumbnail","hentry","category-cultura"],"_links":{"self":[{"href":"https:\/\/archivioturi.lavocedelpaese.info\/index.php\/wp-json\/wp\/v2\/posts\/2321","targetHints":{"allow":["GET"]}}],"collection":[{"href":"https:\/\/archivioturi.lavocedelpaese.info\/index.php\/wp-json\/wp\/v2\/posts"}],"about":[{"href":"https:\/\/archivioturi.lavocedelpaese.info\/index.php\/wp-json\/wp\/v2\/types\/post"}],"author":[{"embeddable":true,"href":"https:\/\/archivioturi.lavocedelpaese.info\/index.php\/wp-json\/wp\/v2\/users\/1"}],"replies":[{"embeddable":true,"href":"https:\/\/archivioturi.lavocedelpaese.info\/index.php\/wp-json\/wp\/v2\/comments?post=2321"}],"version-history":[{"count":0,"href":"https:\/\/archivioturi.lavocedelpaese.info\/index.php\/wp-json\/wp\/v2\/posts\/2321\/revisions"}],"wp:featuredmedia":[{"embeddable":true,"href":"https:\/\/archivioturi.lavocedelpaese.info\/index.php\/wp-json\/wp\/v2\/media\/2320"}],"wp:attachment":[{"href":"https:\/\/archivioturi.lavocedelpaese.info\/index.php\/wp-json\/wp\/v2\/media?parent=2321"}],"wp:term":[{"taxonomy":"category","embeddable":true,"href":"https:\/\/archivioturi.lavocedelpaese.info\/index.php\/wp-json\/wp\/v2\/categories?post=2321"},{"taxonomy":"post_tag","embeddable":true,"href":"https:\/\/archivioturi.lavocedelpaese.info\/index.php\/wp-json\/wp\/v2\/tags?post=2321"}],"curies":[{"name":"wp","href":"https:\/\/api.w.org\/{rel}","templated":true}]}}