{"id":2319,"date":"2010-06-17T11:48:43","date_gmt":"2010-06-17T11:48:43","guid":{"rendered":"https:\/\/archivioturi.lavocedelpaese.info\/index.php\/2010\/06\/17\/petrera-qvada-a-casaq-e-il-sindaco-apre-a-sinistra\/"},"modified":"2010-06-17T11:48:43","modified_gmt":"2010-06-17T11:48:43","slug":"petrera-qvada-a-casaq-e-il-sindaco-apre-a-sinistra","status":"publish","type":"post","link":"https:\/\/archivioturi.lavocedelpaese.info\/index.php\/2010\/06\/17\/petrera-qvada-a-casaq-e-il-sindaco-apre-a-sinistra\/","title":{"rendered":"PETRERA: &#8220;VADA A CASA&#8221;. E IL SINDACO APRE A SINISTRA"},"content":{"rendered":"<p style=\"text-align: justify;\"><img loading=\"lazy\" decoding=\"async\" class=\" size-full wp-image-2316\" src=\"https:\/\/archivioturi.lavocedelpaese.info\/wp-content\/uploads\/2010\/06\/gigantelli_apre_alla_minoranza.jpg\" alt=\"gigantelli_apre_alla_minoranza\" width=\"320\" height=\"150\" srcset=\"https:\/\/archivioturi.lavocedelpaese.info\/wp-content\/uploads\/2010\/06\/gigantelli_apre_alla_minoranza.jpg 640w, https:\/\/archivioturi.lavocedelpaese.info\/wp-content\/uploads\/2010\/06\/gigantelli_apre_alla_minoranza-300x141.jpg 300w\" sizes=\"auto, (max-width: 320px) 100vw, 320px\" \/><\/p>\n<p style=\"text-align: justify;\"><span style=\"font-size: 10pt;\"><span style=\"font-family: verdana,geneva;\">Ecco cosa \u00e8 avvenuto nel dettaglio durante il consiglio tenutosi il 16 giugno; riportiamo tutti gli interventi dei consiglieri.<br \/><\/span><\/span><\/p>\n<p style=\"text-align: justify;\"><span style=\"font-size: 10pt;\"><span style=\"font-family: verdana,geneva;\">Prima ancora che il dott. Gigantelli riuscisse a prendere la parola per introdurre l\u2019unico punto all\u2019ordine del giorno, \u00e8 voluto intervenire il consigliere Petrera, che non gliele ha mandate a dire. Qualche frase fortissima e poi si \u00e8 riseduto: \u201c<strong>Lei non ha i numeri per il Consiglio. Sindaco si deve rendere conto che \u00e8 rimasto con sette componenti della maggioranza. Prenda il coraggio di dimettersi e andarsene. Oggi sta avvenendo il fallimento della sua amministrazione. Vada a casa\u201d. <\/strong><\/span><\/span><\/p>\n<div style=\"text-align: justify;\"><\/div>\n<div style=\"text-align: justify;\"><\/div>\n<p style=\"text-align: justify;\"><span style=\"font-size: 10pt;\"><span style=\"font-family: verdana,geneva;\"><strong>Gigantelli<\/strong>, con calma olimpica, non ha potuto far altro che rispondere data l\u2019oggettiva particolare situazione:<\/span><\/span><\/p>\n<div style=\"text-align: justify;\"><\/div>\n<p style=\"text-align: justify;\"><span style=\"font-size: 10pt;\"><span style=\"font-family: verdana,geneva;\">\u201cPrendo atto che non c\u2019\u00e8 la presenza di molti componenti della maggioranza, ma che c\u2019\u00e8 un numero di consiglieri idonei a svolgere la seduta. La non presenza di alcuni consiglieri di maggioranza \u00e8 stata anticipata circa quaranta minuti fa dagli organi di stampa (articolo di Antonio Gasparro pubblicato alle ore 17.18 su Turiweb il 16 giugno, ndr) e ne prendo atto. Di solito l\u2019assenza viene giustificata. Oggi invece devo interpretare questa assenza come dissenso manifesto nei miei confronti. E questo \u00e8 un atto rivolto alla mia persona. Non posso farci nulla. Tuttavia gli argomenti possono essere discussi perch\u00e9 i numeri ci sono e <strong>l\u2019assenza di qualcuno non impedisce al Consiglio di fare il proprio dovere.<\/strong>\u201d<\/span><\/span><\/p>\n<div style=\"text-align: justify;\"><\/div>\n<p style=\"text-align: justify;\"><span style=\"font-size: 10pt;\"><span style=\"font-family: verdana,geneva;\">Tuttavia, ha ricordato anche che l\u2019assise ha la possibilit\u00e0 di sfiduciare il sindaco se si dimettono undici consiglieri o sfiduciando il sindaco per votazione. \u201cNon \u00e8 stata intrapresa nessuna di queste due possibilit\u00e0. Quindi io onoro il patto con i cittadini e porto innanzi il programma. Il PIST \u00e8 stato votato all\u2019unanimit\u00e0 negli altri tre comuni interessati &#8211; Sammichele, Gioia del Colle e Casamassima\u201d. Con queste parole ha astutamente lasciato nelle mani dei consiglieri di minoranza le redini della situazione che di l\u00ec a poco avrebbe potuto crearsi. <br \/><\/span><\/span><\/p>\n<div style=\"text-align: justify;\"><\/div>\n<p style=\"text-align: justify;\"><span style=\"font-size: 10pt;\"><span style=\"font-family: verdana,geneva;\"><strong>Resta<\/strong>: \u201dE&#8217; una situazione che mette a disagio anche me della minoranza. <strong>La difficolt\u00e0 politica dell\u2019amministrazione \u00e8 palese e negarlo sarebbe un atto di immaturit\u00e0<\/strong>. Sindaco lei non pu\u00f2 semplicemente sperare nella nostra presenza per portare al voto un punto all\u2019ordine del giorno importantissimo, ma deve prendere atto che con sette componenti che possono votare a favore, questa maggioranza vive un profondo disagio interno. E tale disagio si ha anche in commissione con l\u2019assenza o il voto contrario di alcuni componenti di maggioranza. Le commissioni ormai vanno avanti grazie alla minoranza. La responsabilit\u00e0 di tenere un consiglio e votare dei provvedimenti non \u00e8 della minoranza ma di chi \u00e8 stato votato per governare e che ora non ha pi\u00f9 i numeri. E poi, i rapporti con la minoranza devono avere anche una base di confronto dialettico corretto affinch\u00e8 la minoranza sia coinvolta di pi\u00f9. Parlare oggi di finanziamenti importanti senza la sua maggioranza non si pu\u00f2 fare\u201d.<\/span><\/span><\/p>\n<div style=\"text-align: justify;\"><\/div>\n<p style=\"text-align: justify;\"><span style=\"font-size: 10pt;\"><span style=\"font-family: verdana,geneva;\"><strong>Gigantelli<\/strong>: \u201cDi questo argomento ne avevamo gi\u00e0 parlato nella conferenza dei ca<\/span><\/span><span style=\"font-size: 10pt;\"><span style=\"font-family: verdana,geneva;\">pigruppo. Ero convinto che tale argomento di cos\u00ec grande importanza avrebbe portato tutti ad essere presenti. Abbiamo poco tempo per discuterne (entro il 21 deve essere votato il provvedimento per non perdere le possibilit\u00e0 di finanziamenti, ndr). In questo momento io ho il compito di rappresentare il paese e lo faccio. Gli assenti sono ora assenti ma non lo sono stati in commissione. Questo \u00e8 un messaggio personale. Se voi credete che la cosa che io debba fare sia sottrarmi dal dibattito dovete seguire le procedure che ho precedentemente esposto. Io ho la responsabilit\u00e0 di parlare di questo argomento per il bene della cittadinanza turese. Se vogliamo dare una svolta ai problemi di questo paese allora parliamone perch\u00e9 questo sar\u00e0 lasciato in eredit\u00e0 a chi verr\u00e0 dopo.<\/span><\/span><\/p>\n<div style=\"text-align: justify;\"><\/div>\n<p style=\"text-align: justify;\"><span style=\"font-size: 10pt;\"><span style=\"font-family: verdana,geneva;\"><strong>Resta e Petrera<\/strong>: \u201cQuesto discorso va fatto alle persone assenti, non alla minoranza. Qual \u00e8 il compito della maggioranza? approvare il punto o litigare sulle deleghe e assessorati?<\/span><\/span><\/p>\n<div style=\"text-align: justify;\"><\/div>\n<p style=\"text-align: justify;\"><span style=\"font-size: 10pt;\"><span style=\"font-family: verdana,geneva;\">Ha preso la parola anche il consigliere <strong>Ventrella<\/strong> facendo notare che nell\u2019atto deliberativo in questione vi \u00e8 una\u00a0 intrinseca variazione di bilancio relativa allo studio di fattibilit\u00e0 del PIST <\/span><\/span><span style=\"font-size: 10pt;\"><span style=\"font-family: verdana,geneva;\"> <\/span><\/span><span style=\"font-size: 10pt;\"><span style=\"font-family: verdana,geneva;\">che, secondo lui, andrebbe votata separat<\/span><\/span><span style=\"font-size: 10pt;\"><span style=\"font-family: verdana,geneva;\"><img loading=\"lazy\" decoding=\"async\" class=\" alignleft size-full wp-image-2317\" src=\"https:\/\/archivioturi.lavocedelpaese.info\/wp-content\/uploads\/2010\/06\/consiglio_fase.jpg\" alt=\"consiglio_fase\" style=\"margin: 10px 10px 10px 0px; float: left;\" width=\"314\" height=\"209\" srcset=\"https:\/\/archivioturi.lavocedelpaese.info\/wp-content\/uploads\/2010\/06\/consiglio_fase.jpg 314w, https:\/\/archivioturi.lavocedelpaese.info\/wp-content\/uploads\/2010\/06\/consiglio_fase-300x200.jpg 300w\" sizes=\"auto, (max-width: 314px) 100vw, 314px\" \/><\/span><\/span><span style=\"font-size: 10pt;\"><span style=\"font-family: verdana,geneva;\">amente. Ha lamentato anche il fatto che la 1\u00b0 commissione non sia stata convocata a tal proposito, che il revisore unico abbia espresso senza interpellanze di natura politica il proprio parere favorevole e che questo cavillo burocratico avrebbe potuto far decadere il Consiglio stesso. Dopodich\u00e9 ha abbandonato l\u2019aula.<\/span><\/span><\/p>\n<div style=\"text-align: justify;\"><\/div>\n<p style=\"text-align: justify;\"><span style=\"font-size: 10pt;\"><span style=\"font-family: verdana,geneva;\"><strong>Denovellis<\/strong><\/span><\/span><span style=\"font-size: 10pt;\"><span style=\"font-family: verdana,geneva;\"> <\/span><\/span><span style=\"font-size: 10pt;\"><span style=\"font-family: verdana,geneva;\">:\u00a0 \u201cPer fare il sindaco ci vuole autorit\u00e0 e la capacit\u00e0 di imporsi. Se sono stati fatti degli accordi, ci sono cose che non vanno, queste vanno messe in chiaro. Lei non decide. Se sa che non ci sono i numeri lei doveva convocare i rappresentanti della minoranza e redigere un documento insieme alla minoranza e dichiarare sugli organi di stampa che quest<\/span><\/span><span style=\"font-size: 10pt;\"><span style=\"font-family: verdana,geneva;\">o provvedimento sarebbe passato grazie all\u2019opposizione. Ma ci\u00f2 lei non lo ha fatto. Questo che lei fa \u00e8 un atto di forza rispetto ai consiglieri a cui lei chiss\u00e0 cosa ha promesso o chiss\u00e0 perch\u00e8 non son venuti. Lei \u00e8 un pochino arrogante e non deve scaricare su di noi le responsabilit\u00e0 perch\u00e9 forse abbandoneremo l\u2019aula e non voteremo il punto. <strong>Noi da lei non siamo affatto considerati. Non c\u2019\u00e8 compartecipazione con la minoranza. Per votare questo punto doveva convocarci prima e chiedere la nostra collaborazione. Invece ora ce la vuole imporre scaricando su di noi la responsabilit\u00e0 del futuro del paese. <\/strong>Non si fa cos\u00ec la politica: si fa parlando con le persone e dicendo che io sto qua e facciamo il bene di tutti. Non le chiedo di dimettersi ma di essere pi\u00f9 umile nei nostri confronti. Ci deve assecondare\u201d.<\/span><\/span><span style=\"font-size: 10pt;\"><span style=\"font-family: verdana,geneva;\"> <\/span><\/span><\/p>\n<div style=\"text-align: justify;\"><\/div>\n<p style=\"text-align: justify;\"><span style=\"font-size: 10pt;\"><span style=\"font-family: verdana,geneva;\"><strong>Risplendente<\/strong>: \u201cQuesta \u00e8 davvero una giornata particolare per il paese. Questo \u00e8 un argomento importante. Ci stiamo giocando un pezzo di programmazione del futuro. Nonostante la riconosciuta importanza dell\u2019argomento non riesce a compattare la sua maggioranza, Sindaco. Non le dico che si deve dimettere, perch\u00e9 sarebbe gioco delle parti e un atto dovuto. Deve prendere atto che lei a destra non ha nessuno. C\u2019\u00e8 la giunta e un consigliere. Non si amministra cos\u00ec. Se ha veramente a cuore il paese e il futuro dell\u2019amministrazione, ritiri l\u2019argomento e ridiscutiamone quando e se avr\u00e0 ricompattato al maggioranza&#8221;.<\/span><\/span><\/p>\n<div style=\"text-align: justify;\"><\/div>\n<p style=\"text-align: justify;\"><span style=\"font-size: 10pt;\"><span style=\"font-family: verdana,geneva;\"><strong>Sindaco<\/strong>: \u201cLa politica richiede umilt\u00e0 e non sono attaccato a questa poltrona ma legato in maniera sincera alla funzione che ho. Perci\u00f2 sono ben lieto di fare una cosa che qualcuno non si aspetta, prendendo atto che <strong>le cose<\/strong> <strong>da oggi in poi non saranno pi\u00f9 come ieri. <\/strong>Se si richiede politicamente, oltre che dal punto di vista amministrativo, un chiarimento totale, lo far\u00f2. Quando in passato dicevo che la mia condotta non poteva essere oggetto di condizionamenti personali ma aperta a perfezionamenti mi riferivo a questo.<\/span><\/span><span style=\"font-size: 10pt;\"><span style=\"font-family: verdana,geneva;\"> <\/span><\/span><\/p>\n<div style=\"text-align: justify;\"><\/div>\n<p style=\"text-align: justify;\"><span style=\"font-size: 10pt;\"><span style=\"font-family: verdana,geneva;\">Io ne faccio due di atti di umilt\u00e0: vi dico che ora serve questo documento per ordini temporali previsti dalla Regione, di cui sapete e vi ho parlato; per secondo non volevo imporre il voto: io vi dico che se voi ritenete che io debba interrompere la seduta per poi riconvocare il consiglio perch\u00e9 volete andare via, io sono disponibile a farlo, ma se voi ritenete di dare anche agli assenti un segnale forte e autorevole del consiglio che ritiene che gli assenti hanno sempre torto e che i presenti hanno in mano il futuro della cittadina avrete la possibilit\u00e0 per farlo. Sono pronto ad ogni soluzione&#8221;.<\/span><\/span><\/p>\n<div style=\"text-align: justify;\"><\/div>\n<p style=\"text-align: justify;\"><span style=\"font-size: 10pt;\"><span style=\"font-family: verdana,geneva;\"><strong>Resta<\/strong>: &#8220;Vorrei che l\u2019amministrazione si assuma la responsabilit\u00e0 di tutto. La minoranza non ha ancora abbandonato l\u2019aula per\u00f2 la responsabilit\u00e0 di quest\u2019atto e di tutta l\u2019attivit\u00e0 amministrativa &#8211; vorrei chiarirlo &#8211; \u00e8 dell\u2019amministrazione <\/span><\/span><span style=\"font-size: 10pt;\"><span style=\"font-family: verdana,geneva;\"> <\/span><\/span><span style=\"font-size: 10pt;\"><span style=\"font-family: verdana,geneva;\">e della maggioranza.<\/span><\/span><\/p>\n<div style=\"text-align: justify;\"><\/div>\n<p style=\"text-align: justify;\"><span style=\"font-size: 10pt;\"><span style=\"font-family: verdana,geneva;\">Anche domani possiamo riunirci e siamo disposti a votare, ma come ha detto Ventrella, bisogna riconvocare il consiglio con due votazioni distinte, con la variazione di bilancio e la progettazione. Non si pu\u00f2 permettere che Turi perda questi finanziamenti per queste implosioni interne di questa amministrazione.&#8221;<\/span><\/span><\/p>\n<div style=\"text-align: justify;\"><\/div>\n<p style=\"text-align: justify;\"><span style=\"font-size: 10pt;\"><span style=\"font-family: verdana,geneva;\">Sindaco: richiede una sospensione tecnica di 10 minuti.<\/span><\/span><\/p>\n<div style=\"text-align: justify;\"><\/div>\n<p style=\"text-align: justify;\"><span style=\"font-size: 10pt;\"><span style=\"font-family: verdana,geneva;\"><strong>Petrera<\/strong>: \u201c<strong>Il sindaco si ricorda di essere umile dopo 3 anni, dopo aver combinato ci\u00f2 che ha combinato e aver cacciato tre assessori<\/strong>. Due mesi fa ha detto basta con incarichi all\u2019esterno. Ora si ripete la storia. Non ci sto a questa cosa. Se l\u2019incarico va dato all\u2019esterno io voto contro. La regione ha detto che non ci sono soldi per convenzionare questi progetti. Voi darete all\u2019esterno questi lavori\u201d.<\/span><\/span><\/p>\n<div style=\"text-align: justify;\"><\/div>\n<p style=\"text-align: justify;\"><span style=\"font-size: 10pt;\"><span style=\"font-family: verdana,geneva;\"><strong>Denovellis<\/strong>: \u201cCi dica cosa dobbiamo fare: se il consiglio \u00e8 rimandato a 24\/48 ore non ce ne andiamo\u201d.<\/span><\/span><\/p>\n<div style=\"text-align: justify;\"><\/div>\n<p style=\"text-align: justify;\"><span style=\"font-size: 10pt;\"><span style=\"font-family: verdana,geneva;\">Per una mancata risposta immediata Denovellis decide di abbandonare l&#8217;aula causa motivi personali, ma giunto alla porta viene sollecitato dal sindaco a rimanere.<\/span><\/span><\/p>\n<div style=\"text-align: justify;\"><\/div>\n<p style=\"text-align: justify;\"><span style=\"font-size: 10pt;\"><span style=\"font-family: verdana,geneva;\">Sospensione di 10 minuti.<\/span><\/span><span style=\"font-size: 10pt;\"><span style=\"font-family: verdana,geneva;\"><img loading=\"lazy\" decoding=\"async\" class=\" alignright size-full wp-image-2318\" src=\"https:\/\/archivioturi.lavocedelpaese.info\/wp-content\/uploads\/2010\/06\/consiglio_fase1.jpg\" alt=\"consiglio_fase1\" style=\"margin: 10px 0px 10px 10px; float: right;\" width=\"314\" height=\"209\" srcset=\"https:\/\/archivioturi.lavocedelpaese.info\/wp-content\/uploads\/2010\/06\/consiglio_fase1.jpg 314w, https:\/\/archivioturi.lavocedelpaese.info\/wp-content\/uploads\/2010\/06\/consiglio_fase1-300x200.jpg 300w\" sizes=\"auto, (max-width: 314px) 100vw, 314px\" \/><\/span><\/span><\/p>\n<div style=\"text-align: justify;\"><\/div>\n<p style=\"text-align: justify;\"><span style=\"font-size: 10pt;\"><span style=\"font-family: verdana,geneva;\">Al ritorno in aula mancano all\u2019appello Petrera, Denovellis e la dott.ssa Spada (subentrata durante il consiglio). Quindi per assenza di numero legale la seduta viene dichiarata deserta, bench\u00e9 si fosse appena concluso un consiglio durato pi\u00f9 di un\u2019ora e mezza.<\/span><\/span><\/p>\n<div style=\"text-align: justify;\"><\/div>\n<p style=\"text-align: justify;\"><span style=\"font-size: 10pt;\"><span style=\"font-family: verdana,geneva;\">La seduta viene aggiornata al giorno seguente (17 giugno) alle ore 18.00 con la convocazione un\u2019ora prima delle prime due commissioni in maniera congiunta.<\/span><\/span><\/p>\n<div style=\"text-align: justify;\"><\/div>\n<p style=\"text-align: justify;\"><span style=\"font-size: 10pt;\"><span style=\"font-family: verdana,geneva;\">Proprio a tal proposito ne nasce una piccola diatriba: non si \u00e8 capito se quella del 16 \u00e8 una seduta avvenuta, rinviata o annullata e se quella del 17 sar\u00e0 in prima o seconda convocazione.<\/span><\/span><\/p>\n<p style=\"text-align: justify;\"><span style=\"font-size: 10pt;\"><span style=\"font-family: verdana,geneva;\">Vi terremo aggiornati.<br \/><\/span><\/span><\/p>\n","protected":false},"excerpt":{"rendered":"<p style=\"text-align: justify;\"><img loading=\"lazy\" decoding=\"async\" class=\" size-full wp-image-2316\" src=\"https:\/\/archivioturi.lavocedelpaese.info\/wp-content\/uploads\/2010\/06\/gigantelli_apre_alla_minoranza.jpg\" alt=\"gigantelli_apre_alla_minoranza\" width=\"320\" height=\"150\" srcset=\"https:\/\/archivioturi.lavocedelpaese.info\/wp-content\/uploads\/2010\/06\/gigantelli_apre_alla_minoranza.jpg 640w, https:\/\/archivioturi.lavocedelpaese.info\/wp-content\/uploads\/2010\/06\/gigantelli_apre_alla_minoranza-300x141.jpg 300w\" sizes=\"auto, (max-width: 320px) 100vw, 320px\" \/><\/p>\n","protected":false},"author":1,"featured_media":2316,"comment_status":"open","ping_status":"closed","sticky":false,"template":"","format":"standard","meta":{"colormag_page_container_layout":"default_layout","colormag_page_sidebar_layout":"default_layout","footnotes":""},"categories":[4],"tags":[],"class_list":["post-2319","post","type-post","status-publish","format-standard","has-post-thumbnail","hentry","category-politica"],"_links":{"self":[{"href":"https:\/\/archivioturi.lavocedelpaese.info\/index.php\/wp-json\/wp\/v2\/posts\/2319","targetHints":{"allow":["GET"]}}],"collection":[{"href":"https:\/\/archivioturi.lavocedelpaese.info\/index.php\/wp-json\/wp\/v2\/posts"}],"about":[{"href":"https:\/\/archivioturi.lavocedelpaese.info\/index.php\/wp-json\/wp\/v2\/types\/post"}],"author":[{"embeddable":true,"href":"https:\/\/archivioturi.lavocedelpaese.info\/index.php\/wp-json\/wp\/v2\/users\/1"}],"replies":[{"embeddable":true,"href":"https:\/\/archivioturi.lavocedelpaese.info\/index.php\/wp-json\/wp\/v2\/comments?post=2319"}],"version-history":[{"count":0,"href":"https:\/\/archivioturi.lavocedelpaese.info\/index.php\/wp-json\/wp\/v2\/posts\/2319\/revisions"}],"wp:featuredmedia":[{"embeddable":true,"href":"https:\/\/archivioturi.lavocedelpaese.info\/index.php\/wp-json\/wp\/v2\/media\/2316"}],"wp:attachment":[{"href":"https:\/\/archivioturi.lavocedelpaese.info\/index.php\/wp-json\/wp\/v2\/media?parent=2319"}],"wp:term":[{"taxonomy":"category","embeddable":true,"href":"https:\/\/archivioturi.lavocedelpaese.info\/index.php\/wp-json\/wp\/v2\/categories?post=2319"},{"taxonomy":"post_tag","embeddable":true,"href":"https:\/\/archivioturi.lavocedelpaese.info\/index.php\/wp-json\/wp\/v2\/tags?post=2319"}],"curies":[{"name":"wp","href":"https:\/\/api.w.org\/{rel}","templated":true}]}}