{"id":2292,"date":"2010-06-14T07:30:35","date_gmt":"2010-06-14T07:30:35","guid":{"rendered":"https:\/\/archivioturi.lavocedelpaese.info\/index.php\/2010\/06\/14\/folklore-e-suoni-pugliesi-banda-dautore\/"},"modified":"2010-06-14T07:30:35","modified_gmt":"2010-06-14T07:30:35","slug":"folklore-e-suoni-pugliesi-banda-dautore","status":"publish","type":"post","link":"https:\/\/archivioturi.lavocedelpaese.info\/index.php\/2010\/06\/14\/folklore-e-suoni-pugliesi-banda-dautore\/","title":{"rendered":"FOLKLORE E SUONI PUGLIESI, BANDA D&#8217;AUTORE"},"content":{"rendered":"<p><img loading=\"lazy\" decoding=\"async\" class=\" size-full wp-image-2290\" alt=\"foto_banda_dautore\" src=\"https:\/\/archivioturi.lavocedelpaese.info\/wp-content\/uploads\/2010\/06\/foto_banda_dautore.jpg\" width=\"320\" height=\"150\" srcset=\"https:\/\/archivioturi.lavocedelpaese.info\/wp-content\/uploads\/2010\/06\/foto_banda_dautore.jpg 640w, https:\/\/archivioturi.lavocedelpaese.info\/wp-content\/uploads\/2010\/06\/foto_banda_dautore-300x141.jpg 300w\" sizes=\"auto, (max-width: 320px) 100vw, 320px\" \/> <\/p>\n<div style=\"text-align: justify;\"><\/div>\n<p style=\"text-align: justify;\"><span style=\"font-size: 10pt;\"><span style=\"font-family: verdana,geneva;\">Si \u00e8 inaugurato il 10 giugno, in Piazza Silvio Orlandi, il folto programma di eventi previsto all\u2019interno del progetto \u201cFolklore e suoni pugliesi\u201d, con il primo degli appuntamenti musicali \u201cBanda d\u2019autore\u201d, concerto di fiati, diretti da Raffaele Pagliaruli dell\u2019Associazione \u201cOrpheo\u201d, in un clima di armonia e amicizia, con la partecipazione anche di musicisti provenienti da altri comuni.<\/span><\/span><\/p>\n<p><span style=\"font-size: 10pt;\"><span style=\"font-family: verdana,geneva;\">Ha presentato la serata Mariangela Giummarella, classificatasi tra le ragazze pi\u00f9 belle al concorso \u201cMiss Ciliegia Ferrovia 2010\u201d.<img loading=\"lazy\" decoding=\"async\" class=\" alignright size-full wp-image-2291\" style=\"margin: 10px 0px 10px 10px; float: right;\" alt=\"30657_1302559485160_1265641070_30655666_3378420_n_1\" src=\"https:\/\/archivioturi.lavocedelpaese.info\/wp-content\/uploads\/2010\/06\/30657_1302559485160_1265641070_30655666_3378420_n_1.jpg\" width=\"255\" height=\"350\" srcset=\"https:\/\/archivioturi.lavocedelpaese.info\/wp-content\/uploads\/2010\/06\/30657_1302559485160_1265641070_30655666_3378420_n_1.jpg 524w, https:\/\/archivioturi.lavocedelpaese.info\/wp-content\/uploads\/2010\/06\/30657_1302559485160_1265641070_30655666_3378420_n_1-218x300.jpg 218w\" sizes=\"auto, (max-width: 255px) 100vw, 255px\" \/><\/span><\/span><\/p>\n<p style=\"text-align: justify;\"><span style=\"font-size: 10pt;\"><span style=\"font-family: verdana,geneva;\">\u201cL\u2019ambizioso progetto culturale, nato su idea di Michele Jamil Marzella e coordinato dalla progettiste culturali Teresa Leone, Clelia Menelao e Rosangela Valenzano &#8211; come ha affermato l\u2019Assessore alla cultura e agli eventi Antonio Tateo &#8211; \u00e8 stato ritenuto coerente con le finalit\u00e0 del Fondo Europeo di Sviluppo regionale e rispondente ai criteri di selezione del programma Pluriennale di Attuazione 2007\/2010. Tale progetto risponde, peraltro, in modo deciso, all\u2019esigenza turistica di rilanciare l\u2019immagine di Turi, rendendola un polo di attrazione nell\u2019ambito della salvaguardia e della promozione del patrimonio culturale e, quindi, della tradizione bandistica, riconoscendole il ruolo di testimone, di interprete e di ambasciatrice, in Italia e nel mondo, della tradizione popolare turese\u201d .<\/span><\/span><\/p>\n<p style=\"text-align: justify;\"><span style=\"font-size: 10pt;\"><span style=\"font-family: verdana,geneva;\">Rina Spinelli, segretaria \u201cNuova Pro Loco\u201d e collaboratrice del Progetto, ha precisato che \u201cla finalit\u00e0 di quest\u2019ultimo \u00e8 quella di valorizzare la tradizione musicale pugliese e mediterranea attraverso la contaminazione dei suoni delle bande e della pizzica, con la cultura balcanica e africana. La Nuova Pro loco \u00e8 parte integrante del programma data anche la concomitanza degli eventi all\u2019interno della \u201cSagra della Percoca\u201d, il 30 e 31 luglio, a cura della stessa Pro loco\u201d; Giuseppe Mezzapesa, presidente della \u201cNuova Pro Loco\u201d\u00a0 ha ribadito il ruolo di integrazione, di affiancamento e di coordinamento della Pro loco all\u2019interno della brillante progettualit\u00e0. \u00c9 uno degli eventi che pu\u00f2 dare visibilit\u00e0 al paese, facendo conoscere a tutti il nostro folklore.\u201d<\/span><\/span><\/p>\n<p style=\"text-align: justify;\"><span style=\"font-size: 10pt;\"><span style=\"font-family: verdana,geneva;\">Tra i brani eseguiti, oltre il tributo a Domenico Modugno, con l\u2019esecuzione finale\u00a0 di \u201cVolare\u201d, \u201cLe Trib\u00f9\u201d di Raffaele Pagliaruli, \u201cVita Pugliese\u201d di G. Piantoni, \u201cA Turi\u201d di F. S. Albanese, \u201cAurora\u201d di U. Musio.<\/span><\/span><\/p>\n<p style=\"text-align: justify;\"><span style=\"font-size: 10pt;\"><span style=\"font-family: verdana,geneva;\">Gli altri appuntamenti previsti sono: il 1 luglio, il concerto a cura della Banda Maria SS. Ausiliatrice, il 30 luglio lo spettacolo di danza e musica del Salento, il 31 luglio l\u2019evento \u201cCompositori\u2026 in scena!?!, organizzato dall\u2019Associazione \u201cChi \u00e8 di scena!?!\u201d, e a conclusione il 1 agosto, il concerto della \u201cConturband\u201d e dell\u2019 \u201cImprobabilband\u201d con artisti internazionali.<\/span><\/span><\/p>\n<p style=\"text-align: justify;\"><span style=\"font-size: 10pt;\"><span style=\"font-family: verdana,geneva;\">\u201cFolklore e suoni pugliesi\u201d \u00e8 stato attuato e finanziato dalla Regione Puglia, dalla Provincia di Bari, dal Comune di Turi e dagli sponsor Banca Popolare di Bari, Ditta Catucci, Cle Computer Levante e Lorusso Impianti.<strong><br \/><\/strong><\/span><\/span><\/p>\n","protected":false},"excerpt":{"rendered":"<p><img loading=\"lazy\" decoding=\"async\" class=\" size-full wp-image-2290\" alt=\"foto_banda_dautore\" src=\"https:\/\/archivioturi.lavocedelpaese.info\/wp-content\/uploads\/2010\/06\/foto_banda_dautore.jpg\" width=\"320\" height=\"150\" srcset=\"https:\/\/archivioturi.lavocedelpaese.info\/wp-content\/uploads\/2010\/06\/foto_banda_dautore.jpg 640w, https:\/\/archivioturi.lavocedelpaese.info\/wp-content\/uploads\/2010\/06\/foto_banda_dautore-300x141.jpg 300w\" sizes=\"auto, (max-width: 320px) 100vw, 320px\" \/> <\/p>\n","protected":false},"author":1,"featured_media":2290,"comment_status":"open","ping_status":"closed","sticky":false,"template":"","format":"standard","meta":{"colormag_page_container_layout":"default_layout","colormag_page_sidebar_layout":"default_layout","footnotes":""},"categories":[6],"tags":[],"class_list":["post-2292","post","type-post","status-publish","format-standard","has-post-thumbnail","hentry","category-cultura"],"_links":{"self":[{"href":"https:\/\/archivioturi.lavocedelpaese.info\/index.php\/wp-json\/wp\/v2\/posts\/2292","targetHints":{"allow":["GET"]}}],"collection":[{"href":"https:\/\/archivioturi.lavocedelpaese.info\/index.php\/wp-json\/wp\/v2\/posts"}],"about":[{"href":"https:\/\/archivioturi.lavocedelpaese.info\/index.php\/wp-json\/wp\/v2\/types\/post"}],"author":[{"embeddable":true,"href":"https:\/\/archivioturi.lavocedelpaese.info\/index.php\/wp-json\/wp\/v2\/users\/1"}],"replies":[{"embeddable":true,"href":"https:\/\/archivioturi.lavocedelpaese.info\/index.php\/wp-json\/wp\/v2\/comments?post=2292"}],"version-history":[{"count":0,"href":"https:\/\/archivioturi.lavocedelpaese.info\/index.php\/wp-json\/wp\/v2\/posts\/2292\/revisions"}],"wp:featuredmedia":[{"embeddable":true,"href":"https:\/\/archivioturi.lavocedelpaese.info\/index.php\/wp-json\/wp\/v2\/media\/2290"}],"wp:attachment":[{"href":"https:\/\/archivioturi.lavocedelpaese.info\/index.php\/wp-json\/wp\/v2\/media?parent=2292"}],"wp:term":[{"taxonomy":"category","embeddable":true,"href":"https:\/\/archivioturi.lavocedelpaese.info\/index.php\/wp-json\/wp\/v2\/categories?post=2292"},{"taxonomy":"post_tag","embeddable":true,"href":"https:\/\/archivioturi.lavocedelpaese.info\/index.php\/wp-json\/wp\/v2\/tags?post=2292"}],"curies":[{"name":"wp","href":"https:\/\/api.w.org\/{rel}","templated":true}]}}