{"id":2241,"date":"2010-06-05T07:15:47","date_gmt":"2010-06-05T07:15:47","guid":{"rendered":"https:\/\/archivioturi.lavocedelpaese.info\/index.php\/2010\/06\/05\/pesticidi-in-agricoltura-rischi-per-la-salute-turese\/"},"modified":"2010-06-05T07:15:47","modified_gmt":"2010-06-05T07:15:47","slug":"pesticidi-in-agricoltura-rischi-per-la-salute-turese","status":"publish","type":"post","link":"https:\/\/archivioturi.lavocedelpaese.info\/index.php\/2010\/06\/05\/pesticidi-in-agricoltura-rischi-per-la-salute-turese\/","title":{"rendered":"PESTICIDI IN AGRICOLTURA. RISCHI PER LA SALUTE?"},"content":{"rendered":"<p style=\"text-align: justify;\"><img loading=\"lazy\" decoding=\"async\" class=\" size-full wp-image-1342\" alt=\"dormex\" src=\"https:\/\/archivioturi.lavocedelpaese.info\/wp-content\/uploads\/2010\/01\/dormex.jpg\" width=\"320\" height=\"150\" srcset=\"https:\/\/archivioturi.lavocedelpaese.info\/wp-content\/uploads\/2010\/01\/dormex.jpg 640w, https:\/\/archivioturi.lavocedelpaese.info\/wp-content\/uploads\/2010\/01\/dormex-300x141.jpg 300w\" sizes=\"auto, (max-width: 320px) 100vw, 320px\" \/><\/p>\n<p style=\"text-align: justify;\"><span style=\"font-size: 10pt;\"><span style=\"font-family: verdana,geneva;\">Si parla continuamente di giornate ecologiche o di ritorno alla natura, solo per limitare l\u2019uso di macchine o di oggetti inquinanti che danneggiano la nostra salute. Per nostra fortuna abitiamo in un paese e in un territorio, poco corrotto dalle macchine o dal caos automobilistico e la qualit\u00e0 della vita di tutti noi \u00e8 forse migliore rispetto a chi, per piacere o per necessit\u00e0, \u00e8 costretto a vivere nelle grandi citt\u00e0, dove smog e fumi sono l\u2019aria quotidiana. Piacevole \u00e8 per tutti usufruire delle zone verdi del nostro paese, delle nostre campagne e del contatto diretto <\/span><\/span><img loading=\"lazy\" decoding=\"async\" class=\" alignright size-full wp-image-1707\" style=\"margin: 10px 0px 10px 10px; float: right;\" alt=\"cicerone\" src=\"https:\/\/archivioturi.lavocedelpaese.info\/wp-content\/uploads\/2010\/03\/cicerone.jpg\" width=\"153\" height=\"314\" srcset=\"https:\/\/archivioturi.lavocedelpaese.info\/wp-content\/uploads\/2010\/03\/cicerone.jpg 153w, https:\/\/archivioturi.lavocedelpaese.info\/wp-content\/uploads\/2010\/03\/cicerone-146x300.jpg 146w\" sizes=\"auto, (max-width: 153px) 100vw, 153px\" \/><span style=\"font-size: 10pt;\"><span style=\"font-family: verdana,geneva;\">con piante ed alberi. Poter gustare direttamente i frutti che la natura ci offre e regalarci spettacoli meravigliosi che solo il susseguirsi delle stagioni e i cambiamenti climatici possono donarci.<\/span><\/span><\/p>\n<div style=\"text-align: justify;\"><\/div>\n<p style=\"text-align: justify;\"><span style=\"font-size: 10pt;\"><span style=\"font-family: verdana,geneva;\">A tutto questo, per\u00f2, si insinua una nota dolente. Siamo in piena campagna cerasicola e come ogni anno le nostre campagne sono il centro direzionale della vita di gran parte dei turesi. Sicuramente per tutti coloro che hanno cura della propria terra e del proprio prodotto cresce il desiderio di avere un frutto buono, bello e sano. Di fronte agli agenti atmosferici, eccessivamente sfavorevoli per questa annata, <strong>tutti gli agricoltori si concentrano con trattamenti vari per non perdere il proprio oro rosso<\/strong>.<\/span><\/span><\/p>\n<div style=\"text-align: justify;\"><\/div>\n<p style=\"text-align: justify;\"><span style=\"font-size: 10pt;\"><span style=\"font-family: verdana,geneva;\">Per chi, invece, le campagne le usa come luogo di svago e sport, \u201cla situazione \u00e8 diventata difficile \u2013 ci spiega la presidente dell\u2019<strong>Associazione Genitori Turesi, Angela Cicerone, mamma e sportiva assidua<\/strong>. &#8211; Non vogliamo entrare nel merito degli agricoltori e dello stesso paese, ma ci spiace accompagnare i bambini lungo le vie di campagna in bici o a piedi e ritrovarsi assaliti da ogni dove da <strong>fumi di pesticidi<\/strong> e sostanze varie. \u00c8 un peccato essere costretti a ritornare sui nostri passi e rincasare delusi e con la gola secca\u201d.<\/span><\/span><\/p>\n<div style=\"text-align: justify;\"><\/div>\n<p style=\"text-align: justify;\"><span style=\"font-size: 10pt;\"><span style=\"font-family: verdana,geneva;\">L\u2019utilizzo di fitofarmaci e gli effetti che questi producono sulla salute umana e sul contesto ambientale costituiscono un tema di rilevante attualit\u00e0, sul quale la ricerca scientifica, da tempo, si dibatte al fine di individuare la reale soglia di pericolosit\u00e0 di queste sostanze e le possibili soluzioni per ridurne l\u2019impatto. I fitofarmaci sono, di per s\u00e9, dei prodotti che hanno intenzionalmente un effetto tossico in quanto finalizzati a sopprimere alcuni organismi. Si tratta, pertanto, di sostanze che l\u2019uomo disperde nell\u2019ambiente, al fine di eliminare insetti nocivi che possono compromettere il raccolto.<\/span><\/span><\/p>\n<div style=\"text-align: justify;\"><\/div>\n<p style=\"text-align: justify;\"><span style=\"font-size: 10pt;\"><span style=\"font-family: verdana,geneva;\">\u201cLa <strong>salute del bene pubblico e soprattutto dei bambini \u00e8 un diritto necessario<\/strong> \u2013 continua Angela Cicerone &#8211; Non vorremmo dover percorrere le strade di campagna coperti con tute e maschere di protezione come fanno gli agricoltori\u201d!<\/span><\/span><\/p>\n<div style=\"text-align: justify;\"><\/div>\n<p style=\"text-align: justify;\"><span style=\"font-size: 10pt;\"><span style=\"font-family: verdana,geneva;\">Sul tema l\u2019Unione Europea ha varato comunque la possibilit\u00e0 \u201cdi impiego di pesticidi che non sono classificati pericolosi per l\u2019ambiente\u201d. \u00c8 importante per\u00f2 \u201cla riduzione, per quanto possibile, o l\u2019eliminazione dell\u2019applicazione dei pesticidi sulle o lungo le strade, le linee ferroviarie, le superfici molto permeabili o altre infrastrutture in prossimit\u00e0 di acque superficiali o sotterranee oppure su superfici impermeabilizzate che presentano un rischio elevato di dilavamento nelle acque superficiali o nei sistemi fognari\u201d.<\/span><\/span><\/p>\n<div style=\"text-align: justify;\"><\/div>\n<p style=\"text-align: justify;\"><span style=\"font-size: 10pt;\"><span style=\"font-family: verdana,geneva;\">\u201cGli Stati membri, tenuto conto dei necessari requisiti di igiene e incolumit\u00e0 pubblica, della biodiversit\u00e0 o dei risultati delle pertinenti analisi del rischio, assicurano che l\u2019uso di pesticidi sia ridotto al minimo o vietato in specifiche aree\u201d. Queste sono gli spazi utilizzati \u201cdalla popolazione o da gruppi vulnerabili quali definiti all\u2019articolo 3 del regolamento (CE) n. 1107\/2009, quali parchi e giardini pubblici, campi sportivi e aree ricreative, cortili delle scuole e parchi gioco per bambini, nonch\u00e9 in prossimit\u00e0 di aree in cui sono ubicate strutture sanitarie e ancora le aree trattate di recente e frequentate dai lavoratori agricoli o da essi accessibili\u201d.<\/span><\/span><\/p>\n<div style=\"text-align: justify;\"><\/div>\n<p style=\"text-align: justify;\"><span style=\"font-size: 10pt;\"><span style=\"font-family: verdana,geneva;\">Per chi volesse leggere la normativa europea a riguardo, questo il link:<\/span><\/span><\/p>\n<div style=\"text-align: justify;\"><\/div>\n<p style=\"text-align: justify;\"><span style=\"font-size: 10pt;\"><span style=\"font-family: verdana,geneva;\"><a href=\"http:\/\/www.normativasanitaria.it\/normsan-pdf\/CEE\/0000\/31645_1.pdf\">http:\/\/www.normativasanitaria.it\/normsan-pdf\/CEE\/0000\/31645_1.pdf<\/a><br \/><\/span><\/span><\/p>\n","protected":false},"excerpt":{"rendered":"<p style=\"text-align: justify;\"><img loading=\"lazy\" decoding=\"async\" class=\" size-full wp-image-1342\" alt=\"dormex\" src=\"https:\/\/archivioturi.lavocedelpaese.info\/wp-content\/uploads\/2010\/01\/dormex.jpg\" width=\"320\" height=\"150\" srcset=\"https:\/\/archivioturi.lavocedelpaese.info\/wp-content\/uploads\/2010\/01\/dormex.jpg 640w, https:\/\/archivioturi.lavocedelpaese.info\/wp-content\/uploads\/2010\/01\/dormex-300x141.jpg 300w\" sizes=\"auto, (max-width: 320px) 100vw, 320px\" \/><\/p>\n","protected":false},"author":1,"featured_media":1342,"comment_status":"open","ping_status":"closed","sticky":false,"template":"","format":"standard","meta":{"colormag_page_container_layout":"default_layout","colormag_page_sidebar_layout":"default_layout","footnotes":""},"categories":[7],"tags":[],"class_list":["post-2241","post","type-post","status-publish","format-standard","has-post-thumbnail","hentry","category-attualita"],"_links":{"self":[{"href":"https:\/\/archivioturi.lavocedelpaese.info\/index.php\/wp-json\/wp\/v2\/posts\/2241","targetHints":{"allow":["GET"]}}],"collection":[{"href":"https:\/\/archivioturi.lavocedelpaese.info\/index.php\/wp-json\/wp\/v2\/posts"}],"about":[{"href":"https:\/\/archivioturi.lavocedelpaese.info\/index.php\/wp-json\/wp\/v2\/types\/post"}],"author":[{"embeddable":true,"href":"https:\/\/archivioturi.lavocedelpaese.info\/index.php\/wp-json\/wp\/v2\/users\/1"}],"replies":[{"embeddable":true,"href":"https:\/\/archivioturi.lavocedelpaese.info\/index.php\/wp-json\/wp\/v2\/comments?post=2241"}],"version-history":[{"count":0,"href":"https:\/\/archivioturi.lavocedelpaese.info\/index.php\/wp-json\/wp\/v2\/posts\/2241\/revisions"}],"wp:featuredmedia":[{"embeddable":true,"href":"https:\/\/archivioturi.lavocedelpaese.info\/index.php\/wp-json\/wp\/v2\/media\/1342"}],"wp:attachment":[{"href":"https:\/\/archivioturi.lavocedelpaese.info\/index.php\/wp-json\/wp\/v2\/media?parent=2241"}],"wp:term":[{"taxonomy":"category","embeddable":true,"href":"https:\/\/archivioturi.lavocedelpaese.info\/index.php\/wp-json\/wp\/v2\/categories?post=2241"},{"taxonomy":"post_tag","embeddable":true,"href":"https:\/\/archivioturi.lavocedelpaese.info\/index.php\/wp-json\/wp\/v2\/tags?post=2241"}],"curies":[{"name":"wp","href":"https:\/\/api.w.org\/{rel}","templated":true}]}}