{"id":2230,"date":"2010-06-04T09:26:25","date_gmt":"2010-06-04T09:26:25","guid":{"rendered":"https:\/\/archivioturi.lavocedelpaese.info\/index.php\/2010\/06\/04\/turi-celebra-la-festa-della-repubblica\/"},"modified":"2010-06-04T09:26:25","modified_gmt":"2010-06-04T09:26:25","slug":"turi-celebra-la-festa-della-repubblica","status":"publish","type":"post","link":"https:\/\/archivioturi.lavocedelpaese.info\/index.php\/2010\/06\/04\/turi-celebra-la-festa-della-repubblica\/","title":{"rendered":"TURI CELEBRA LA FESTA DELLA REPUBBLICA"},"content":{"rendered":"<p style=\"text-align: justify;\"><img loading=\"lazy\" decoding=\"async\" class=\" size-full wp-image-2229\" alt=\"res_publica27\" src=\"https:\/\/archivioturi.lavocedelpaese.info\/wp-content\/uploads\/2010\/06\/res_publica27.jpg\" width=\"320\" height=\"150\" srcset=\"https:\/\/archivioturi.lavocedelpaese.info\/wp-content\/uploads\/2010\/06\/res_publica27.jpg 640w, https:\/\/archivioturi.lavocedelpaese.info\/wp-content\/uploads\/2010\/06\/res_publica27-300x141.jpg 300w\" sizes=\"auto, (max-width: 320px) 100vw, 320px\" \/><\/p>\n<p style=\"text-align: justify;\"><span style=\"font-size: 10pt;\"><span style=\"font-family: verdana,geneva;\">Nella giornata del <strong>2 giugno<\/strong> in tutta l\u2019Italia si \u00e8 celebrata la <strong>Festa della Repubblica<\/strong>. A Turi, dinanzi al monumento dei caduti, l\u2019Amministrazione Comunale, al cospetto dei rappresentanti dei diversi <strong>corpi militari<\/strong> e delle autorit\u00e0 civili, ha deposto una <strong>corona d\u2019alloro<\/strong>, emblema della stessa Repubblica.<\/span><\/span><\/p>\n<div style=\"text-align: justify;\"><\/div>\n<p style=\"text-align: justify;\"><span style=\"font-size: 10pt;\"><span style=\"font-family: verdana,geneva;\">Hanno partecipato alla cerimonia alcune classi della <strong>scuola elementare<\/strong> <strong>\u201cP. De Donato Giannini\u201d<\/strong> di Turi, coordinate dalle insegnanti e dal direttore Enzo Tardi. Le musiche, suonate<strong> dal Complesso Bandistico &#8220;M.SS.Ausiliatrice&#8221;<\/strong> di Turi, hanno accompagnato l\u2019intera manifestazione, conclusasi con il discorso del <strong>sindaco<\/strong>, <strong>dott. Enzo Gigantelli<\/strong>.<\/span><\/span><\/p>\n<div style=\"text-align: justify;\"><\/div>\n<p style=\"text-align: justify;\"><span style=\"font-size: 10pt;\"><span style=\"font-family: verdana,geneva;\">\u201cPer servire bene la gente \u00e8 opportuno ricordare sempre di essere noi cittadini di una Repubblica. In questa data, mi \u00e8 data la possibilit\u00e0 di ripensare a quello che la storia ha detto e fatto per consentire a noi di essere cittadini di una Democrazia\u201d. Il 2 e il 3 giugno 1946 si tenne il referendum istituzionale indetto a suffragio universale con il quale gli italiani venivano chiamati alle urne per esprimersi su quale forma di governo, monarchia o repubblica, dare al Paese, in seguito alla caduta del fascismo. Dopo 85 anni di regno, con 12.718.641 voti contro 10.718.502 l&#8217;Italia diventava Repubblica e i monarchi di casa Savoia venivano esiliati. <strong>Il 2 giugno celebra la nascita della Nazione.<\/strong> Re Umberto II non riconobbe la validit\u00e0 del referendum e rifiut\u00f2 i risultati. Non rinunci\u00f2 mai alla corona, ma nel proclama diffuso prima di partire affid\u00f2 la patria agli italiani e li sciolse (ci\u00f2 riguardava principalmente i militari) dal giuramento di fedelt\u00e0 al re. La nuova <strong>costituzione repubblicana<\/strong>, elaborata dall&#8217;assemblea eletta in contemporanea al referendum, venne all&#8217;ultimo integrata con alcune disposizioni transitorie, fra cui la XIII, che prescriveva il divieto di entrare in Italia per Umberto e per i suoi discendenti maschi.<\/span><\/span><\/p>\n<div style=\"text-align: justify;\"><\/div>\n<p style=\"text-align: justify;\"><span style=\"font-size: 10pt;\"><span style=\"font-family: verdana,geneva;\">\u201cQuesta giornata \u00e8 l\u2019occasione per ricordare che la Repubblica nacque con grandi speranze di far rinascere un Paese, un grande Paese che ha superato tante tensioni e guerre dovute al fascismo. \u00c8 qualcosa che vale la pena di ricordare perch\u00e9 oggi l\u2019Italia necessita di uno sforzo simile per la complessit\u00e0 dei problemi che sono dinanzi alla societ\u00e0 e allo Stato, in un mondo tuttavia mutato\u201d- ha continuato il sindaco.<\/span><\/span><\/p>\n<div style=\"text-align: justify;\"><\/div>\n<p style=\"text-align: justify;\"><span style=\"font-size: 10pt;\"><span style=\"font-family: verdana,geneva;\">La nostra comunit\u00e0 deve sempre guardare alle grandi sfide economiche, industriali e sociali e, rivolgendosi al sindaco e al consiglio dei ragazzi, il dott. Gigantelli ha affermato che \u201cle nuove generazioni devono conoscere le vicende della nostra repubblica e l\u2019opera dei grandi personaggi che hanno fatto parte del nostro passato e scritto le pagine della nostra storia, come il nostro concittadino Francesco Curzio, protagonista del risorgimento turese e membro dell\u2019esercito garibaldino\u201d.<\/span><\/span><\/p>\n<div style=\"text-align: justify;\"><\/div>\n<p style=\"text-align: justify;\"><span style=\"font-size: 10pt;\"><span style=\"font-family: verdana,geneva;\">Infine conclude con l\u2019esortazione di \u201clavorare insieme per una comunit\u00e0 civile e una Repubblica pi\u00f9 salda e unita, necessaria per affrontare le sfide che ci e vi attendono\u201d.<\/span><\/span><\/p>\n<p style=\"text-align: justify;\"><span style=\"font-size: 10pt;\"><span style=\"font-family: verdana,geneva;\">Fotogallery della festa 2010.<br \/><\/span><\/span><\/p>\n<p>\n<object data=\"http:\/\/picasaweb.google.it\/s\/c\/bin\/slideshow.swf\" type=\"application\/x-shockwave-flash\" height=\"400\" width=\"600\"><param name=\"flashvars\" value=\"host=picasaweb.google.it&amp;hl=it&amp;feat=flashalbum&amp;RGB=0x000000&amp;feed=http%3A%2F%2Fpicasaweb.google.it%2Fdata%2Ffeed%2Fapi%2Fuser%2Fredazioneturiweb%2Falbumid%2F5478838401512643377%3Falt%3Drss%26kind%3Dphoto%26hl%3Dit\" \/><param name=\"src\" value=\"http:\/\/picasaweb.google.it\/s\/c\/bin\/slideshow.swf\" \/><\/object>\n<\/p>\n<p><span style=\"font-size: 10pt;\"><span style=\"font-family: verdana,geneva;\">Fotogallery della festa 2009.<\/span><\/span><\/p>\n<p>\n<object data=\"http:\/\/picasaweb.google.it\/s\/c\/bin\/slideshow.swf\" type=\"application\/x-shockwave-flash\" style=\"float: left;\" height=\"400\" width=\"600\"><param name=\"flashvars\" value=\"host=picasaweb.google.it&amp;hl=it&amp;feat=flashalbum&amp;RGB=0x000000&amp;feed=http%3A%2F%2Fpicasaweb.google.it%2Fdata%2Ffeed%2Fapi%2Fuser%2Fredazioneturiweb%2Falbumid%2F5478839785215342977%3Falt%3Drss%26kind%3Dphoto%26hl%3Dit\" \/><param name=\"src\" value=\"http:\/\/picasaweb.google.it\/s\/c\/bin\/slideshow.swf\" \/><\/object>\n<\/p>\n<p>\u00a0<\/p>\n<p>\u00a0<\/p>\n<p>\u00a0<\/p>\n<p>\u00a0<\/p>\n<p>\u00a0<\/p>\n<p>\u00a0<\/p>\n<p>\u00a0<\/p>\n<p>\u00a0<\/p>\n<p>\u00a0<\/p>\n<p>\u00a0<\/p>\n<p>\u00a0<\/p>\n<p>\u00a0<\/p>\n<p>\u00a0<\/p>\n<p><span style=\"font-size: 10pt;\"><span style=\"font-family: verdana,geneva;\">Fotogallery della festa 2008.<\/span><\/span><\/p>\n<p><object data=\"http:\/\/picasaweb.google.it\/s\/c\/bin\/slideshow.swf\" type=\"application\/x-shockwave-flash\" height=\"400\" width=\"600\"><param name=\"flashvars\" value=\"host=picasaweb.google.it&amp;hl=it&amp;feat=flashalbum&amp;RGB=0x000000&amp;feed=http%3A%2F%2Fpicasaweb.google.it%2Fdata%2Ffeed%2Fapi%2Fuser%2Fredazioneturiweb%2Falbumid%2F5478839216212180977%3Falt%3Drss%26kind%3Dphoto%26hl%3Dit\" \/><param name=\"src\" value=\"http:\/\/picasaweb.google.it\/s\/c\/bin\/slideshow.swf\" \/><\/object><\/p>\n","protected":false},"excerpt":{"rendered":"<p style=\"text-align: justify;\"><img loading=\"lazy\" decoding=\"async\" class=\" size-full wp-image-2229\" alt=\"res_publica27\" src=\"https:\/\/archivioturi.lavocedelpaese.info\/wp-content\/uploads\/2010\/06\/res_publica27.jpg\" width=\"320\" height=\"150\" srcset=\"https:\/\/archivioturi.lavocedelpaese.info\/wp-content\/uploads\/2010\/06\/res_publica27.jpg 640w, https:\/\/archivioturi.lavocedelpaese.info\/wp-content\/uploads\/2010\/06\/res_publica27-300x141.jpg 300w\" sizes=\"auto, (max-width: 320px) 100vw, 320px\" \/><\/p>\n","protected":false},"author":1,"featured_media":2229,"comment_status":"open","ping_status":"closed","sticky":false,"template":"","format":"standard","meta":{"colormag_page_container_layout":"default_layout","colormag_page_sidebar_layout":"default_layout","footnotes":""},"categories":[4],"tags":[],"class_list":["post-2230","post","type-post","status-publish","format-standard","has-post-thumbnail","hentry","category-politica"],"_links":{"self":[{"href":"https:\/\/archivioturi.lavocedelpaese.info\/index.php\/wp-json\/wp\/v2\/posts\/2230","targetHints":{"allow":["GET"]}}],"collection":[{"href":"https:\/\/archivioturi.lavocedelpaese.info\/index.php\/wp-json\/wp\/v2\/posts"}],"about":[{"href":"https:\/\/archivioturi.lavocedelpaese.info\/index.php\/wp-json\/wp\/v2\/types\/post"}],"author":[{"embeddable":true,"href":"https:\/\/archivioturi.lavocedelpaese.info\/index.php\/wp-json\/wp\/v2\/users\/1"}],"replies":[{"embeddable":true,"href":"https:\/\/archivioturi.lavocedelpaese.info\/index.php\/wp-json\/wp\/v2\/comments?post=2230"}],"version-history":[{"count":0,"href":"https:\/\/archivioturi.lavocedelpaese.info\/index.php\/wp-json\/wp\/v2\/posts\/2230\/revisions"}],"wp:featuredmedia":[{"embeddable":true,"href":"https:\/\/archivioturi.lavocedelpaese.info\/index.php\/wp-json\/wp\/v2\/media\/2229"}],"wp:attachment":[{"href":"https:\/\/archivioturi.lavocedelpaese.info\/index.php\/wp-json\/wp\/v2\/media?parent=2230"}],"wp:term":[{"taxonomy":"category","embeddable":true,"href":"https:\/\/archivioturi.lavocedelpaese.info\/index.php\/wp-json\/wp\/v2\/categories?post=2230"},{"taxonomy":"post_tag","embeddable":true,"href":"https:\/\/archivioturi.lavocedelpaese.info\/index.php\/wp-json\/wp\/v2\/tags?post=2230"}],"curies":[{"name":"wp","href":"https:\/\/api.w.org\/{rel}","templated":true}]}}