{"id":2199,"date":"2010-05-28T19:28:11","date_gmt":"2010-05-28T19:28:11","guid":{"rendered":"https:\/\/archivioturi.lavocedelpaese.info\/index.php\/2010\/05\/28\/litc-canta-con-i-bambini-dellinfanzia\/"},"modified":"2010-05-28T19:28:11","modified_gmt":"2010-05-28T19:28:11","slug":"litc-canta-con-i-bambini-dellinfanzia","status":"publish","type":"post","link":"https:\/\/archivioturi.lavocedelpaese.info\/index.php\/2010\/05\/28\/litc-canta-con-i-bambini-dellinfanzia\/","title":{"rendered":"L\u2019ITC CANTA CON I BAMBINI DELL\u2019INFANZIA"},"content":{"rendered":"<p style=\"text-align: justify;\"><img loading=\"lazy\" decoding=\"async\" class=\" size-full wp-image-2198\" alt=\"itc_bambini\" src=\"https:\/\/archivioturi.lavocedelpaese.info\/wp-content\/uploads\/2010\/05\/itc_bambini.jpg\" width=\"320\" height=\"150\" srcset=\"https:\/\/archivioturi.lavocedelpaese.info\/wp-content\/uploads\/2010\/05\/itc_bambini.jpg 640w, https:\/\/archivioturi.lavocedelpaese.info\/wp-content\/uploads\/2010\/05\/itc_bambini-300x141.jpg 300w\" sizes=\"auto, (max-width: 320px) 100vw, 320px\" \/><\/p>\n<p style=\"text-align: justify;\"><span style=\"font-size: 10pt;\"><span style=\"font-family: verdana,geneva;\"><strong>\u201cDue Realt\u00e0 \u2026 Unico Sogno \u2026 Diventare Grandi\u201d<\/strong><\/span><\/span><\/p>\n<div style=\"text-align: justify;\"><\/div>\n<p style=\"text-align: justify;\"><span style=\"font-size: 10pt;\"><span style=\"font-family: verdana,geneva;\">Grazie! Una semplice parola di sei lettere, ma di cos\u00ec difficile significato. Complicato pronunciarla, e spesso difficoltoso \u00e8 capirne la sua necessit\u00e0. Accade per\u00f2 che a volte \u00e8 indispensabile sentirlo dalla voce innocente di un piccolo bambino, per comprenderne la bellezza e la sua importanza. \u201cGrazie\u201d \u00e8 stato il tema centrale cantato infatti nel pomeriggio del 27 maggio presso<strong> l\u2019ITC \u201cSandro Pertini\u201d di Turi <\/strong>da circa 100 bambini delle tre<strong> Scuole dell\u2019Infanzia di Turi.<\/strong><\/span><\/span><\/p>\n<div style=\"text-align: justify;\"><\/div>\n<p style=\"text-align: justify;\"><span style=\"font-size: 10pt;\"><span style=\"font-family: verdana,geneva;\">Attraverso le loro canzoni, hanno raccontato al pubblico, composto da mamme, pap\u00e0, nonni e zii, cosa significa dire \u201cgrazie\u201d con il cuore. Emozione, entusiasmo, partecipazione e commozione hanno coinvolto tutti i presenti che hanno partecipato all\u2019intera manifestazione.<\/span><\/span><\/p>\n<div style=\"text-align: justify;\"><\/div>\n<p style=\"text-align: justify;\"><span style=\"font-size: 10pt;\"><span style=\"font-family: verdana,geneva;\">Organizzatrice dell\u2019evento la <strong>dott.ssa<\/strong> <strong>Tina Resta<\/strong>; da una delle maestre coinvolte \u00e8 stata ringraziata apertamente \u201cper il suo essere sempre presente e disponibile nei confronti della scuola e soprattutto dei bambini\u201d.<\/span><\/span><\/p>\n<div style=\"text-align: justify;\"><\/div>\n<p style=\"text-align: justify;\"><span style=\"font-size: 10pt;\"><span style=\"font-family: verdana,geneva;\">Molto forte \u00e8 risuonato il \u201cgrazie\u201d iniziale cantato da tutti i bambini verso la \u201cScuola Amica\u201d e di particolare commozione \u00e8 stato il video musicale preparato per salutare il dirigente della Scuola dell\u2019Infanzia e della Scuola Primaria di Turi, <strong>dott. Enzo Tardi,<\/strong> che quest\u2019anno conclude la sua carriera scolastica. Dopo un excursus di foto storiche del suo insegnamento, il direttore Tardi ha concluso con un suo ringraziamento alla scuola, alle varie insegnanti e ai genitori: \u201cDico a loro grazie per il dono che hanno fatto a noi scuola, cio\u00e8 Voi. Siate voi bambini i protagonisti del vostro futuro, della vostra famiglia e della vostra Terra\u201d.<\/span><\/span><\/p>\n<div style=\"text-align: justify;\"><\/div>\n<p style=\"text-align: justify;\"><span style=\"font-size: 10pt;\"><span style=\"font-family: verdana,geneva;\">Altrettanto colpito si \u00e8 mostrato il <strong>vicesindaco Franco D\u2019Addabbo<\/strong>. \u201cCi avete fatto vivere emozioni e sensazioni che avevamo dimenticato\u201d. A suo nome e dei presenti, gli assessori Cazzetta e De Florio, dell\u2019intera Amministrazione e della vice presidente della Nuova Pro Loco, Rina Spinelli, ha ringraziato il dottor Tardi per il suo impegno nella scuola e per la crescita dei ragazzi. Aggiunge poi \u201cun grazie a Tina Resta e con lei a tutte le maestre, donne e mamme alle quali il duro compito dell\u2019educazione dei nostri bambini\u201d.<\/span><\/span><\/p>\n<div style=\"text-align: justify;\"><\/div>\n<p style=\"text-align: justify;\"><span style=\"font-size: 10pt;\"><span style=\"font-family: verdana,geneva;\">La voce dei piccoli, rivolta a ringraziare i veri amici, i genitori e la scuola, accompagna i presenti al ricordo, che non deve mai cancellarsi, dei bambini dell\u2019Abruzzo che, a causa del terremoto, non hanno pi\u00f9 una casa, una famiglia, una scuola. Il loro pensiero non \u00e8 malinconico perch\u00e9 \u00e8 un incitamento a \u201cricominciare a vivere a partire da un sogno, quello di diventare grandi\u201d &#8211; conclude Tina Resta.<\/span><\/span><\/p>\n<p><span style=\"font-family: verdana,geneva;\"><span style=\"font-size: 10pt;\">Fotogallery della manifestazione.<\/span><\/span><\/p>\n<p>\n<object data=\"http:\/\/picasaweb.google.it\/s\/c\/bin\/slideshow.swf\" type=\"application\/x-shockwave-flash\" height=\"400\" width=\"600\"><param name=\"flashvars\" value=\"host=picasaweb.google.it&amp;hl=it&amp;feat=flashalbum&amp;RGB=0x000000&amp;feed=http%3A%2F%2Fpicasaweb.google.it%2Fdata%2Ffeed%2Fapi%2Fuser%2F102358024708314352399%2Falbumid%2F5476405103260561969%3Falt%3Drss%26kind%3Dphoto%26hl%3Dit\" \/><param name=\"src\" value=\"http:\/\/picasaweb.google.it\/s\/c\/bin\/slideshow.swf\" \/><\/object><\/p>\n","protected":false},"excerpt":{"rendered":"<p style=\"text-align: justify;\"><img loading=\"lazy\" decoding=\"async\" class=\" size-full wp-image-2198\" alt=\"itc_bambini\" src=\"https:\/\/archivioturi.lavocedelpaese.info\/wp-content\/uploads\/2010\/05\/itc_bambini.jpg\" width=\"320\" height=\"150\" srcset=\"https:\/\/archivioturi.lavocedelpaese.info\/wp-content\/uploads\/2010\/05\/itc_bambini.jpg 640w, https:\/\/archivioturi.lavocedelpaese.info\/wp-content\/uploads\/2010\/05\/itc_bambini-300x141.jpg 300w\" sizes=\"auto, (max-width: 320px) 100vw, 320px\" \/><\/p>\n","protected":false},"author":1,"featured_media":2198,"comment_status":"open","ping_status":"closed","sticky":false,"template":"","format":"standard","meta":{"colormag_page_container_layout":"default_layout","colormag_page_sidebar_layout":"default_layout","footnotes":""},"categories":[6],"tags":[],"class_list":["post-2199","post","type-post","status-publish","format-standard","has-post-thumbnail","hentry","category-cultura"],"_links":{"self":[{"href":"https:\/\/archivioturi.lavocedelpaese.info\/index.php\/wp-json\/wp\/v2\/posts\/2199","targetHints":{"allow":["GET"]}}],"collection":[{"href":"https:\/\/archivioturi.lavocedelpaese.info\/index.php\/wp-json\/wp\/v2\/posts"}],"about":[{"href":"https:\/\/archivioturi.lavocedelpaese.info\/index.php\/wp-json\/wp\/v2\/types\/post"}],"author":[{"embeddable":true,"href":"https:\/\/archivioturi.lavocedelpaese.info\/index.php\/wp-json\/wp\/v2\/users\/1"}],"replies":[{"embeddable":true,"href":"https:\/\/archivioturi.lavocedelpaese.info\/index.php\/wp-json\/wp\/v2\/comments?post=2199"}],"version-history":[{"count":0,"href":"https:\/\/archivioturi.lavocedelpaese.info\/index.php\/wp-json\/wp\/v2\/posts\/2199\/revisions"}],"wp:featuredmedia":[{"embeddable":true,"href":"https:\/\/archivioturi.lavocedelpaese.info\/index.php\/wp-json\/wp\/v2\/media\/2198"}],"wp:attachment":[{"href":"https:\/\/archivioturi.lavocedelpaese.info\/index.php\/wp-json\/wp\/v2\/media?parent=2199"}],"wp:term":[{"taxonomy":"category","embeddable":true,"href":"https:\/\/archivioturi.lavocedelpaese.info\/index.php\/wp-json\/wp\/v2\/categories?post=2199"},{"taxonomy":"post_tag","embeddable":true,"href":"https:\/\/archivioturi.lavocedelpaese.info\/index.php\/wp-json\/wp\/v2\/tags?post=2199"}],"curies":[{"name":"wp","href":"https:\/\/api.w.org\/{rel}","templated":true}]}}