{"id":2112,"date":"2010-05-17T10:23:36","date_gmt":"2010-05-17T10:23:36","guid":{"rendered":"https:\/\/archivioturi.lavocedelpaese.info\/index.php\/2010\/05\/17\/denovellis-spara-a-zero-su-tutto-e-tutti\/"},"modified":"2010-05-17T10:23:36","modified_gmt":"2010-05-17T10:23:36","slug":"denovellis-spara-a-zero-su-tutto-e-tutti","status":"publish","type":"post","link":"https:\/\/archivioturi.lavocedelpaese.info\/index.php\/2010\/05\/17\/denovellis-spara-a-zero-su-tutto-e-tutti\/","title":{"rendered":"DENOVELLIS SPARA A ZERO SU TUTTO E TUTTI"},"content":{"rendered":"<p><img loading=\"lazy\" decoding=\"async\" height=\"150\" width=\"320\" src=\"images\/stories\/archiviofoto\/DENOVELLIS.jpg\" alt=\"DENOVELLIS\" \/><\/p>\n<p><span style=\"font-size: 10pt;\"><span style=\"font-family: verdana,geneva;\"> <\/span><\/span><\/p>\n<p><span style=\"font-size: 10pt;\"><span style=\"font-family: verdana,geneva;\">\u201cLoro non sono degni della fiducia di qualche finanziatore. Tutta la vicenda andr\u00e0 a finire in mano alla magistratura\u201d. Giuseppe Denovellis torna alla carica e punta il dito contro il sindaco Gigantelli, l\u2019amministrazione comunale ma anche l\u2019opposizione: \u201ccosa devo pensare se si astengono? I turesi, da loro, si aspettano una presa di posizione ferma e decisa\u201d.<\/span><\/span><\/p>\n<div style=\"text-align: justify;\"><\/div>\n<p style=\"text-align: justify;\"><span style=\"font-size: 10pt;\"><span style=\"font-family: verdana,geneva;\">De Novellis riprende da quel suo manifesto per contestare i metodi dell\u2019amministrazione su PUG (Piano Urbanistico Generale) \u00a0e PIRP (Programmi integrati per la riqualificazione delle periferie). Le pasquinate allora, passarono inosservate. Quelle di Biagio Elefante, i manifesti incollati a muro sul portone di via XX settembre, fanno certamente pi\u00f9 audience dei suoi. \u201c<strong>Il sindaco <\/strong>\u2013 apre ai nostri microfoni Denovellis &#8211; <strong>disse che ci voleva un anno per approvare il Pug. Sono passati tre anni ed \u00e8 ancora in altissimo mare.<\/strong>\u201d.<\/span><\/span><\/p>\n<div style=\"text-align: justify;\"><\/div>\n<p style=\"text-align: justify;\"><span style=\"font-size: 10pt;\"><span style=\"font-family: verdana,geneva;\">Il consigliere indipendente, oltre a contestare il metodo di formazione del Pug, torna sul presunto conflitto d\u2019interessi sulla posizione di consiglieri di maggioranza e assessori: \u201cNon ci si \u00e8 attenuti nella maniera pi\u00f9 assoluta alle direttive del Drag (Documento Regionale di Assetto Generale, ndr). Il Drag parla di una compartecipazione popolare che c\u2019\u00e8 stata fino al dicembre 2008, ultima seduta della Commissione in cui si sono ascoltate tutte le associazioni di categoria, anche quelle libere e i semplici cittadini. Dopodich\u00e9 &#8211; denuncia Denovellis &#8211; in questo periodo, decadendo la variante, veniva ancora in auge il Pdf. <strong>Il Sindaco poteva normare nuovamente il Pdf <\/strong>e dire, tanto per fare un esempio, che le altezze massime non erano di 20 metri ma potevano essere di 15. Si \u00e8 avuta una speculazione edilizia che ha portato a un impoverimento del potere di acquisto dei suoli e un impoverimento del mercato immobiliare futuro.\u201d<\/span><\/span><\/p>\n<div style=\"text-align: justify;\"><\/div>\n<p style=\"text-align: justify;\"><span style=\"font-size: 10pt;\"><span style=\"font-family: verdana,geneva;\"><strong>Denovellis prevede cos\u00ec un crollo del valore immobiliare delle case a tutto svantaggio dei turesi<\/strong>: \u201cSi fanno permute molto al di sotto di quelle dei paesi limitrofi &#8211; prosegue ai nostri microfoni &#8211; perch\u00e9 sono state rilasciate licenze edilizie in maniera scriteriata, quando in realt\u00e0 queste potevano essere normate dal consiglio comunale. Nel frattempo quella variante \u00e8 decaduta e quindi si sono rilasciati circa 1400 alloggi nuovi. Nella saccoccia del turese porter\u00e0 a una diminuzione del 30-40% del valore immobiliare. Casa mia e casa di qualcun altro \u00e8 quotata del 20-40% in meno di quanto la si quotava tre anni fa. Questa \u00e8 la realt\u00e0 dove ci ha portato questa amministrazione.\u201d<\/span><\/span><\/p>\n<div style=\"text-align: justify;\"><\/div>\n<p style=\"text-align: justify;\"><span style=\"font-size: 10pt;\"><span style=\"font-family: verdana,geneva;\">Denovellis fa due conti sugli oneri di urbanizzazione, prima di affondare la lama sui consiglieri di maggioranza e assessori: \u201cSi sarebbero incamerati oneri per circa 2-4milioni di euro in pi\u00f9 di quelli che si sono incamerati. Questi oneri non incassati sarebbero serviti al<strong>l\u2019urbanizzazione di Turi che onestamente \u00e8 \u201cai piedi di cristo\u201d<\/strong>, compresa la viabilit\u00e0: basti pensare che le rotonde sono tutte saltate. Noi quindi, andremo ad approvare un Pug stretto, di ampliamento, dove dobbiamo andare a reperire altri suoli edificatori, e guarda caso questi suoli, su gran parte di questi suoli edificatori, c\u2019entrano parecchi consiglieri e assessori comunali\u201d.<\/span><\/span><\/p>\n<div style=\"text-align: justify;\"><\/div>\n<p style=\"text-align: justify;\"><span style=\"font-size: 10pt;\"><span style=\"font-family: verdana,geneva;\">\u201c<strong>Ci sono interessi da parte di privati: Carenza, Boccardi, D\u2019Autilia, Cazzetta <\/strong>\u2013 \u00e8 l\u2019accusa di Denovellis &#8211; qualcuno era gi\u00e0 di propriet\u00e0, ma il dott. Boccardi lo ha acquistato ultimamente. Rientrano nel Pug in zona di ampliamento. Da un valore x si ritroveranno ad avere un valore sicuramente quintuplicato. Sono delle zone edificabili di comparto, hanno un indice di fabbricabilit\u00e0. <strong>Quindi l\u2019altro grosso problema \u00e8 quello di incompatibilit\u00e0 col Pug<\/strong>. Non andranno a votare il Pug perch\u00e9 non hanno i numeri per votare il Pug. Deve andare alla regione ed essere approvato e le direttive del Drag non sono state per niente seguite. E\u2019 del tutto improbabile che possa essere approvato. Queste persone che ho citato possono fare un confronto e dire che non sono compatibili. A me va bene, per avere maggiore trasparenza facessero in modo che risultassero compatibili, i loro suoli o zone non devono rientrare in queste zone di ampliamento e quindi poi potranno votare il Pug.\u201d<\/span><\/span><\/p>\n<div style=\"text-align: justify;\"><\/div>\n<p style=\"text-align: justify;\"><span style=\"font-size: 10pt;\"><span style=\"font-family: verdana,geneva;\">Prima di passare al Pirp e all\u2019attacco del senatore Coppi, Denovellis si domanda chi possa aver deciso tutto questo: \u201cVorrei saperlo. L\u2019ha deciso il sindaco che \u00e8 assessore all\u2019urbanistica? <strong>Il vicesindaco che non ho capito ancora se \u00e8 assessore alle finanze, ai lavori pubblici, all\u2019urbanistica<\/strong>? Queste tavole dovevano essere pubblicate sul sito del comune e non sono mai state pubblicate. A dicembre del 2009 dopo un anno che non si parlava di niente, ci \u00e8 stato dato un dischetto in cui si vedevano tutte queste zone di ampliamento e il Pug come doveva essere, quindi ci \u00e8 stato imposto. Il metodo adottato \u00e8 come fare un vecchio piano regolatore. E\u2019 stato stravolto quello che l\u2019assessore Barbanente ha dato come indirizzo politico.\u201d<\/span><\/span><\/p>\n<div style=\"text-align: justify;\"><\/div>\n<p style=\"text-align: justify;\"><span style=\"font-size: 10pt;\"><span style=\"font-family: verdana,geneva;\">Anche a proposito del Pirp Denovellis contesta il metodo: \u201cSi estendeva su una zona con Lama Giotta, dove io, quando ero assessore, feci in modo di avere un finanziamento di 900mila euro che adesso hanno avuto. Oggi \u00e8 stato rispolverato con uno dei pochi che aveva compartecipato, il senatore Coppi, che aveva presentato gi\u00e0 due conferenze di servizio: una gi\u00f9 ai pozzi di Don Ciccio per fare una Rsa, e adesso una terza Rsa \u00e8 stata presentata per farla al posto dell\u2019ospedale, laddove c\u2019\u00e8 gi\u00e0 una struttura che secondo i nuovi criteri antisismici andrebbe tra l\u2019altro demolita. Cosa stanno per fare con l\u2019avvallo di quasi tutti? Hanno fatto in modo che l\u2019area dell\u2019ospedale fosse valutata meno del suo valore effettivo, facendola rientrare in una zona R4, zona di massimo impluvio. Dovete sapere che in quella zona di R4 dall\u2019Utc sono stati rilasciati progetti\u00a0 con studi geologici ed \u00e8 stato fatto in modo che si potesse costruire. Per cui quella zona non rientra pi\u00f9 in una zona R4 e quindi si potr\u00e0 costruire. Questa amministrazione ha anticipato la risposta dell\u2019autorit\u00e0 di bacino. E\u2019 stata riconosciuta dall\u2019Utc in seguito a consulenze esterne fatte con un geologo. Quell\u2019area non \u00e8 da valutare cos\u00ec come \u00e8 stato fatto. Guarda caso sono andati a riprendere il Pirp vecchio e hanno detto che sar\u00e0 valutata quell\u2019area a un prezzo molto inferiore. Chi dovrebbe comprare, sempre il senatore Coppi, lo dovr\u00e0 fare a un prezzo inferiore. Le sembra una cosa giusta? Oltre ad averci depauperato della propria casa che vale il 30% in meno, <strong>stanno svalutando le propriet\u00e0 di Turi che sono propriet\u00e0 di tutti i turesi per svenderle a un privato<\/strong>. Faccio notare che tutte le valutazioni degli immobili sono state fatte pagando all\u2019agenzia del territorio. L\u2019unico immobile che non sar\u00e0 valutato dall\u2019agenzia del territorio \u00e8 l\u2019ospedale. A questo punto mi sorgono enormi dubbi, io su questa faccenda aspetter\u00f2 l\u2019evolversi. Adesso che \u00e8 stata declassificata l\u2019area, su questa faccenda star\u00f2 alla finestra, star\u00f2 a vedere, ho gi\u00e0 votato contro.\u201d<\/span><\/span><\/p>\n<div style=\"text-align: justify;\"><\/div>\n<p style=\"text-align: justify;\"><span style=\"font-size: 10pt;\"><span style=\"font-family: verdana,geneva;\">Denovellis si sfoga cos\u00ec, auspicandosi che intervenga la magistratura: \u201cBisogna dire a tutti i cittadini che parecchi consiglieri di maggioranza, quando durante il mio intervento al consiglio comunale assentivano a ci\u00f2 che dicevo, purtroppo hanno poi votato alzando la mano come tante pecore. <strong>Mi ha sorpreso l\u2019atteggiamento dei colleghi di minoranza <\/strong>che si sono astenuti, forse perch\u00e9 l\u2019ex cinema, dopo il nostro ricorso al Tar, non sar\u00e0 pi\u00f9 svenduto al privato, com\u2019era nelle origini. Forse per questo si sono astenuti. Tuttavia, i turesi dalla minoranza si aspettano una pi\u00f9 ferma presa di posizione.\u201d<\/span><\/span><\/p>\n<div style=\"text-align: justify;\"><\/div>\n<p style=\"text-align: justify;\"><span style=\"font-size: 10pt;\"><span style=\"font-family: verdana,geneva;\">\u201cLa partita non \u00e8 finita &#8211; conclude &#8211; Io sto ancora in consiglio comunale. Se dovessero approvare il Pirp, sono sicuro che tutta questa vicenda andr\u00e0 a finire in mano alla magistratura, perch\u00e9 io di queste cose mi sono rotto. Devono rivedere queste decisioni che vanno contro le tasche dei cittadini turesi. La mia proposta sul Pirp \u00e8 questa. Visto che l\u2019area \u00e8 abbastanza grande, deve essere rivalutata dai 200-300 euro al metro quadro per andare ben oltre gli 8-900mila euro complessivi quanto loro vogliono far credere. E al cittadino inoltre, bisogna proporre una cessione parziale dell\u2019area e la costruzione di un nuovo municipio. Insomma, una specie di progetto di finanza. Del resto, io ho iniziato in questo paese con l\u2019idea di un project financing. Sul PIP (Piano Insediamenti Produttivi) tanto stanno facendo che alla fine non si dovr\u00e0 attuare, perch\u00e9 non riescono a trovare colui che voglia finanziare e accollarsi questo onere. Questi finanziatori sborsano quando c\u2019\u00e8 una classe politica degna di meritarsi la loro fiducia. <strong>Loro non sono degni della fiducia di qualche finanziatore<\/strong>.\u201d<\/span><\/span><\/p>\n","protected":false},"excerpt":{"rendered":"<p><img loading=\"lazy\" decoding=\"async\" height=\"150\" width=\"320\" src=\"images\/stories\/archiviofoto\/DENOVELLIS.jpg\" alt=\"DENOVELLIS\" \/><\/p>\n","protected":false},"author":1,"featured_media":0,"comment_status":"open","ping_status":"closed","sticky":false,"template":"","format":"standard","meta":{"colormag_page_container_layout":"default_layout","colormag_page_sidebar_layout":"default_layout","footnotes":""},"categories":[4],"tags":[],"class_list":["post-2112","post","type-post","status-publish","format-standard","hentry","category-politica"],"_links":{"self":[{"href":"https:\/\/archivioturi.lavocedelpaese.info\/index.php\/wp-json\/wp\/v2\/posts\/2112","targetHints":{"allow":["GET"]}}],"collection":[{"href":"https:\/\/archivioturi.lavocedelpaese.info\/index.php\/wp-json\/wp\/v2\/posts"}],"about":[{"href":"https:\/\/archivioturi.lavocedelpaese.info\/index.php\/wp-json\/wp\/v2\/types\/post"}],"author":[{"embeddable":true,"href":"https:\/\/archivioturi.lavocedelpaese.info\/index.php\/wp-json\/wp\/v2\/users\/1"}],"replies":[{"embeddable":true,"href":"https:\/\/archivioturi.lavocedelpaese.info\/index.php\/wp-json\/wp\/v2\/comments?post=2112"}],"version-history":[{"count":0,"href":"https:\/\/archivioturi.lavocedelpaese.info\/index.php\/wp-json\/wp\/v2\/posts\/2112\/revisions"}],"wp:attachment":[{"href":"https:\/\/archivioturi.lavocedelpaese.info\/index.php\/wp-json\/wp\/v2\/media?parent=2112"}],"wp:term":[{"taxonomy":"category","embeddable":true,"href":"https:\/\/archivioturi.lavocedelpaese.info\/index.php\/wp-json\/wp\/v2\/categories?post=2112"},{"taxonomy":"post_tag","embeddable":true,"href":"https:\/\/archivioturi.lavocedelpaese.info\/index.php\/wp-json\/wp\/v2\/tags?post=2112"}],"curies":[{"name":"wp","href":"https:\/\/api.w.org\/{rel}","templated":true}]}}