{"id":2087,"date":"2010-05-12T17:00:38","date_gmt":"2010-05-12T17:00:38","guid":{"rendered":"https:\/\/archivioturi.lavocedelpaese.info\/index.php\/2010\/05\/12\/asp-turi-quarta-realta-pallavolistica-pugliese\/"},"modified":"2010-05-12T17:00:38","modified_gmt":"2010-05-12T17:00:38","slug":"asp-turi-quarta-realta-pallavolistica-pugliese","status":"publish","type":"post","link":"https:\/\/archivioturi.lavocedelpaese.info\/index.php\/2010\/05\/12\/asp-turi-quarta-realta-pallavolistica-pugliese\/","title":{"rendered":"ASP TURI, QUARTA REALTA&#8217; PALLAVOLISTICA PUGLIESE"},"content":{"rendered":"<p style=\"text-align: justify;\"><img loading=\"lazy\" decoding=\"async\" class=\" size-full wp-image-1249\" alt=\"pallavolo\" src=\"https:\/\/archivioturi.lavocedelpaese.info\/wp-content\/uploads\/2010\/01\/pallavolo.jpg\" width=\"319\" height=\"150\" srcset=\"https:\/\/archivioturi.lavocedelpaese.info\/wp-content\/uploads\/2010\/01\/pallavolo.jpg 640w, https:\/\/archivioturi.lavocedelpaese.info\/wp-content\/uploads\/2010\/01\/pallavolo-300x141.jpg 300w\" sizes=\"auto, (max-width: 319px) 100vw, 319px\" \/><\/p>\n<p style=\"text-align: justify;\"><span style=\"font-size: 10pt;\"><span style=\"font-family: verdana,geneva;\"><strong>Intervista al direttore sportivo della ASP Turi Leo Spinelli che ammette: \u201cSiamo tra le principali e consolidate realt\u00e0 del volley pugliese\u201d.<\/strong><br \/><\/span><\/span><\/p>\n<div style=\"text-align: justify;\"><\/div>\n<p style=\"text-align: justify;\"><span style=\"font-size: 10pt;\"><span style=\"font-family: verdana,geneva;\">Concluso con un grande terzo posto finale che significa playoff per la serie A2 il primo campionato in terza serie nazionale dell\u2019ASP Villa Menelao Turi, la squadra \u00e8 al lavoro per prepararsi ai quarti di finale degli spareggi che la vedr\u00e0 opposta al Correggio (RE).<\/span><\/span><\/p>\n<div style=\"text-align: justify;\"><\/div>\n<p style=\"text-align: justify;\"><span style=\"font-size: 10pt;\"><span style=\"font-family: verdana,geneva;\">Attraverso le parole del d.s. della societ\u00e0 biancoazzurra tastiamo il polso della situazione in casa ASP in questo momento storico.<\/span><\/span><\/p>\n<div style=\"text-align: justify;\"><\/div>\n<p style=\"text-align: justify;\"><span style=\"font-size: 10pt;\"><span style=\"font-family: verdana,geneva;\"><strong>Vi aspettavate una stagione cos\u00ec importante per l\u2019ASP Turi?<\/strong> \u201cL\u2019entusiasmo e la <\/span><\/span><img loading=\"lazy\" decoding=\"async\" class=\" alignright size-full wp-image-2086\" style=\"margin: 10px 0px 10px 10px; float: right;\" alt=\"leo_spinelli\" src=\"https:\/\/archivioturi.lavocedelpaese.info\/wp-content\/uploads\/2010\/05\/leo_spinelli.jpg\" width=\"220\" height=\"329\" srcset=\"https:\/\/archivioturi.lavocedelpaese.info\/wp-content\/uploads\/2010\/05\/leo_spinelli.jpg 299w, https:\/\/archivioturi.lavocedelpaese.info\/wp-content\/uploads\/2010\/05\/leo_spinelli-200x300.jpg 200w\" sizes=\"auto, (max-width: 220px) 100vw, 220px\" \/><span style=\"font-size: 10pt;\"><span style=\"font-family: verdana,geneva;\">voglia di impegnarsi e dare sempre il massimo in ogni allenamento e in ogni gara \u00e8 stata evidente da parte di tutti, societ\u00e0 e squadra, sin dai primi allenamenti e le prime amichevoli l\u2019estate scorsa. Certo il risultato conseguito, il terzo posto raggiunto con 56 punti frutto di 19 vittorie di cui 10 con il massimo distacco, \u00e8 straordinario, inatteso. Siamo sempre stati nelle prime quattro posizioni e anche dopo il momento difficile di dicembre, con tre sconfitte consecutive, abbiamo conservato grande equilibrio e voglia nel migliorare gli aspetti del nostro gioco sui quali era necessario lavor<\/span><\/span><\/p>\n<p style=\"text-align: justify;\"><span style=\"font-size: 10pt;\"><span style=\"font-family: verdana,geneva;\">are con pi\u00f9 intensit\u00e0. Poi Gianni (Narracci, n.d.r.) e i ragazzi in campo hanno dimostrato tutto il loro valore e il forte leg<\/span><\/span><\/p>\n<p style=\"text-align: justify;\"><span style=\"font-size: 10pt;\"><span style=\"font-family: verdana,geneva;\">ame di tutti con la societ\u00e0 e l\u2019ambiente. Le vittorie contro il Molfetta e in trasferta ad Atripalda e Gela sono state veramente importanti e decisive, restano le immagini pi\u00f9 belle di questa stagio<\/span><\/span><\/p>\n<p style=\"text-align: justify;\"><span style=\"font-size: 10pt;\"><span style=\"font-family: verdana,geneva;\">ne. Cos\u00ec come significativo \u00e8 lo spirito di questo gruppo, dirigenti tecnici e atleti, uniti nell\u2019affrontare le diverse problematiche che il nuovo campionato ha richiesto, senza mai una polemica ma concentrati sul proprio lavoro e sugli obiettivi, impermeabili alle stupide, inopportune considerazioni di esterni, un gruppo nel quale ciascuno ha dato tutto per la squadra e mai per se stesso\u201d.<\/span><\/span><\/p>\n<div style=\"text-align: justify;\"><\/div>\n<p style=\"text-align: justify;\"><span style=\"font-size: 10pt;\"><span style=\"font-family: verdana,geneva;\"><strong>Quali sono gli obiettivi della squadra in questi storici playoff? <\/strong><\/span><\/span><\/p>\n<p style=\"text-align: justify;\"><span style=\"font-size: 10pt;\"><span style=\"font-family: verdana,geneva;\">\u201cL\u2019obiettivo \u00e8 certamente quello di continuare a dare il massimo, di provarci, nonostante un po\u2019 di stanchezza e acciacchi e affrontare questa sfida play off contro la squadra di Correggio con grande entusiasmo, senza precluderci nessuna possibilit\u00e0 e senza particolare tensione. I nostri avversari sono molti forti, una squadra e una societ\u00e0 abituata a queste sfide decisive nelle quali \u00e8 importante sbagliare il meno possibile. Poi sar\u00e0 il campo a dirci se continueremo quest\u2019avventura o no \u2026 Ho molta fiducia in questo gruppo, so che vogliono lasciare un segno ancora pi\u00f9 importante\u201d.<\/span><\/span><\/p>\n<div style=\"text-align: justify;\"><\/div>\n<p style=\"text-align: justify;\"><span style=\"font-size: 10pt;\"><span style=\"font-family: verdana,geneva;\"><strong>Tante difficolt\u00e0 per la pallavolo: quali sono le prospettive?<\/strong> <\/span><\/span><\/p>\n<p style=\"text-align: justify;\"><span style=\"font-size: 10pt;\"><span style=\"font-family: verdana,geneva;\">\u201cSar\u00e0 un\u2019altra estate difficile per la pallavolo; stanno emergendo con forza quelle situazioni di difficolt\u00e0 nei bilanci anche per alcune grosse societ\u00e0 di serie A. Speriamo di contagiare con il nostro entusiasmo e con i risultati che in questi due anni abbiamo raggiunto, altri importanti imprenditori che vogliano legare la propria immagine a questa societ\u00e0 per dare continuit\u00e0, solidit\u00e0 a questo sport nel nostro paese. Siamo per la pallavolo in Puglia ormai tra le principali e consolidate realt\u00e0, dopo societ\u00e0 storiche come Taranto, Castellana e Gioia del Colle. Spero che gli ottimi risultati raggiunti anche dai gruppi del nostro settore giovanile possano creare le giuste condizioni per andare avanti con il giusto equilibrio e buon senso.&#8221; <\/span><\/span><\/p>\n<p style=\"text-align: justify;\"><span style=\"font-size: 10pt;\"><span style=\"font-family: verdana,geneva;\">Infine il d.s. Spinelli ha voluto rivolgere un pensiero anche ai giovanissimi: \u201cAi nostri ragazzi volevo suggerire di continuare a divertirsi, senza farsi illudere o ingannare, di avere il sogno di poter presto far parte della prima squadra del proprio paese\u201d.<\/span><\/span><\/p>\n","protected":false},"excerpt":{"rendered":"<p style=\"text-align: justify;\"><img loading=\"lazy\" decoding=\"async\" class=\" size-full wp-image-1249\" alt=\"pallavolo\" src=\"https:\/\/archivioturi.lavocedelpaese.info\/wp-content\/uploads\/2010\/01\/pallavolo.jpg\" width=\"319\" height=\"150\" srcset=\"https:\/\/archivioturi.lavocedelpaese.info\/wp-content\/uploads\/2010\/01\/pallavolo.jpg 640w, https:\/\/archivioturi.lavocedelpaese.info\/wp-content\/uploads\/2010\/01\/pallavolo-300x141.jpg 300w\" sizes=\"auto, (max-width: 319px) 100vw, 319px\" \/><\/p>\n","protected":false},"author":1,"featured_media":1249,"comment_status":"open","ping_status":"closed","sticky":false,"template":"","format":"standard","meta":{"colormag_page_container_layout":"default_layout","colormag_page_sidebar_layout":"default_layout","footnotes":""},"categories":[5],"tags":[],"class_list":["post-2087","post","type-post","status-publish","format-standard","has-post-thumbnail","hentry","category-sport"],"_links":{"self":[{"href":"https:\/\/archivioturi.lavocedelpaese.info\/index.php\/wp-json\/wp\/v2\/posts\/2087","targetHints":{"allow":["GET"]}}],"collection":[{"href":"https:\/\/archivioturi.lavocedelpaese.info\/index.php\/wp-json\/wp\/v2\/posts"}],"about":[{"href":"https:\/\/archivioturi.lavocedelpaese.info\/index.php\/wp-json\/wp\/v2\/types\/post"}],"author":[{"embeddable":true,"href":"https:\/\/archivioturi.lavocedelpaese.info\/index.php\/wp-json\/wp\/v2\/users\/1"}],"replies":[{"embeddable":true,"href":"https:\/\/archivioturi.lavocedelpaese.info\/index.php\/wp-json\/wp\/v2\/comments?post=2087"}],"version-history":[{"count":0,"href":"https:\/\/archivioturi.lavocedelpaese.info\/index.php\/wp-json\/wp\/v2\/posts\/2087\/revisions"}],"wp:featuredmedia":[{"embeddable":true,"href":"https:\/\/archivioturi.lavocedelpaese.info\/index.php\/wp-json\/wp\/v2\/media\/1249"}],"wp:attachment":[{"href":"https:\/\/archivioturi.lavocedelpaese.info\/index.php\/wp-json\/wp\/v2\/media?parent=2087"}],"wp:term":[{"taxonomy":"category","embeddable":true,"href":"https:\/\/archivioturi.lavocedelpaese.info\/index.php\/wp-json\/wp\/v2\/categories?post=2087"},{"taxonomy":"post_tag","embeddable":true,"href":"https:\/\/archivioturi.lavocedelpaese.info\/index.php\/wp-json\/wp\/v2\/tags?post=2087"}],"curies":[{"name":"wp","href":"https:\/\/api.w.org\/{rel}","templated":true}]}}