{"id":2043,"date":"2010-05-06T13:13:12","date_gmt":"2010-05-06T13:13:12","guid":{"rendered":"https:\/\/archivioturi.lavocedelpaese.info\/index.php\/2010\/05\/06\/gillet-e-sansonna-per-telethon\/"},"modified":"2010-05-06T13:13:12","modified_gmt":"2010-05-06T13:13:12","slug":"gillet-e-sansonna-per-telethon","status":"publish","type":"post","link":"https:\/\/archivioturi.lavocedelpaese.info\/index.php\/2010\/05\/06\/gillet-e-sansonna-per-telethon\/","title":{"rendered":"GILLET E SANSONNA PER TELETHON"},"content":{"rendered":"<p><strong><img loading=\"lazy\" decoding=\"async\" class=\" size-full wp-image-2042\" height=\"150\" width=\"320\" src=\"https:\/\/archivioturi.lavocedelpaese.info\/wp-content\/uploads\/2010\/05\/CIMG3341.jpg\" alt=\"CIMG3341\" srcset=\"https:\/\/archivioturi.lavocedelpaese.info\/wp-content\/uploads\/2010\/05\/CIMG3341.jpg 640w, https:\/\/archivioturi.lavocedelpaese.info\/wp-content\/uploads\/2010\/05\/CIMG3341-300x141.jpg 300w\" sizes=\"auto, (max-width: 320px) 100vw, 320px\" \/><\/strong><\/p>\n<p><strong>\u00a0<\/strong><\/p>\n<p style=\"text-align: justify;\"><span style=\"font-size: 10pt;\"><span style=\"font-family: verdana,geneva;\">Da quando esiste, precisamente dal 1990, siamo abituati ad identificare Telethon con la diretta televisiva di 30 ore che si svolge ogni anno. In realt\u00e0 Telethon \u00e8 qualcosa di pi\u00f9, molto di pi\u00f9. Telethon \u00e8 infatti l\u2019associazione senza fini di lucro che organizza l\u2019evento televisivo, gestisce i fondi raccolti e la sua attivit\u00e0 non conosce soste. Ne \u00e8 esempio la serata organizzata ieri presso la sala Conferenze della Biblioteca comunale.<\/span><\/span><\/p>\n<div style=\"text-align: justify;\"><\/div>\n<p style=\"text-align: justify;\"><span style=\"font-size: 10pt;\"><span style=\"font-family: verdana,geneva;\"><strong>Insieme per Vincere<\/strong>, titolo della manifestazione, ha visto l\u2019impegno di importanti atleti, come <strong>Jean Fran\u00e7ois Gillet<\/strong>, portiere del A.S. Bari, e <strong>Stefania Sansonna<\/strong>, giocatrice della Florens di pallavolo, in prima linea impegnati in attivit\u00e0 di sensibilizzazione alla donazione.<\/span><\/span><\/p>\n<div style=\"text-align: justify;\"><\/div>\n<p style=\"text-align: justify;\"><span style=\"font-size: 10pt;\"><span style=\"font-family: verdana,geneva;\">L\u2019evento, moderato dal giornalista Francesco Iato, alla presenza di una rappresentanza dell\u2019Amministrazione Comunale, attraverso la partecipazione di famosi nomi del panorama sportivo pugliese, ha voluto continuare un programma iniziato gi\u00e0 lo scorso anno e che rivolge la propria attenzione alle malattie immunodegenerative, oltre che alla SLA.<\/span><\/span><\/p>\n<div style=\"text-align: justify;\"><\/div>\n<p style=\"text-align: justify;\"><span style=\"font-size: 10pt;\"><span style=\"font-family: verdana,geneva;\">\u201cDonare \u00e8 una cosa buona ed importante \u2013 sostiene Gillet \u2013 e, nonostante io sia impegnato gi\u00e0 da diverso tempo in questa campagna, ritengo che il modo migliore sia di farlo in maniera discreta\u201d. L\u2019obiettivo della manifestazione Telethon della scorsa sera \u00e8 rivolto alla formazione di centri di ricerca di una delle malattie <\/span><\/span><span style=\"font-size: 10pt;\"><span style=\"font-family: verdana,geneva;\">neurodegenerative<\/span><\/span><span style=\"font-size: 10pt;\"><span style=\"font-family: verdana,geneva;\"> come la SLA (sclerosi laterale amiotrofica), che a Turi ha colpito un nostro concittadino.<\/span><\/span><\/p>\n<div style=\"text-align: justify;\"><\/div>\n<p style=\"text-align: justify;\"><span style=\"font-size: 10pt;\"><span style=\"font-family: verdana,geneva;\">\u201cQueste manifestazioni non devono essere solo una finestra per mettere in mostra il nostro operato e quello che si vuol fare, piuttosto bisogna impegnarsi per raggiungere degli obiettivi concreti &#8211; esordisce la Sansonna &#8211; Noi della Florens siamo gi\u00e0 impegnate in altre attivit\u00e0 di beneficienza e ci \u00e8 capitato molto spesso di assistere a scene molto toccanti. Ricordo di aver visto persino la vergogna di alcuni genitori a mostrare in pubblico i propri figli malati\u201d.<\/span><\/span><\/p>\n<div style=\"text-align: justify;\"><\/div>\n<p style=\"text-align: justify;\"><span style=\"font-size: 10pt;\"><span style=\"font-family: verdana,geneva;\">Come ha sostenuto, infatti, il consigliere regionale Ignazio Zullo, \u201cavere un malato di SLA o un malato colpito da invalidamento progressivo in casa, \u00e8 la cosa pi\u00f9 brutta e difficile per una famiglia. Dover rinunciare al lavoro per assistere il malato, essere fuori dalla vita sociale per stargli vicino, occuparsi 24 ore su 24 perch\u00e9 \u00e8 impossibilitato a far tutto, \u00e8 un impegno estremamente gravoso, che noi tutti dobbiamo risolvere\u201d. \u201cLa provincia di Bari &#8211; ha commentato l\u2019assessore Onofrio Resta &#8211; come la stessa Regione Puglia, sono vicini a questi problemi e continueranno ad impegnarsi per far crescere l\u2019interesse e la responsabilit\u00e0 di molti verso la beneficienza\u201d. Un importante ringraziamento \u00e8 andato ad Alberto Totire, rappresentante del gruppo BNL che da anni opera con Telethon.<\/span><\/span><\/p>\n<p style=\"text-align: justify;\"><span style=\"font-size: 10pt;\"><span style=\"font-family: verdana,geneva;\"><br \/><\/span><\/span><\/p>\n<p><object data=\"http:\/\/picasaweb.google.it\/s\/c\/bin\/slideshow.swf\" type=\"application\/x-shockwave-flash\" height=\"400\" width=\"600\"><param name=\"flashvars\" value=\"host=picasaweb.google.it&amp;captions=1&amp;hl=it&amp;feat=flashalbum&amp;RGB=0x000000&amp;feed=http%3A%2F%2Fpicasaweb.google.it%2Fdata%2Ffeed%2Fapi%2Fuser%2F102358024708314352399%2Falbumid%2F5468144429443911361%3Falt%3Drss%26kind%3Dphoto%26hl%3Dit\" \/><param name=\"src\" value=\"http:\/\/picasaweb.google.it\/s\/c\/bin\/slideshow.swf\" \/><\/object><\/p>\n","protected":false},"excerpt":{"rendered":"<p><strong><img loading=\"lazy\" decoding=\"async\" class=\" size-full wp-image-2042\" height=\"150\" width=\"320\" src=\"https:\/\/archivioturi.lavocedelpaese.info\/wp-content\/uploads\/2010\/05\/CIMG3341.jpg\" alt=\"CIMG3341\" srcset=\"https:\/\/archivioturi.lavocedelpaese.info\/wp-content\/uploads\/2010\/05\/CIMG3341.jpg 640w, https:\/\/archivioturi.lavocedelpaese.info\/wp-content\/uploads\/2010\/05\/CIMG3341-300x141.jpg 300w\" sizes=\"auto, (max-width: 320px) 100vw, 320px\" \/><\/strong><\/p>\n<p><strong>\u00a0<\/strong><\/p>\n","protected":false},"author":1,"featured_media":2042,"comment_status":"open","ping_status":"closed","sticky":false,"template":"","format":"standard","meta":{"colormag_page_container_layout":"default_layout","colormag_page_sidebar_layout":"default_layout","footnotes":""},"categories":[7],"tags":[],"class_list":["post-2043","post","type-post","status-publish","format-standard","has-post-thumbnail","hentry","category-attualita"],"_links":{"self":[{"href":"https:\/\/archivioturi.lavocedelpaese.info\/index.php\/wp-json\/wp\/v2\/posts\/2043","targetHints":{"allow":["GET"]}}],"collection":[{"href":"https:\/\/archivioturi.lavocedelpaese.info\/index.php\/wp-json\/wp\/v2\/posts"}],"about":[{"href":"https:\/\/archivioturi.lavocedelpaese.info\/index.php\/wp-json\/wp\/v2\/types\/post"}],"author":[{"embeddable":true,"href":"https:\/\/archivioturi.lavocedelpaese.info\/index.php\/wp-json\/wp\/v2\/users\/1"}],"replies":[{"embeddable":true,"href":"https:\/\/archivioturi.lavocedelpaese.info\/index.php\/wp-json\/wp\/v2\/comments?post=2043"}],"version-history":[{"count":0,"href":"https:\/\/archivioturi.lavocedelpaese.info\/index.php\/wp-json\/wp\/v2\/posts\/2043\/revisions"}],"wp:featuredmedia":[{"embeddable":true,"href":"https:\/\/archivioturi.lavocedelpaese.info\/index.php\/wp-json\/wp\/v2\/media\/2042"}],"wp:attachment":[{"href":"https:\/\/archivioturi.lavocedelpaese.info\/index.php\/wp-json\/wp\/v2\/media?parent=2043"}],"wp:term":[{"taxonomy":"category","embeddable":true,"href":"https:\/\/archivioturi.lavocedelpaese.info\/index.php\/wp-json\/wp\/v2\/categories?post=2043"},{"taxonomy":"post_tag","embeddable":true,"href":"https:\/\/archivioturi.lavocedelpaese.info\/index.php\/wp-json\/wp\/v2\/tags?post=2043"}],"curies":[{"name":"wp","href":"https:\/\/api.w.org\/{rel}","templated":true}]}}