{"id":2007,"date":"2010-04-30T10:01:24","date_gmt":"2010-04-30T10:01:24","guid":{"rendered":"https:\/\/archivioturi.lavocedelpaese.info\/index.php\/2010\/04\/30\/randagi-aggrediscono-un-bimbo-causa-al-comune-e-asl\/"},"modified":"2010-04-30T10:01:24","modified_gmt":"2010-04-30T10:01:24","slug":"randagi-aggrediscono-un-bimbo-causa-al-comune-e-asl","status":"publish","type":"post","link":"https:\/\/archivioturi.lavocedelpaese.info\/index.php\/2010\/04\/30\/randagi-aggrediscono-un-bimbo-causa-al-comune-e-asl\/","title":{"rendered":"RANDAGI AGGREDISCONO UN BIMBO"},"content":{"rendered":"<p style=\"text-align: justify;\"><img loading=\"lazy\" decoding=\"async\" class=\" size-full wp-image-2006\" alt=\"canirandagi\" src=\"https:\/\/archivioturi.lavocedelpaese.info\/wp-content\/uploads\/2010\/04\/canirandagi.jpg\" width=\"320\" height=\"150\" srcset=\"https:\/\/archivioturi.lavocedelpaese.info\/wp-content\/uploads\/2010\/04\/canirandagi.jpg 640w, https:\/\/archivioturi.lavocedelpaese.info\/wp-content\/uploads\/2010\/04\/canirandagi-300x141.jpg 300w\" sizes=\"auto, (max-width: 320px) 100vw, 320px\" \/><\/p>\n<p style=\"text-align: justify;\"><span style=\"font-size: 10pt;\"><span style=\"font-family: verdana,geneva;\">Il problema del randagismo sta coinvolgendo le strade del nostro paese. Sono numerosi, infatti, i cittadini spaventati dalla presenza di piccoli branchi e impauriti nell\u2019attraversare le strade pi\u00f9 buie e pi\u00f9 nascoste di Turi. <strong>Un\u2019aggressione \u00e8 stata segnalata qualche settimana fa ai danni di un minore che stava percorrendo via Ginestre. I genitori del ragazzino, quantificati i danni in 5000\u20ac, hanno fatto causa alla ASL BA e al sindaco del Comune di Turi.<\/strong><\/span><\/span><\/p>\n<div style=\"text-align: justify;\"><\/div>\n<p style=\"text-align: justify;\"><span style=\"font-size: 10pt;\"><span style=\"font-family: verdana,geneva;\">Come si apprende dalla delibera di Giunta Comunale n. 47, l\u2019Amministrazione ha autorizzato il sindaco, dott. Vincenzo Gigantelli, a costituirsi e a resistere in giudizio dinanzi al Giudice di Pace di Putignano, in seguito alla richiesta promossa dai genitori del minore vittima dell\u2019aggressione da parte di alcuni cani randagi presenti sul territorio comunale. 0<\/span><\/span><\/p>\n<div style=\"text-align: justify;\"><\/div>\n<p style=\"text-align: justify;\"><span style=\"font-size: 10pt;\"><span style=\"font-family: verdana,geneva;\">Come si pu\u00f2 leggere nella stessa delibera, il Comune ha incaricato come proprio difensore l\u2019Avv. Giuseppe Iazeolla, gi\u00e0 nominato dalla compagnia assicurativa Carige Assicurazioni, con la quale il Comune di Turi ha stretto una polizza assicurativa. Pertanto il presente incarico legale, non comporta alcun onere finanziario per le casse comunali, dal momento che l\u2019avv. Giuseppe Iazeolla \u00e8 stato incaricato dalla stessa Compagnia assicurativa.<\/span><\/span><\/p>\n<div style=\"text-align: justify;\"><\/div>\n<p style=\"text-align: justify;\"><span style=\"font-size: 10pt;\"><span style=\"font-family: verdana,geneva;\">Risale al 23 febbraio scorso la notifica, da parte del comune, di quanto accaduto e del procedimento legale avviato. \u00c8 stata per\u00f2 dichiarata inammissibile la domanda proposta contro l\u2019ASL BA ed \u00e8 stato evidenziato che il Comune di Turi \u00e8 coperto da una polizza di responsabilit\u00e0 civile e rischi con l\u2019Ass. Carige Assicurazioni.<\/span><\/span><\/p>\n","protected":false},"excerpt":{"rendered":"<p style=\"text-align: justify;\"><img loading=\"lazy\" decoding=\"async\" class=\" size-full wp-image-2006\" alt=\"canirandagi\" src=\"https:\/\/archivioturi.lavocedelpaese.info\/wp-content\/uploads\/2010\/04\/canirandagi.jpg\" width=\"320\" height=\"150\" srcset=\"https:\/\/archivioturi.lavocedelpaese.info\/wp-content\/uploads\/2010\/04\/canirandagi.jpg 640w, https:\/\/archivioturi.lavocedelpaese.info\/wp-content\/uploads\/2010\/04\/canirandagi-300x141.jpg 300w\" sizes=\"auto, (max-width: 320px) 100vw, 320px\" \/><\/p>\n","protected":false},"author":1,"featured_media":2006,"comment_status":"open","ping_status":"closed","sticky":false,"template":"","format":"standard","meta":{"colormag_page_container_layout":"default_layout","colormag_page_sidebar_layout":"default_layout","footnotes":""},"categories":[8],"tags":[],"class_list":["post-2007","post","type-post","status-publish","format-standard","has-post-thumbnail","hentry","category-cronaca"],"_links":{"self":[{"href":"https:\/\/archivioturi.lavocedelpaese.info\/index.php\/wp-json\/wp\/v2\/posts\/2007","targetHints":{"allow":["GET"]}}],"collection":[{"href":"https:\/\/archivioturi.lavocedelpaese.info\/index.php\/wp-json\/wp\/v2\/posts"}],"about":[{"href":"https:\/\/archivioturi.lavocedelpaese.info\/index.php\/wp-json\/wp\/v2\/types\/post"}],"author":[{"embeddable":true,"href":"https:\/\/archivioturi.lavocedelpaese.info\/index.php\/wp-json\/wp\/v2\/users\/1"}],"replies":[{"embeddable":true,"href":"https:\/\/archivioturi.lavocedelpaese.info\/index.php\/wp-json\/wp\/v2\/comments?post=2007"}],"version-history":[{"count":0,"href":"https:\/\/archivioturi.lavocedelpaese.info\/index.php\/wp-json\/wp\/v2\/posts\/2007\/revisions"}],"wp:featuredmedia":[{"embeddable":true,"href":"https:\/\/archivioturi.lavocedelpaese.info\/index.php\/wp-json\/wp\/v2\/media\/2006"}],"wp:attachment":[{"href":"https:\/\/archivioturi.lavocedelpaese.info\/index.php\/wp-json\/wp\/v2\/media?parent=2007"}],"wp:term":[{"taxonomy":"category","embeddable":true,"href":"https:\/\/archivioturi.lavocedelpaese.info\/index.php\/wp-json\/wp\/v2\/categories?post=2007"},{"taxonomy":"post_tag","embeddable":true,"href":"https:\/\/archivioturi.lavocedelpaese.info\/index.php\/wp-json\/wp\/v2\/tags?post=2007"}],"curies":[{"name":"wp","href":"https:\/\/api.w.org\/{rel}","templated":true}]}}