{"id":20,"date":"2009-07-01T10:33:47","date_gmt":"2009-07-01T10:33:47","guid":{"rendered":"https:\/\/archivioturi.lavocedelpaese.info\/index.php\/2009\/07\/01\/denovellis-daddabbo-non-ha-mai-assunto-un-controllo\/"},"modified":"2009-07-01T10:33:47","modified_gmt":"2009-07-01T10:33:47","slug":"denovellis-daddabbo-non-ha-mai-assunto-un-controllo","status":"publish","type":"post","link":"https:\/\/archivioturi.lavocedelpaese.info\/index.php\/2009\/07\/01\/denovellis-daddabbo-non-ha-mai-assunto-un-controllo\/","title":{"rendered":"DENOVELLIS: NON CI SONO CONTROLLI"},"content":{"rendered":"<p><img loading=\"lazy\" decoding=\"async\" class=\" size-full wp-image-19\" height=\"156\" width=\"320\" src=\"https:\/\/archivioturi.lavocedelpaese.info\/wp-content\/uploads\/2009\/07\/articolo3turi.jpg\" alt=\"articolo3turi\" srcset=\"https:\/\/archivioturi.lavocedelpaese.info\/wp-content\/uploads\/2009\/07\/articolo3turi.jpg 410w, https:\/\/archivioturi.lavocedelpaese.info\/wp-content\/uploads\/2009\/07\/articolo3turi-300x146.jpg 300w\" sizes=\"auto, (max-width: 320px) 100vw, 320px\" \/><\/p>\n<h4 align=\"justify\">INTERVISTA AL CONSIGLIERE DOTTOR DENOVELLIS<\/h4>\n<p align=\"justify\"><strong><br \/> Su alcuni tratti, i colori che delineano la pista ciclabile sono in stato fatiscente. Come mai? Senza considerare che l&#8217;opera e&#8217; stata realizzata solo alcuni mesi fa&#8230;<\/strong><br \/> &#8220;Le responsabilit\u00e0 sono di chi ha la delega ai lavori pubblici. Era suo compito e dovere accertarsi. Ci\u00f2 significa che qualcosa non ha funzionato&#8221;.<\/p>\n<div align=\"justify\"><strong>Non crede che l&#8217;esecuzione dei lavori &#8220;Pista ciclabile&#8221; sia stata eseguita prematuramente? Su questa strada era presente un cantiere per la costruzione del palazzetto dello sport. Il transito di camion e altri mezzi addetti ai lavori ha certamente contribuito a creare dislivelli o crepe sull&#8217;asfalto, nonch\u00e9 il degrado del colore delle strisce orizzontali\u2026 <\/strong><br \/> &#8220;Per quanto riguarda la rottura della strada, dipende dalla mancanza di dialogo tra gli uffici, nel senso che i responsabili dei lavori pubblici devono necessariamente interferire con gli uffici addetti all&#8217;urbanistica. Per quanto mi riguarda, se questi lavori fossero stati gi\u00e0 preventivati avrebbero dovuto essere posticipati. La cosa pi\u00f9&#8217; grave e&#8217; che per portare acqua e fogna al palazzetto dello sport, ora bisogner\u00e0 scavare dove transita la pista ciclabile. Tutto questo accade per mancanza di dialogo, coordinamento, superficialit\u00e0 nell&#8217;affrontare situazioni che non sono di carattere politico, ma esclusivamente di competenza tecnica&#8221;. <\/p>\n<p> <strong>Quindi, da quello che afferma dobbiamo aspettarci un nuovo cantiere e ancora scavi?<\/strong> <br \/> &#8220;Certo, degli ulteriori scavi. Le posso dire che quelli gi\u00e0 effettuati per l\u2019allacciamento di acqua e fogna, serviti ad un privato, non sono a regola d&#8217;arte, in quanto il capitolato dei lavori da effettuare menziona un ripristino di otto metri per l&#8217;intera area stradale interessata, che allo stato attuale \u00e8 di soli 70 centimetri.<br \/> Il nuovo Assessore ai lavori pubblici e all&#8217;urbanistica, D&#8217;Addabbo non ha mai assunto un controllo di urbanizzazione, tantomeno dei ripristini stradali&#8221;.<\/div>\n<div align=\"justify\"><\/div>\n<p align=\"justify\"><strong>Esprima un suo personale parere. Come andava progettata la pista ciclabile? <\/strong><br \/>&#8220;La pista ciclabile e&#8217; stata realizzata con un senso compiuto, cio\u00e8 un itinerario di collegamento col centro sportivo polivalente, cio\u00e8 il campo di calcio; un&#8217;opera gi\u00e0 ultimata.<br \/> C\u2019\u00e8 un unico handicap della pista: andava realizzato un attraversamento all&#8217;interno dell&#8217;ospedale&#8221;. <\/p>\n<p> <strong>Dottor Denovellis, qualcuno ha mai pensato a un impianto per l&#8217;illuminazione pubblica su questa strada? <\/strong><br \/> &#8220;Finch\u00e9 ho ricoperto l&#8217;incarico di Assessore ai lavori pubblici, si. Era stata proposta una gara di appalto per la pubblica illuminazione, da indire entro i limiti dei mesi di marzo o aprile 2009. Ma, a tutt&#8217;oggi ancora niente. Aggiungo, con sicurezza, che non si far\u00e0! Non capisco il motivo di queste decisioni, in quanto con gli stessi soldi poteva essere inserita anche la strada della pista ciclabile&#8221;.<\/p>\n<div align=\"justify\"><\/div>\n<p align=\"justify\"><strong>Quanto e&#8217; venuta a costare la pista ciclabile?<\/strong> <br \/> &#8220;Pressappoco 100 mila euro&#8221;.<\/p>\n<div align=\"justify\"><\/div>\n<p align=\"justify\"><strong>Soldi comunali? <\/strong><br \/> &#8220;No, non sono fondi comunali. Provenivano da progetti presentati dalla vecchia amministrazione&#8221;.<\/p>\n<div align=\"justify\"><\/div>\n<p><strong>Dottor Denovellis, la ringrazio per la sua gentile collaborazione anche a nome della testata giornalistica turiweb. <\/strong><br \/> &#8220;Prego&#8221;.<\/p>\n","protected":false},"excerpt":{"rendered":"<p><img loading=\"lazy\" decoding=\"async\" class=\" size-full wp-image-19\" height=\"156\" width=\"320\" src=\"https:\/\/archivioturi.lavocedelpaese.info\/wp-content\/uploads\/2009\/07\/articolo3turi.jpg\" alt=\"articolo3turi\" srcset=\"https:\/\/archivioturi.lavocedelpaese.info\/wp-content\/uploads\/2009\/07\/articolo3turi.jpg 410w, https:\/\/archivioturi.lavocedelpaese.info\/wp-content\/uploads\/2009\/07\/articolo3turi-300x146.jpg 300w\" sizes=\"auto, (max-width: 320px) 100vw, 320px\" \/> <\/p>\n","protected":false},"author":1,"featured_media":19,"comment_status":"open","ping_status":"closed","sticky":false,"template":"","format":"standard","meta":{"colormag_page_container_layout":"default_layout","colormag_page_sidebar_layout":"default_layout","footnotes":""},"categories":[4],"tags":[],"class_list":["post-20","post","type-post","status-publish","format-standard","has-post-thumbnail","hentry","category-politica"],"_links":{"self":[{"href":"https:\/\/archivioturi.lavocedelpaese.info\/index.php\/wp-json\/wp\/v2\/posts\/20","targetHints":{"allow":["GET"]}}],"collection":[{"href":"https:\/\/archivioturi.lavocedelpaese.info\/index.php\/wp-json\/wp\/v2\/posts"}],"about":[{"href":"https:\/\/archivioturi.lavocedelpaese.info\/index.php\/wp-json\/wp\/v2\/types\/post"}],"author":[{"embeddable":true,"href":"https:\/\/archivioturi.lavocedelpaese.info\/index.php\/wp-json\/wp\/v2\/users\/1"}],"replies":[{"embeddable":true,"href":"https:\/\/archivioturi.lavocedelpaese.info\/index.php\/wp-json\/wp\/v2\/comments?post=20"}],"version-history":[{"count":0,"href":"https:\/\/archivioturi.lavocedelpaese.info\/index.php\/wp-json\/wp\/v2\/posts\/20\/revisions"}],"wp:featuredmedia":[{"embeddable":true,"href":"https:\/\/archivioturi.lavocedelpaese.info\/index.php\/wp-json\/wp\/v2\/media\/19"}],"wp:attachment":[{"href":"https:\/\/archivioturi.lavocedelpaese.info\/index.php\/wp-json\/wp\/v2\/media?parent=20"}],"wp:term":[{"taxonomy":"category","embeddable":true,"href":"https:\/\/archivioturi.lavocedelpaese.info\/index.php\/wp-json\/wp\/v2\/categories?post=20"},{"taxonomy":"post_tag","embeddable":true,"href":"https:\/\/archivioturi.lavocedelpaese.info\/index.php\/wp-json\/wp\/v2\/tags?post=20"}],"curies":[{"name":"wp","href":"https:\/\/api.w.org\/{rel}","templated":true}]}}