{"id":194,"date":"2009-08-07T08:01:26","date_gmt":"2009-08-07T08:01:26","guid":{"rendered":"https:\/\/archivioturi.lavocedelpaese.info\/index.php\/2009\/08\/07\/le-vie-oronziane-al-via-tra-folklore-e-fede\/"},"modified":"2009-08-07T08:01:26","modified_gmt":"2009-08-07T08:01:26","slug":"le-vie-oronziane-al-via-tra-folklore-e-fede","status":"publish","type":"post","link":"https:\/\/archivioturi.lavocedelpaese.info\/index.php\/2009\/08\/07\/le-vie-oronziane-al-via-tra-folklore-e-fede\/","title":{"rendered":"LE VIE ORONZIANE AL VIA TRA FOLKLORE E FEDE"},"content":{"rendered":"<p><img loading=\"lazy\" decoding=\"async\" class=\" size-full wp-image-191\" alt=\"LE-VIE-ORONZIANE-cartolina-\" src=\"https:\/\/archivioturi.lavocedelpaese.info\/wp-content\/uploads\/2009\/08\/LE-VIE-ORONZIANE-cartolina-.jpg\" height=\"156\" width=\"320\" srcset=\"https:\/\/archivioturi.lavocedelpaese.info\/wp-content\/uploads\/2009\/08\/LE-VIE-ORONZIANE-cartolina-.jpg 410w, https:\/\/archivioturi.lavocedelpaese.info\/wp-content\/uploads\/2009\/08\/LE-VIE-ORONZIANE-cartolina--300x146.jpg 300w\" sizes=\"auto, (max-width: 320px) 100vw, 320px\" \/> <\/p>\n<div style=\"text-align: justify;\">Ieri 6 agosto \u00e8 stato presentato ufficialmente il programma delle attivit\u00e0 culturali previste lungo <strong>l&#8217;itinerario delle \u201cVie Oronziane\u201d. <\/strong><\/p>\n<p><strong>\u201cLa proposta<\/strong> \u00e8 il naturale completamento di studi gi\u00e0 condotti da esperti locali sul culto di Sant&#8217;Oronzo e sul Barocco e segna un ulteriore lavoro di approfondimento multidisciplinare\u201d ha dichiarato <strong>il Sindaco Gigantelli. <\/strong><\/p>\n<p>I risultati di questo studio, finanziato dal Comune di Turi, dalla Regione Puglia e dallo sponsor <strong>ClioCom di Lecce<\/strong>, sono volti a ricostruire il cammino del Santo, in fuga da Lecce e dalle persecuzioni romane. Un cammino di evangelizzazione attraverso le nostre terre, che ha portato nei secoli alla devozione e alle tradizioni che viviamo tutt&#8217;oggi. <\/p>\n<p><strong>\u201cLa prospettiva mediterranea<\/strong>&#8211; continua il Sindaco- costituisce una buona occasione per presentare un nuovo modo per accostarsi al culto di Sant&#8217;Oronzo&#8230; il percorso si configura come prodotto turistico del futuro Parco Culturale Comunale Protetto di Sant&#8217;Oronzo che intende valorizzare gli usi e costumi, le consuetudini e le attivit\u00e0 tradizionali della popolazione turese riferite alla festa in onore del Santo.\u201d<\/p>\n<p><strong>L&#8217;Assessore alla Cultura Tateo<\/strong>, quale referente del progetto, ha spiegato come le vie Oronziane si leghino saldamente ai secoli baroccheggianti, \u201cperch\u00e8 lo sviluppo del nostro patrimonio artistico, legato al Barocco, ha avuto il suo apice nello stesso periodo in cui si andava affermando il culto per il Santo.\u201d Obiettivo a lungo termine dell&#8217;iniziativa sar\u00e0 quello di \u201cinserire consapevolmente il comune di Turi tra le citt\u00e0 degne di essere annoverate per il turismo culturale e religioso.\u201d<\/div>\n<p><\/p>\n<p style=\"text-align: center;\"><img loading=\"lazy\" decoding=\"async\" class=\" size-full wp-image-192\" alt=\"le-vie-oronziane-conf-stamp\" src=\"https:\/\/archivioturi.lavocedelpaese.info\/wp-content\/uploads\/2009\/08\/le-vie-oronziane-conf-stamp.jpg\" height=\"427\" width=\"640\" srcset=\"https:\/\/archivioturi.lavocedelpaese.info\/wp-content\/uploads\/2009\/08\/le-vie-oronziane-conf-stamp.jpg 640w, https:\/\/archivioturi.lavocedelpaese.info\/wp-content\/uploads\/2009\/08\/le-vie-oronziane-conf-stamp-300x200.jpg 300w\" sizes=\"auto, (max-width: 640px) 100vw, 640px\" \/><\/p>\n<p><\/p>\n<div style=\"text-align: justify;\">Si tratta di un <strong>progetto di ampio respiro<\/strong>, che mischia musica, arte e folklore di secoli diversi, legati alla devozione per il nostro Santo. Oronzo, per\u00f2, va ricordato, \u00e8 prima di tutto patrimonio della fede cristiana, un giovane leccese che conobbe San Paolo, che dal suo ardore impar\u00f2 la buona novella, che mor\u00ec pur di testimoniarla. E&#8217; questo che lo rende \u201csanto\u201d, ed \u00e8 per questo che\u00a0 in qualche modo le sue vie si incrociano con le nostre vie, ancora oggi, in <strong>un legame che va oltre<\/strong> le tradizioni, oltre i\u00a0 fiori e i palloncini. <\/p>\n<p>E&#8217; stato in seguito distribuito il materiale informativo, cartoline e <strong>programma delle iniziative<\/strong> previste per agosto e per l&#8217;inizio della stagione autunnale.<\/div>\n<p><\/p>\n<p style=\"text-align: center;\"><img loading=\"lazy\" decoding=\"async\" class=\" size-full wp-image-193\" alt=\"le-vie-oronziane-brochure-i\" src=\"https:\/\/archivioturi.lavocedelpaese.info\/wp-content\/uploads\/2009\/08\/le-vie-oronziane-brochure-i.jpg\" height=\"696\" width=\"640\" srcset=\"https:\/\/archivioturi.lavocedelpaese.info\/wp-content\/uploads\/2009\/08\/le-vie-oronziane-brochure-i.jpg 640w, https:\/\/archivioturi.lavocedelpaese.info\/wp-content\/uploads\/2009\/08\/le-vie-oronziane-brochure-i-276x300.jpg 276w\" sizes=\"auto, (max-width: 640px) 100vw, 640px\" \/><\/p>\n<p style=\"text-align: left;\">Guarda anche:<a href=\"index.php?option=com_content&amp;view=article&amp;id=377;i-segni-di-santoronzo-nel-mediterraneo&amp;catid=17;attualita&amp;Itemid=14\" title=\"I SEGNI DI SANT'ORONZO NEL MEDITERRANEO\"> I SEGNI DI SANT&#8217;ORONZO NEL MEDITERRANEO<\/a><\/p>\n<ul>\n<\/ul>\n","protected":false},"excerpt":{"rendered":"<p><img loading=\"lazy\" decoding=\"async\" class=\" size-full wp-image-191\" alt=\"LE-VIE-ORONZIANE-cartolina-\" src=\"https:\/\/archivioturi.lavocedelpaese.info\/wp-content\/uploads\/2009\/08\/LE-VIE-ORONZIANE-cartolina-.jpg\" height=\"156\" width=\"320\" srcset=\"https:\/\/archivioturi.lavocedelpaese.info\/wp-content\/uploads\/2009\/08\/LE-VIE-ORONZIANE-cartolina-.jpg 410w, https:\/\/archivioturi.lavocedelpaese.info\/wp-content\/uploads\/2009\/08\/LE-VIE-ORONZIANE-cartolina--300x146.jpg 300w\" sizes=\"auto, (max-width: 320px) 100vw, 320px\" \/> <\/p>\n","protected":false},"author":1,"featured_media":191,"comment_status":"open","ping_status":"closed","sticky":false,"template":"","format":"standard","meta":{"colormag_page_container_layout":"default_layout","colormag_page_sidebar_layout":"default_layout","footnotes":""},"categories":[6],"tags":[],"class_list":["post-194","post","type-post","status-publish","format-standard","has-post-thumbnail","hentry","category-cultura"],"_links":{"self":[{"href":"https:\/\/archivioturi.lavocedelpaese.info\/index.php\/wp-json\/wp\/v2\/posts\/194","targetHints":{"allow":["GET"]}}],"collection":[{"href":"https:\/\/archivioturi.lavocedelpaese.info\/index.php\/wp-json\/wp\/v2\/posts"}],"about":[{"href":"https:\/\/archivioturi.lavocedelpaese.info\/index.php\/wp-json\/wp\/v2\/types\/post"}],"author":[{"embeddable":true,"href":"https:\/\/archivioturi.lavocedelpaese.info\/index.php\/wp-json\/wp\/v2\/users\/1"}],"replies":[{"embeddable":true,"href":"https:\/\/archivioturi.lavocedelpaese.info\/index.php\/wp-json\/wp\/v2\/comments?post=194"}],"version-history":[{"count":0,"href":"https:\/\/archivioturi.lavocedelpaese.info\/index.php\/wp-json\/wp\/v2\/posts\/194\/revisions"}],"wp:featuredmedia":[{"embeddable":true,"href":"https:\/\/archivioturi.lavocedelpaese.info\/index.php\/wp-json\/wp\/v2\/media\/191"}],"wp:attachment":[{"href":"https:\/\/archivioturi.lavocedelpaese.info\/index.php\/wp-json\/wp\/v2\/media?parent=194"}],"wp:term":[{"taxonomy":"category","embeddable":true,"href":"https:\/\/archivioturi.lavocedelpaese.info\/index.php\/wp-json\/wp\/v2\/categories?post=194"},{"taxonomy":"post_tag","embeddable":true,"href":"https:\/\/archivioturi.lavocedelpaese.info\/index.php\/wp-json\/wp\/v2\/tags?post=194"}],"curies":[{"name":"wp","href":"https:\/\/api.w.org\/{rel}","templated":true}]}}