{"id":1908,"date":"2010-04-20T09:49:30","date_gmt":"2010-04-20T09:49:30","guid":{"rendered":"https:\/\/archivioturi.lavocedelpaese.info\/index.php\/2010\/04\/20\/daddabb0-su-pug-boc-e-presunto-rimpasto\/"},"modified":"2010-04-20T09:49:30","modified_gmt":"2010-04-20T09:49:30","slug":"daddabb0-su-pug-boc-e-presunto-rimpasto","status":"publish","type":"post","link":"https:\/\/archivioturi.lavocedelpaese.info\/index.php\/2010\/04\/20\/daddabb0-su-pug-boc-e-presunto-rimpasto\/","title":{"rendered":"D&#8217;ADDABB0 SU PUG, BOC E PRESUNTO RIMPASTO"},"content":{"rendered":"<p><img loading=\"lazy\" decoding=\"async\" class=\" size-full wp-image-1907\" alt=\"IMG_3904provincia\" src=\"https:\/\/archivioturi.lavocedelpaese.info\/wp-content\/uploads\/2010\/04\/IMG_3904provincia.jpg\" width=\"320\" height=\"150\" srcset=\"https:\/\/archivioturi.lavocedelpaese.info\/wp-content\/uploads\/2010\/04\/IMG_3904provincia.jpg 640w, https:\/\/archivioturi.lavocedelpaese.info\/wp-content\/uploads\/2010\/04\/IMG_3904provincia-300x141.jpg 300w\" sizes=\"auto, (max-width: 320px) 100vw, 320px\" \/><\/p>\n<p style=\"text-align: justify;\"><span style=\"font-size: 10pt;\"><span style=\"font-family: verdana,geneva;\">\u201cSi sta montando un caso che ad oggi \u00e8 praticamente inesistente\u201d. A pochi giorni dall\u2019approvazione di bilancio, il vicesindaco <strong>Franco D\u2019Addabbo<\/strong>, in esclusiva su Turiweb, fa due conti, dice la sua su PUG (Piano Urbanistico Generale), BOC (Buoni obbligazionari comunali), spese correnti, presunte dimissioni di Boccardi da consigliere comunale e scenari futuri, sviluppi dell\u2019assetto amministrativo a Palazzo di Citt\u00e0.<\/span><\/span><\/p>\n<p style=\"text-align: justify;\"><span style=\"font-size: 10pt;\"><span style=\"font-family: verdana,geneva;\"><strong> <\/strong><\/span><\/span><\/p>\n<p style=\"text-align: justify;\"><span style=\"font-size: 10pt;\"><span style=\"font-family: verdana,geneva;\"><strong>Bilancio di previsione: qual <\/strong><strong>\u00e8<\/strong><strong> la situazione?<\/strong><\/span><\/span><\/p>\n<p style=\"text-align: justify;\"><span style=\"font-size: 10pt;\"><span style=\"font-family: verdana,geneva;\">\u201cCome ormai noto il bilancio del comune di Turi \u00e8 in una situazione di deficit strutturale alla quale si \u00e8 potuto ovviare, negli scorsi esercizi finanziari, destinando quota parte degli oneri di urbanizzazione al finanziamento della spesa corrente. A partire dal 2008, l&#8217;obiettivo di questa amministrazione \u00e8 stato quello di ridurre progressivamente detta quota operando un costante monitoraggio dei flussi finanziari e controllando la spesa. L&#8217;elaborazione del bilancio di previsione del 2010 continua nell&#8217;intento di utilizzare una minore quantit\u00e0 di oneri di urbanizzazione per finanziare la spesa corrente: al saldo negativo iniziale di <strong>800.000,00 \u20ac<\/strong> si far\u00e0 fronte con <strong>400.000,00 \u20ac rivenienti<\/strong> dagli oneri (159.000,00 \u20ac in meno rispetto ai 559.000,00 \u20ac stanziati nel 2009), 200.000,00 \u20ac dalla spesa corrente e 200.000,00 \u20ac da maggiori entrate per accertamenti ICI (Imposta Comunale sugli Immobili) e TARSU (Tassa smaltimento risfiuti solodi urbani). Come si vede , la situazione sta sensibilmente migliorando. L&#8217;obiettivo che ci eravamo posti all&#8217;inizio del nostro mandato (riportare il bilancio comunale in equilibrio entro il 2012, senza dover pi\u00f9 ricorrere ad &#8220;escamotages estemporanei&#8221;), riteniamo di poterlo raggiungere gi\u00e0 dall&#8217;esercizio finanziario del prossimo anno.\u201d.<\/span><\/span><\/p>\n<p style=\"text-align: justify;\"><span style=\"font-size: 10pt;\"><span style=\"font-family: verdana,geneva;\"><strong>Parlando di previsioni, si pensa alle filippiche catastrofiche di Ventrella sui Boc. Quali segnali si stanno <\/strong><strong>registrando?<\/strong><\/span><\/span><\/p>\n<p style=\"text-align: justify;\"><span style=\"font-size: 10pt;\"><span style=\"font-family: verdana,geneva;\">\u201cSui BOC non si pu\u00f2 fare nessuna previsione perch\u00e9 sono indissolubilmente legati alla fluttuazione dei tassi di interesse. Avendo contratto un mutuo a tasso variabile, capirete che la volatilit\u00e0 dei tassi stessi non permette assolutamente di fare nessun tipo di ipotesi. L&#8217;unica cosa che si pu\u00f2 con certezza registrare \u00e8 che l&#8217;operazione BOC ha indebitato il comune di Turi fino al 2025, avendo la passata amministrazione contratto un mutuo ventennale di circa 7.000.000 di euro, per estinguere anticipatamente i mutui in corso. Senza esprimere giudizi sulla bont\u00e0 di questa operazione, sta di fatto che l\u2019esposizione debitoria toglie ossigeno alle casse comunali in quanto la rata d&#8217;ammortamento annuale che il comune di Turi pagher\u00e0 fino alla scadenza del prestito si aggira mediamente intorno ai 680.000 euro.\u201d.<\/span><\/span><\/p>\n<p style=\"text-align: justify;\"><span style=\"font-size: 10pt;\"><span style=\"font-family: verdana,geneva;\"><strong>Se dovessero lievitare i tassi d&#8217;interesse, cosa accadrebbe al bilancio?<\/strong><\/span><\/span><\/p>\n<p style=\"text-align: justify;\"><span style=\"font-size: 10pt;\"><span style=\"font-family: verdana,geneva;\">\u201cDobbiamo sperare che i tassi d&#8217;interesse rimangano per molto tempo sugli attuali livelli. Nel momento in cui dovessero lievitare non accadrebbe niente di catastrofico, semplicemente si ridurrebbe ancor pi\u00f9 la gi\u00e0 scarsa possibilit\u00e0 di manovra che oggi abbiamo.<\/span><\/span><\/p>\n<p style=\"text-align: justify;\"><span style=\"font-size: 10pt;\"><span style=\"font-family: verdana,geneva;\"><strong> <\/strong><\/span><\/span><\/p>\n<p style=\"text-align: justify;\"><span style=\"font-size: 10pt;\"><span style=\"font-family: verdana,geneva;\"><strong>Veniamo al caso maggioranza, Minoia e Laera. Si parla di dimissioni di Boccardi da consigliere comunale. Facciamo un po&#8217; di chiarezza?<\/strong><\/span><\/span><\/p>\n<p style=\"text-align: justify;\"><span style=\"font-size: 10pt;\"><span style=\"font-family: verdana,geneva;\">\u201cNon c&#8217;\u00e8 da fare nessuna chiarezza. Michele Boccardi non ha ancora avuto la nomina ufficiale di consigliere regionale. Quando questo avverr\u00e0, mi auguro nel pi\u00f9 breve tempo possibile, prender\u00e0 con tutta serenit\u00e0 la decisione definitiva, vale a dire se lasciare o meno il consiglio comunale. Probabilmente si sta montando un caso che ad oggi \u00e8 praticamente inesistente. All&#8217;indomani della consultazione elettorale ho avuto il piacere di scambiare qualche opinione col consigliere Boccardi e francamente mi sembra che in questo momento la sua attenzione sia rivolta altrove.\u201d.<\/span><\/span><\/p>\n<p style=\"text-align: justify;\"><span style=\"font-size: 10pt;\"><span style=\"font-family: verdana,geneva;\"><strong>Di cosa avete parlato? La settimana scorsa<\/strong><strong> si <\/strong><strong>\u00e8<\/strong><strong> tenuto un incontro con il gruppo dei consiglieri regionali di <\/strong><strong>minoranza, e c&#8217;era anche Boccardi&#8230;<\/strong><\/span><\/span><\/p>\n<p style=\"text-align: justify;\"><span style=\"font-size: 10pt;\"><span style=\"font-family: verdana,geneva;\"><strong> <\/strong><\/span><\/span><\/p>\n<p style=\"text-align: justify;\"><span style=\"font-size: 10pt;\"><span style=\"font-family: verdana,geneva;\">&#8220;Abbiamo parlato degli assetti a livello regionale, di ipotesi futuribili, di come sar\u00e0 conformato il consiglio regionale e l&#8217;opposizione. Naturalmente mantenendoci sul vago, perch\u00e9 certezze a tuttora non se ne hanno. L&#8217;incontro con Palese e i consiglieri regionali di minoranza c&#8217;\u00e8 stato. Un incontro sereno, giusto per fare il punto della situazione dopo il voto. Si sono fatte ipotesi e possibili strade da percorrere per la costituzione di gruppi consiliari regionali, dal momento che ben tre liste collegate al candidato presidente Palese hanno espresso consiglieri. Ci sar\u00e0 sicuramente bisogno di un coordinamento per proporre un&#8217;opposizione ferma ma costruttiva e servir\u00e0 una guida autorevole e competente.\u201d.<\/span><\/span><\/p>\n<p style=\"text-align: justify;\"><span style=\"font-size: 10pt;\"><span style=\"font-family: verdana,geneva;\"><strong>L&#8217;approvazione del Pug <\/strong><strong>\u00e8<\/strong><strong> vicina?<\/strong><\/span><\/span><\/p>\n<p style=\"text-align: justify;\"><span style=\"font-size: 10pt;\"><span style=\"font-family: verdana,geneva;\">\u201cStiamo aspettando il parere definitivo da parte dell&#8217;Autorit\u00e0 di Bacino della Puglia e del Genio Civile. Pareri, questi, obbligatori e propedeutici all&#8217;adozione del PUG in Consiglio Comunale. Siamo ormai alle battute finali di questa vicenda che ci ha visto profondere ogni sforzo perch\u00e9 si raggiunga l&#8217;obiettivo il prima possibile. Turi ha veramente bisogno di uno strumento urbanistico flessibile, innovativo e al passo con i tempi, che disegni una citt\u00e0 a misura d&#8217;uomo, un&#8217;urbanistica al servizio della collettivit\u00e0, dopo che per molto tempo abbiamo tutti dovuto subire l&#8217;assenza di una normativa che regolamentasse, razionalizzandoli, tutti gli interventi edilizi sul nostro territorio.\u201d.<\/span><\/span><\/p>\n","protected":false},"excerpt":{"rendered":"<p><img loading=\"lazy\" decoding=\"async\" class=\" size-full wp-image-1907\" alt=\"IMG_3904provincia\" src=\"https:\/\/archivioturi.lavocedelpaese.info\/wp-content\/uploads\/2010\/04\/IMG_3904provincia.jpg\" width=\"320\" height=\"150\" srcset=\"https:\/\/archivioturi.lavocedelpaese.info\/wp-content\/uploads\/2010\/04\/IMG_3904provincia.jpg 640w, https:\/\/archivioturi.lavocedelpaese.info\/wp-content\/uploads\/2010\/04\/IMG_3904provincia-300x141.jpg 300w\" sizes=\"auto, (max-width: 320px) 100vw, 320px\" \/> <\/p>\n","protected":false},"author":1,"featured_media":1907,"comment_status":"open","ping_status":"closed","sticky":false,"template":"","format":"standard","meta":{"colormag_page_container_layout":"default_layout","colormag_page_sidebar_layout":"default_layout","footnotes":""},"categories":[4],"tags":[],"class_list":["post-1908","post","type-post","status-publish","format-standard","has-post-thumbnail","hentry","category-politica"],"_links":{"self":[{"href":"https:\/\/archivioturi.lavocedelpaese.info\/index.php\/wp-json\/wp\/v2\/posts\/1908","targetHints":{"allow":["GET"]}}],"collection":[{"href":"https:\/\/archivioturi.lavocedelpaese.info\/index.php\/wp-json\/wp\/v2\/posts"}],"about":[{"href":"https:\/\/archivioturi.lavocedelpaese.info\/index.php\/wp-json\/wp\/v2\/types\/post"}],"author":[{"embeddable":true,"href":"https:\/\/archivioturi.lavocedelpaese.info\/index.php\/wp-json\/wp\/v2\/users\/1"}],"replies":[{"embeddable":true,"href":"https:\/\/archivioturi.lavocedelpaese.info\/index.php\/wp-json\/wp\/v2\/comments?post=1908"}],"version-history":[{"count":0,"href":"https:\/\/archivioturi.lavocedelpaese.info\/index.php\/wp-json\/wp\/v2\/posts\/1908\/revisions"}],"wp:featuredmedia":[{"embeddable":true,"href":"https:\/\/archivioturi.lavocedelpaese.info\/index.php\/wp-json\/wp\/v2\/media\/1907"}],"wp:attachment":[{"href":"https:\/\/archivioturi.lavocedelpaese.info\/index.php\/wp-json\/wp\/v2\/media?parent=1908"}],"wp:term":[{"taxonomy":"category","embeddable":true,"href":"https:\/\/archivioturi.lavocedelpaese.info\/index.php\/wp-json\/wp\/v2\/categories?post=1908"},{"taxonomy":"post_tag","embeddable":true,"href":"https:\/\/archivioturi.lavocedelpaese.info\/index.php\/wp-json\/wp\/v2\/tags?post=1908"}],"curies":[{"name":"wp","href":"https:\/\/api.w.org\/{rel}","templated":true}]}}