{"id":1892,"date":"2010-04-16T19:25:13","date_gmt":"2010-04-16T19:25:13","guid":{"rendered":"https:\/\/archivioturi.lavocedelpaese.info\/index.php\/2010\/04\/16\/piove-ma-giuliani-rassicura-i-cerasicoltori\/"},"modified":"2010-04-16T19:25:13","modified_gmt":"2010-04-16T19:25:13","slug":"piove-ma-giuliani-rassicura-i-cerasicoltori","status":"publish","type":"post","link":"https:\/\/archivioturi.lavocedelpaese.info\/index.php\/2010\/04\/16\/piove-ma-giuliani-rassicura-i-cerasicoltori\/","title":{"rendered":"PIOVE, MA GIULIANI RASSICURA I CERASICOLTORI"},"content":{"rendered":"<p style=\"text-align: justify;\"><img loading=\"lazy\" decoding=\"async\" class=\" size-full wp-image-178\" alt=\"ciliegieferrovie1\" src=\"https:\/\/archivioturi.lavocedelpaese.info\/wp-content\/uploads\/2009\/08\/ciliegieferrovie1.jpg\" width=\"320\" height=\"150\" \/><\/p>\n<p style=\"text-align: justify;\"><span style=\"font-family: verdana,geneva;\"><span style=\"font-size: 10pt;\">Piove. Piove quando non deve piovere. A Turi questo \u00e8 un periodo \u2018sacro\u2019 e le tante giornate piovose che si susseguono stanno mettendo a dura prova l\u2019umore dei produttori di ciliegie, creando loro tensione e timori. La domanda che pi\u00f9 si sente in giro in questi giorni \u00e8: \u201c T\u00f9tte ch\u00e8ss\u2019 acque ce d\u00e0nne av\u00e0 f\u00e8 e\u2019 ger\u00e8se\u201d? Per saperne di pi\u00f9, abbiamo girato la domanda all\u2019 agronomo Donato Giuliani che, gentilmente, ci ha cos\u00ec risposto:<\/span><\/span><\/p>\n<div style=\"text-align: justify;\"><\/div>\n<p style=\"text-align: justify;\"><span style=\"font-family: verdana,geneva;\"><span style=\"font-size: 10pt;\">\u201cQuando piove molto e per parecchi giorni, il primo problema viene creato dal fatto che le api non lavorano. Il secondo problema \u00e8 legato all\u2019umidit\u00e0 e alla nebbia che fanno danni entrando nei fiori e bagnando il polline che non \u00e8 pi\u00f9 attivo e fertile, quindi non pi\u00f9 utilizzabile. Ma le due \u2013 tre giornate di caldo che ci sono state la scorsa settimana hanno fatto accelerare la fioritura e ci sono ormai le ciliegine fuori. Quindi, se danno ci sar\u00e0, riguarder\u00e0 solo le parti fredde, cio\u00e8 contrade verso Gioia del Colle e oltre Putignano.<\/span><\/span><\/p>\n<div style=\"text-align: justify;\"><\/div>\n<p style=\"text-align: justify;\"><span style=\"font-family: verdana,geneva;\"><span style=\"font-size: 10pt;\">Diventa indispensabile che ritorni il tempo buono per far s\u00ec che riprendano a lavorare le api e ricominci l\u2019impollinazione prima possibile. Dopo tutta quest\u2019acqua, nebbia e umidit\u00e0, ci si pu\u00f2 aspettare ora un attacco di \u2018monilia\u2019, ma baster\u00e0, appena torna il bel tempo, un altro trattamento anti-monilia e anche questo pericolo sar\u00e0 scongiurato.<\/span><\/span><\/p>\n<div style=\"text-align: justify;\"><\/div>\n<p style=\"text-align: justify;\"><span style=\"font-family: verdana,geneva;\"><span style=\"font-size: 10pt;\">Tutto sommato, se il maltempo e le nebbie cesseranno e se torner\u00e0 quanto prima il sole, diciamo agli agricoltori che grossi danni non ci dovrebbero essere.\u201d E intanto i cerasicoltori turesi guardano in cielo e incrociano le dita.<\/span><\/span><\/p>\n","protected":false},"excerpt":{"rendered":"<p style=\"text-align: justify;\"><img loading=\"lazy\" decoding=\"async\" class=\" size-full wp-image-178\" alt=\"ciliegieferrovie1\" src=\"https:\/\/archivioturi.lavocedelpaese.info\/wp-content\/uploads\/2009\/08\/ciliegieferrovie1.jpg\" width=\"320\" height=\"150\" \/><\/p>\n","protected":false},"author":1,"featured_media":178,"comment_status":"open","ping_status":"closed","sticky":false,"template":"","format":"standard","meta":{"colormag_page_container_layout":"default_layout","colormag_page_sidebar_layout":"default_layout","footnotes":""},"categories":[7],"tags":[],"class_list":["post-1892","post","type-post","status-publish","format-standard","has-post-thumbnail","hentry","category-attualita"],"_links":{"self":[{"href":"https:\/\/archivioturi.lavocedelpaese.info\/index.php\/wp-json\/wp\/v2\/posts\/1892","targetHints":{"allow":["GET"]}}],"collection":[{"href":"https:\/\/archivioturi.lavocedelpaese.info\/index.php\/wp-json\/wp\/v2\/posts"}],"about":[{"href":"https:\/\/archivioturi.lavocedelpaese.info\/index.php\/wp-json\/wp\/v2\/types\/post"}],"author":[{"embeddable":true,"href":"https:\/\/archivioturi.lavocedelpaese.info\/index.php\/wp-json\/wp\/v2\/users\/1"}],"replies":[{"embeddable":true,"href":"https:\/\/archivioturi.lavocedelpaese.info\/index.php\/wp-json\/wp\/v2\/comments?post=1892"}],"version-history":[{"count":0,"href":"https:\/\/archivioturi.lavocedelpaese.info\/index.php\/wp-json\/wp\/v2\/posts\/1892\/revisions"}],"wp:featuredmedia":[{"embeddable":true,"href":"https:\/\/archivioturi.lavocedelpaese.info\/index.php\/wp-json\/wp\/v2\/media\/178"}],"wp:attachment":[{"href":"https:\/\/archivioturi.lavocedelpaese.info\/index.php\/wp-json\/wp\/v2\/media?parent=1892"}],"wp:term":[{"taxonomy":"category","embeddable":true,"href":"https:\/\/archivioturi.lavocedelpaese.info\/index.php\/wp-json\/wp\/v2\/categories?post=1892"},{"taxonomy":"post_tag","embeddable":true,"href":"https:\/\/archivioturi.lavocedelpaese.info\/index.php\/wp-json\/wp\/v2\/tags?post=1892"}],"curies":[{"name":"wp","href":"https:\/\/api.w.org\/{rel}","templated":true}]}}