{"id":18750,"date":"2022-10-06T06:32:04","date_gmt":"2022-10-06T06:32:04","guid":{"rendered":"https:\/\/archivioturi.lavocedelpaese.info\/index.php\/2022\/10\/06\/un-nuovo-inizio-per-lo-juventus-club-turi\/"},"modified":"2022-10-06T06:32:04","modified_gmt":"2022-10-06T06:32:04","slug":"un-nuovo-inizio-per-lo-juventus-club-turi","status":"publish","type":"post","link":"https:\/\/archivioturi.lavocedelpaese.info\/index.php\/2022\/10\/06\/un-nuovo-inizio-per-lo-juventus-club-turi\/","title":{"rendered":"Un nuovo inizio per lo Juventus Club Turi"},"content":{"rendered":"<p><img loading=\"lazy\" decoding=\"async\" src=\"https:\/\/live.staticflickr.com\/65535\/52408429813_8729bd4de0_n.jpg\" alt=\"juve club (1)\" width=\"320\" height=\"240\" \/><\/p>\n<p style=\"text-align: center;\"><strong>Riapre, in una sede nuova di zecca, il club dei tifosi turesi della Juventus<\/strong><\/p>\n<p style=\"text-align: justify;\">Dedizione, spirito di sacrificio e perseveranza. Queste sono solo alcune delle qualit\u00e0 del coeso gruppo juventino turese, che finalmente, dopo due anni d\u2019inattivit\u00e0 a causa della pandemia e delle restrizioni, ha visto i suoi membri riabbracciarsi dal vivo, in una sede vera, mettendosi alle spalle chat e videochiamate di gruppo.<\/p>\n<p style=\"text-align: justify;\">Tutto ci\u00f2 \u00e8 avvenuto lo scorso 11 agosto, giorno in cui i soci dello \u201cJuventus Club Turi Giovanni e Umberto Agnelli\u201d, capitanati dal presidente Vincenzo Maggiolini, hanno inaugurato ufficialmente la nuova sede bianconera del club. <br \/>L\u2019evento si \u00e8 aperto con la benedizione del parroco don Giuseppe Dimaggio, proseguendo con il lungo discorso pieno di emozioni del presidente, che ha ringraziato tutti coloro che hanno contribuito alla riapertura, dai membri del direttivo, fino all\u2019ultimo (ma non meno importante) socio tesseratosi. Durante la serata \u00e8 stato riprodotto all\u2019interno del club un video inaugurale, nel quale si sono potuti notare anche gli sforzi che i membri del direttivo, pi\u00f9 alcuni soci volenterosi, hanno fatto durante i giorni caldi di giugno e luglio per sistemare al meglio la nuova sede. Infine, \u00e8 stato dato il via al buffet offerto a tutti i tifosi accorsi a festeggiare.<\/p>\n<p style=\"text-align: justify;\">Ai nostri microfoni si \u00e8 poi espresso, dopo un mesetto di attivit\u00e0, il presidente Vincenzo Maggiolini: \u00abQuest\u2019anno abbiamo avuto fortunatamente un aumento degli iscritti rispetto agli anni scorsi, con soci che hanno portato un vento di novit\u00e0 nel nostro club. Abbiamo avuto anche il piacere di espanderci all\u2019estero, poich\u00e9 alcuni lussemburghesi hanno deciso di tesserarsi con noi\u00bb. \u00abMolti dei nostri soci \u2013 ha continuato il presidente \u2013 erano presenti allo stadio alla prima di campionato, a testimonianza della voglia di riscatto che c\u2019\u00e8 quest\u2019anno. Naturalmente la campagna abbonamenti non \u00e8 ancora terminata, per chi vorr\u00e0 c\u2019\u00e8 ancora la possibilit\u00e0 di tesserarsi per far parte del nostro gruppo e aiutare il bel progetto che abbiamo riavviato\u00bb.<\/p>\n<p style=\"text-align: justify;\">Noi speriamo vivamente di aver lasciato alle spalle tutte le problematiche dovute al Covid e alla burocrazia. Burocrazia che purtroppo, anche senza pandemia, d\u00e0 gi\u00e0 le sue gatte da pelare a chiunque voglia aprire qualsiasi tipo di attivit\u00e0. Non possiamo fare altro quindi che fare i nostri auguri per la riapertura del club e un grosso in bocca al lupo per il prosieguo dell\u2019attivit\u00e0.<\/p>\n<p style=\"text-align: right;\"><strong>Dario Centore<\/strong><\/p>\n<p><img loading=\"lazy\" decoding=\"async\" src=\"https:\/\/live.staticflickr.com\/65535\/52407418832_6e127a3451_z.jpg\" alt=\"juve club (4)\" style=\"display: block; margin-left: auto; margin-right: auto;\" width=\"585\" height=\"640\" \/><\/p>\n<p><img loading=\"lazy\" decoding=\"async\" src=\"https:\/\/live.staticflickr.com\/65535\/52407918211_1715d1421c_z.jpg\" alt=\"juve club (3)\" style=\"display: block; margin-left: auto; margin-right: auto;\" width=\"640\" height=\"603\" \/><\/p>\n<p><img loading=\"lazy\" decoding=\"async\" src=\"https:\/\/live.staticflickr.com\/65535\/52408362800_53778fffd4_z.jpg\" alt=\"juve club (2)\" style=\"display: block; margin-left: auto; margin-right: auto;\" width=\"640\" height=\"480\" \/><\/p>\n","protected":false},"excerpt":{"rendered":"<p><img loading=\"lazy\" decoding=\"async\" src=\"https:\/\/live.staticflickr.com\/65535\/52408429813_8729bd4de0_n.jpg\" alt=\"juve club (1)\" width=\"320\" height=\"240\" \/><\/p>\n","protected":false},"author":1,"featured_media":0,"comment_status":"open","ping_status":"closed","sticky":false,"template":"","format":"standard","meta":{"colormag_page_container_layout":"default_layout","colormag_page_sidebar_layout":"default_layout","footnotes":""},"categories":[5],"tags":[],"class_list":["post-18750","post","type-post","status-publish","format-standard","hentry","category-sport"],"_links":{"self":[{"href":"https:\/\/archivioturi.lavocedelpaese.info\/index.php\/wp-json\/wp\/v2\/posts\/18750","targetHints":{"allow":["GET"]}}],"collection":[{"href":"https:\/\/archivioturi.lavocedelpaese.info\/index.php\/wp-json\/wp\/v2\/posts"}],"about":[{"href":"https:\/\/archivioturi.lavocedelpaese.info\/index.php\/wp-json\/wp\/v2\/types\/post"}],"author":[{"embeddable":true,"href":"https:\/\/archivioturi.lavocedelpaese.info\/index.php\/wp-json\/wp\/v2\/users\/1"}],"replies":[{"embeddable":true,"href":"https:\/\/archivioturi.lavocedelpaese.info\/index.php\/wp-json\/wp\/v2\/comments?post=18750"}],"version-history":[{"count":0,"href":"https:\/\/archivioturi.lavocedelpaese.info\/index.php\/wp-json\/wp\/v2\/posts\/18750\/revisions"}],"wp:attachment":[{"href":"https:\/\/archivioturi.lavocedelpaese.info\/index.php\/wp-json\/wp\/v2\/media?parent=18750"}],"wp:term":[{"taxonomy":"category","embeddable":true,"href":"https:\/\/archivioturi.lavocedelpaese.info\/index.php\/wp-json\/wp\/v2\/categories?post=18750"},{"taxonomy":"post_tag","embeddable":true,"href":"https:\/\/archivioturi.lavocedelpaese.info\/index.php\/wp-json\/wp\/v2\/tags?post=18750"}],"curies":[{"name":"wp","href":"https:\/\/api.w.org\/{rel}","templated":true}]}}